{"id":53552,"date":"2021-02-15T09:13:40","date_gmt":"2021-02-15T08:13:40","guid":{"rendered":"https:\/\/alzira.es\/nou-panell-informatiu-a-la-murta-2\/"},"modified":"2021-02-15T09:13:40","modified_gmt":"2021-02-15T08:13:40","slug":"nou-panell-informatiu-a-la-murta-2","status":"publish","type":"post","link":"https:\/\/alzira.es\/es\/nou-panell-informatiu-a-la-murta-2\/","title":{"rendered":"Nou panell informatiu a la Murta"},"content":{"rendered":"<h3><em>\u2022 L&#8217; Ajuntament d&#8217;Alzira instal\u00b7la en l&#8217;entrada del paratge un panell digital interactiu<\/em><\/h3>\n<p>L&#8217;ajuntament d&#8217;Alzira ha instal\u00b7lat un <strong>nou panell digital interactiu a l&#8217;entrada del paratge de La Murta<\/strong>. Una nova eina informativa per als usuaris, on actualment sols estar\u00e0 actiu el servei del control de l&#8217;aforament del paratge.<\/p>\n<p>A m\u00e9s, s&#8217;incorpora <strong>la vigil\u00e0ncia mitjan\u00e7ant c\u00e0meres a l&#8217;entrada amb gravacions durant 24\u202fh<\/strong>. per tal d&#8217;evitar el vandalisme en la mesura del possible. Este projecte ha tingut un<strong> cost de 17.561,86 \u20ac<\/strong>. i est\u00e0 subvencionat per la Diputaci\u00f3 de Valenci\u00e0 en un 80% del seu cost total.<\/p>\n<p>Per a un futur, \u00e9s pensa ampliar les funcions del panell amb la recollida de tota classe d&#8217;informaci\u00f3 referent al nostre municipi en l&#8217;\u00e0mbit patrimonial, cultural i d&#8217;oci. Tant el control actual com la ampliaci\u00f3 de suport d&#8217;informaci\u00f3 suposaran un servei significatiu i \u00fatil per gaudir del nostre terme i de la nostra vall m\u00e9s representativa.<\/p>\n<p>Per altra banda, \u00e9s importat destacar la situaci\u00f3 delicada que estem patint i la necessitat d&#8217;eixides a l&#8217;aire lliure, per\u00f2 tamb\u00e9 la de respectar i no saturar els nostres paratges naturals, per aix\u00f2 la posada en marxa d&#8217;aquest projecte. I a m\u00e9s a m\u00e9s, la futura incorporaci\u00f3 digitalitzada i en continua actualitzaci\u00f3 ser\u00e0 un servei m\u00e9s per a recuperar la vitalitat de la nostra ciutat.<\/p>\n<p style=\"text-align: center;\"><img fetchpriority=\"high\" decoding=\"async\" class=\" size-full wp-image-53547\" src=\"https:\/\/alzira.es\/wp-content\/uploads\/2021\/02\/panell_interacyiu_murta_ON_2.jpg\" alt=\"panell interacyiu murta ON 2\" width=\"600\" height=\"450\" srcset=\"https:\/\/alzira.es\/wp-content\/uploads\/2021\/02\/panell_interacyiu_murta_ON_2.jpg 1000w, https:\/\/alzira.es\/wp-content\/uploads\/2021\/02\/panell_interacyiu_murta_ON_2-680x510.jpg 680w, https:\/\/alzira.es\/wp-content\/uploads\/2021\/02\/panell_interacyiu_murta_ON_2-768x576.jpg 768w\" sizes=\"(max-width: 600px) 100vw, 600px\" \/>&nbsp;<img decoding=\"async\" class=\"size-full wp-image-53549 lazyload\" data-src=\"https:\/\/alzira.es\/wp-content\/uploads\/2021\/02\/panell_interacyiu_murta_OFF_1.jpg\" alt=\"panell interacyiu murta OFF 1\" width=\"300\" height=\"534\" data-srcset=\"https:\/\/alzira.es\/wp-content\/uploads\/2021\/02\/panell_interacyiu_murta_OFF_1.jpg 800w, https:\/\/alzira.es\/wp-content\/uploads\/2021\/02\/panell_interacyiu_murta_OFF_1-680x1210.jpg 680w, https:\/\/alzira.es\/wp-content\/uploads\/2021\/02\/panell_interacyiu_murta_OFF_1-603x1072.jpg 603w, https:\/\/alzira.es\/wp-content\/uploads\/2021\/02\/panell_interacyiu_murta_OFF_1-768x1366.jpg 768w\" data-sizes=\"(max-width: 300px) 100vw, 300px\" src=\"data:image\/svg+xml;base64,PHN2ZyB3aWR0aD0iMSIgaGVpZ2h0PSIxIiB4bWxucz0iaHR0cDovL3d3dy53My5vcmcvMjAwMC9zdmciPjwvc3ZnPg==\" style=\"--smush-placeholder-width: 300px; --smush-placeholder-aspect-ratio: 300\/534;\" \/><\/p>\n","protected":false},"excerpt":{"rendered":"<p>\u2022 L&#8217; Ajuntament d&#8217;Alzira instal\u00b7la en l&#8217;entrada del paratge un panell digital interactiu L&#8217;ajuntament d&#8217;Alzira ha instal\u00b7lat un nou panell digital interactiu a l&#8217;entrada del paratge de La Murta. Una nova eina informativa per als usuaris, on actualment sols estar\u00e0 actiu el servei del control de l&#8217;aforament del paratge. A m\u00e9s, s&#8217;incorpora la vigil\u00e0ncia mitjan\u00e7ant &hellip; <\/p>\n<p class=\"link-more\"><a href=\"https:\/\/alzira.es\/es\/nou-panell-informatiu-a-la-murta-2\/\" class=\"more-link\">Continuar leyendo<span class=\"screen-reader-text\"> \u00abNou panell informatiu a la Murta\u00bb<\/span><\/a><\/p>\n","protected":false},"author":29,"featured_media":53547,"comment_status":"","ping_status":"","sticky":false,"template":"","format":"standard","meta":{"_acf_changed":false,"footnotes":""},"categories":[],"tags":[],"class_list":["post-53552","post","type-post","status-publish","format-standard","has-post-thumbnail","hentry"],"acf":[],"_links":{"self":[{"href":"https:\/\/alzira.es\/es\/wp-json\/wp\/v2\/posts\/53552","targetHints":{"allow":["GET"]}}],"collection":[{"href":"https:\/\/alzira.es\/es\/wp-json\/wp\/v2\/posts"}],"about":[{"href":"https:\/\/alzira.es\/es\/wp-json\/wp\/v2\/types\/post"}],"author":[{"embeddable":true,"href":"https:\/\/alzira.es\/es\/wp-json\/wp\/v2\/users\/29"}],"replies":[{"embeddable":true,"href":"https:\/\/alzira.es\/es\/wp-json\/wp\/v2\/comments?post=53552"}],"version-history":[{"count":0,"href":"https:\/\/alzira.es\/es\/wp-json\/wp\/v2\/posts\/53552\/revisions"}],"wp:featuredmedia":[{"embeddable":true,"href":"https:\/\/alzira.es\/es\/wp-json\/wp\/v2\/media\/53547"}],"wp:attachment":[{"href":"https:\/\/alzira.es\/es\/wp-json\/wp\/v2\/media?parent=53552"}],"wp:term":[{"taxonomy":"category","embeddable":true,"href":"https:\/\/alzira.es\/es\/wp-json\/wp\/v2\/categories?post=53552"},{"taxonomy":"post_tag","embeddable":true,"href":"https:\/\/alzira.es\/es\/wp-json\/wp\/v2\/tags?post=53552"}],"curies":[{"name":"wp","href":"https:\/\/api.w.org\/{rel}","templated":true}]}}