{"id":53546,"date":"2021-02-12T12:18:59","date_gmt":"2021-02-12T11:18:59","guid":{"rendered":"https:\/\/alzira.es\/alzira-prorroga-les-mesures-locals-fins-a-l-1-de-marc-2\/"},"modified":"2021-02-12T12:18:59","modified_gmt":"2021-02-12T11:18:59","slug":"alzira-prorroga-les-mesures-locals-fins-a-l-1-de-marc-2","status":"publish","type":"post","link":"https:\/\/alzira.es\/es\/alzira-prorroga-les-mesures-locals-fins-a-l-1-de-marc-2\/","title":{"rendered":"Alzira prorroga les mesures locals fins a l\u20191 de mar\u00e7"},"content":{"rendered":"<h3><em>\u2022 La Generalitat anunciava ahir la pr\u00f2rroga de mesures auton\u00f2miques<\/em><\/h3>\n<p>L&#8217;ajuntament d&#8217;Alzira anuncia la pr\u00f2rroga de les mesures anunciades el passat 11 de gener per tal de fer front a la pand\u00e8mia i frenar el nombre de casos.<\/p>\n<p>D&#8217;esta manera,<strong> fins el pr\u00f2xim 1 de mar\u00e7 les mesures restrictives locals suposen<\/strong>:<\/p>\n<p style=\"margin-left: 30px;\">\u2022 Tancar els parcs, jardins i zones de joc infantils de la nostra ciutat.<br \/>\u2022 Tancar al p\u00fablic les depend\u00e8ncies municipals. Nom\u00e9s es podr\u00e0 acudir amb cita pr\u00e8via.<br \/>\u2022 Suspendre temporalment els tallers de joventut activitats culturals, d&#8217;oci, espectacles i joventut programades.<br \/>\u2022 La biblioteca nom\u00e9s oferir\u00e0 servei de pr\u00e9stec de llibres en horari ininterromput de <em>dilluns a divendres de 9 a 18 hores i dissabtes de 10 a 13.30 hores<\/em><br \/>\u2022 L&#8217;activitat acad\u00e8mica obligat\u00f2ria (<em>escoles i instituts i Escola d&#8217;Adults<\/em>), continua amb normalitat.<\/p>\n<p>A m\u00e9s cal tindre en compte que <strong>la Generalitat Valenciana tamb\u00e9 anunciava ahir la pr\u00f3rroga de les mesures establertes fins l&#8217;1 de mar\u00e7<\/strong><\/p>\n<p style=\"margin-left: 30px;\">\u2022 \u00das de mascareta obligatori quan es fa esport al nucli poblacional, tant al carrer com a les zones verdes<br \/>\u2022 Obligatori l&#8217;\u00fas de mascareta per a passejar o fer esport a les platges urbanes.<br \/>\u2022 En espais d&#8217;\u00fas p\u00fablic, perman\u00e8ncia de grups que no supere les dos persones, llevat que es tracte de persones convivents<br \/>\u2022 En domicilis i espais d&#8217;\u00fas privat, tant a l&#8217;interior com l&#8217;exterior, es permeten \u00fanicament les reunions familiars i socials de persones que pertanyen al mateix nucli o grup de conviv\u00e8ncia.<br \/>\u2022 S&#8217;exceptuen, les activitats no professionals relacionades amb la crian\u00e7a i les cures. Tamb\u00e9 s&#8217;exceptuen les reunions de persones amb vincle matrimonial o de parella que viuen en domicilis diferents, o de les persones que viuen soles, que podran formar part d&#8217;una altra \u00fanica unitat de conviv\u00e8ncia.<br \/>\u2022 No estan incloses en les limitacions les activitats laborals, les institucionals, les de transport i les dels centres docents.<br \/>\u2022 Es prorroga, fins a les <em>23.59 hores de l&#8217;1 de mar\u00e7 de 2021<\/em>, les limitacions a l&#8217;entrada i l&#8217;eixida de la Comunitat Valenciana.<br \/>\u2022 Addicionalment, des de les <em>15.00 hores del divendres fins a les 06.00 hores del dilluns<\/em>, i <em>des de les 15.00 hores de la vesprada dels dies festius fins a les 15.00 de l&#8217;endem\u00e0 al festiu<\/em>, queda limitada l&#8217;entrada i eixida de persones dels termes municipals dels municipis i grups de municipis amb poblaci\u00f3 superior a <em>50.000 habitants<\/em>. Aquestes ciutats s\u00f3n Val\u00e8ncia, Alacant, Elx, Castell\u00f3 de la Plana, Torrevieja, Torrent, Orihuela, Gandia, Paterna, Benidorm, Sagunt, Alcoi, Sant Vicent del Raspeig, Elda-Petrer, i Vila-real.<br \/>\u2022 Tancament de tota l&#8217;hostaleria de la Comunitat Valenciana. Nom\u00e9s es permetr\u00e0 el servei de menjar per a emportar, siga distribu\u00eft al local o per repartidors.<br \/>\u2022 Tancament del comer\u00e7 a partir de les <em>18 h de la vesprada<\/em> a excepci\u00f3 els establiments d&#8217;alimentaci\u00f3, farm\u00e0cies i els essencials.<br \/>\u2022 Tancament de totes les instal\u00b7lacions esportives, excepte les destinades a entrenament i competicions de nivell nacional i internacional.<\/p>\n<p style=\"margin-left: 30px; text-align: center;\"><img fetchpriority=\"high\" decoding=\"async\" class=\" size-full wp-image-53359\" src=\"https:\/\/alzira.es\/wp-content\/uploads\/2021\/01\/PRORROGA_MESURES_LOCALS.jpg\" alt=\"PRORROGA MESURES LOCALS\" width=\"800\" height=\"800\" srcset=\"https:\/\/alzira.es\/wp-content\/uploads\/2021\/01\/PRORROGA_MESURES_LOCALS.jpg 1000w, https:\/\/alzira.es\/wp-content\/uploads\/2021\/01\/PRORROGA_MESURES_LOCALS-680x680.jpg 680w, https:\/\/alzira.es\/wp-content\/uploads\/2021\/01\/PRORROGA_MESURES_LOCALS-350x350.jpg 350w, https:\/\/alzira.es\/wp-content\/uploads\/2021\/01\/PRORROGA_MESURES_LOCALS-768x768.jpg 768w, https:\/\/alzira.es\/wp-content\/uploads\/2021\/01\/PRORROGA_MESURES_LOCALS-300x300.jpg 300w, https:\/\/alzira.es\/wp-content\/uploads\/2021\/01\/PRORROGA_MESURES_LOCALS-100x100.jpg 100w\" sizes=\"(max-width: 706px) 89vw, (max-width: 767px) 82vw, 740px\" \/><\/p>\n","protected":false},"excerpt":{"rendered":"<p>\u2022 La Generalitat anunciava ahir la pr\u00f2rroga de mesures auton\u00f2miques L&#8217;ajuntament d&#8217;Alzira anuncia la pr\u00f2rroga de les mesures anunciades el passat 11 de gener per tal de fer front a la pand\u00e8mia i frenar el nombre de casos. D&#8217;esta manera, fins el pr\u00f2xim 1 de mar\u00e7 les mesures restrictives locals suposen: \u2022 Tancar els parcs, &hellip; <\/p>\n<p class=\"link-more\"><a href=\"https:\/\/alzira.es\/es\/alzira-prorroga-les-mesures-locals-fins-a-l-1-de-marc-2\/\" class=\"more-link\">Continuar leyendo<span class=\"screen-reader-text\"> \u00abAlzira prorroga les mesures locals fins a l\u20191 de mar\u00e7\u00bb<\/span><\/a><\/p>\n","protected":false},"author":29,"featured_media":53359,"comment_status":"","ping_status":"","sticky":false,"template":"","format":"standard","meta":{"_acf_changed":false,"footnotes":""},"categories":[],"tags":[],"class_list":["post-53546","post","type-post","status-publish","format-standard","has-post-thumbnail","hentry"],"acf":[],"_links":{"self":[{"href":"https:\/\/alzira.es\/es\/wp-json\/wp\/v2\/posts\/53546","targetHints":{"allow":["GET"]}}],"collection":[{"href":"https:\/\/alzira.es\/es\/wp-json\/wp\/v2\/posts"}],"about":[{"href":"https:\/\/alzira.es\/es\/wp-json\/wp\/v2\/types\/post"}],"author":[{"embeddable":true,"href":"https:\/\/alzira.es\/es\/wp-json\/wp\/v2\/users\/29"}],"replies":[{"embeddable":true,"href":"https:\/\/alzira.es\/es\/wp-json\/wp\/v2\/comments?post=53546"}],"version-history":[{"count":0,"href":"https:\/\/alzira.es\/es\/wp-json\/wp\/v2\/posts\/53546\/revisions"}],"wp:featuredmedia":[{"embeddable":true,"href":"https:\/\/alzira.es\/es\/wp-json\/wp\/v2\/media\/53359"}],"wp:attachment":[{"href":"https:\/\/alzira.es\/es\/wp-json\/wp\/v2\/media?parent=53546"}],"wp:term":[{"taxonomy":"category","embeddable":true,"href":"https:\/\/alzira.es\/es\/wp-json\/wp\/v2\/categories?post=53546"},{"taxonomy":"post_tag","embeddable":true,"href":"https:\/\/alzira.es\/es\/wp-json\/wp\/v2\/tags?post=53546"}],"curies":[{"name":"wp","href":"https:\/\/api.w.org\/{rel}","templated":true}]}}