{"id":53543,"date":"2021-02-12T12:06:50","date_gmt":"2021-02-12T11:06:50","guid":{"rendered":"https:\/\/alzira.es\/alzira-rellanca-la-campanya-del-bar-a-casa\/"},"modified":"2021-02-12T12:06:50","modified_gmt":"2021-02-12T11:06:50","slug":"alzira-rellanca-la-campanya-del-bar-a-casa","status":"publish","type":"post","link":"https:\/\/alzira.es\/es\/alzira-rellanca-la-campanya-del-bar-a-casa\/","title":{"rendered":"Alzira relanza la campa\u00f1a Del bar a casa"},"content":{"rendered":"<h3 style=\"text-align: left;\"><em>\u2022 El Ayuntamiento facilitar\u00e1 el reparto a domicilio de los pedidos<\/em><\/h3>\n<p>Desde <strong><span style=\"color: #b22222;\">el Ayuntamiento de Alzira<\/span><\/strong> se da un paso m\u00e1s para apoyar a la hosteler\u00eda alcire\u00f1a y <strong>desde hoy se ofrece a los bares y restaurantes<\/strong> que as\u00ed lo desean, <strong>la posibilidad de hacer el reparto gratuito de sus pedidos.<\/strong><br \/>Se trata de un repartidor que recibir\u00e1 los encargos de los negocios y los repartir\u00e1 a los clientes haciendo uso de una moto el\u00e9ctrica y sin que suponga ning\u00fan coste para los hostaleros.<\/p>\n<p><em>\u00abCon esta iniciativa apoyamos a la campa\u00f1a que comenzamos el pasado mes de marzo, <strong>Del Bar a Casa<\/strong>, que se puso en marcha para incentivar el consumo a los bares, cafeter\u00edas y restaurantes de nuestra ciudad y adaptarse a las restricciones de la pandemia\u00bb<\/em><\/p>\n<p>La campa\u00f1a consiste a un <span style=\"text-decoration: underline;\"><strong><span style=\"color: #b22222;\"><a href=\"https:\/\/alzira.portaldelcomerciante.com\/es\/noticia\/view\/del-bar-casa\" target=\"_blank\" rel=\"noopener\"><span style=\"color: #b22222; text-decoration: underline;\">directorio<\/span><\/a><\/span><\/strong><\/span> que se puede consultar en el portal de comercio donde se puede encontrar las diversas opciones disponibles tanto para comida para llevar a casa como los negocios que hacen reparto a domicilio.<\/p>\n<p>Adem\u00e1s desde el departamento de Comercio municipal se trabaja para actualizar e incluir nuevas propuestas en este listado, de forma que los locales interesados en participar en este directorio pueden hacerlo rellenando un formulario <span style=\"text-decoration: underline;\"><span style=\"color: #b22222;\"><strong><a href=\"https:\/\/docs.google.com\/forms\/d\/e\/1FAIpQLSfEfIW1zfpWVqxpBWZ-07d9a0B8FzPql7F3R514dHA3kcf1Qw\/viewform\" target=\"_blank\" rel=\"noopener\"><span style=\"color: #b22222; text-decoration: underline;\">aqu\u00ed<\/span><\/a><\/strong><\/span><\/span><\/p>\n<p>Por el momento se ofrecen los datos de contacto y enlace a los perfiles de m\u00e1s de 30 establecimientos, a los que los clientes pueden hacer sus pedidos.<\/p>\n<p><span style=\"text-decoration: underline;\"><strong>HORARIOS DE ATENCI\u00d3N<\/strong><\/span><\/p>\n<p style=\"margin-left: 30px;\">Respecto a<strong> las nuevas medidas restrictivas que suponen el toque de queda a las 22 horas<\/strong>, se ha llevado a cabo una consulta para aclarar las condiciones de recogida y reparto:<\/p>\n<p style=\"margin-left: 30px;\">\u2022 Los clientes de los establecimientos que ofrecen comida para llevar puede recoger sus pedidos hasta las 22 horas.<br \/>\u2022 En cuanto al servicio de reparto a domicilio por parte del establecimiento de hosteler\u00eda y restauraci\u00f3n, est\u00e1 permitido hasta el horario habitual de cierre autorizado para ese negocio, independientemente del horario del toque de queda.<\/p>\n<p style=\"margin-left: 30px;\">\u2022 Los trabajadores del sector de entrega de comida a domicilio, que ofrecen un servicio durante la vigencia de restricci\u00f3n de movilidad, hace falta que vayan debidamente identificados con certificado o justificante de la empresa que acredite que est\u00e1 llevando a cabo tareas de reparto.<\/p>\n<p style=\"text-align: center;\"><img fetchpriority=\"high\" decoding=\"async\" width=\"1200\" height=\"860\" class=\" size-full wp-image-53541\" src=\"https:\/\/alzira.es\/wp-content\/uploads\/2021\/02\/12022021_Repartiment_bars.jpg\" alt=\"12022021 Repartiment bars\" srcset=\"https:\/\/alzira.es\/wp-content\/uploads\/2021\/02\/12022021_Repartiment_bars.jpg 1200w, https:\/\/alzira.es\/wp-content\/uploads\/2021\/02\/12022021_Repartiment_bars-680x487.jpg 680w, https:\/\/alzira.es\/wp-content\/uploads\/2021\/02\/12022021_Repartiment_bars-768x550.jpg 768w\" sizes=\"(max-width: 706px) 89vw, (max-width: 767px) 82vw, 740px\" \/><\/p>\n","protected":false},"excerpt":{"rendered":"<p>\u2022 El Ayuntamiento facilitar\u00e1 el reparto a domicilio de los pedidos Desde el Ayuntamiento de Alzira se da un paso m\u00e1s para apoyar a la hosteler\u00eda alcire\u00f1a y desde hoy se ofrece a los bares y restaurantes que as\u00ed lo desean, la posibilidad de hacer el reparto gratuito de sus pedidos.Se trata de un repartidor &hellip; <\/p>\n<p class=\"link-more\"><a href=\"https:\/\/alzira.es\/es\/alzira-rellanca-la-campanya-del-bar-a-casa\/\" class=\"more-link\">Continuar leyendo<span class=\"screen-reader-text\"> \u00abAlzira relanza la campa\u00f1a Del bar a casa\u00bb<\/span><\/a><\/p>\n","protected":false},"author":29,"featured_media":53541,"comment_status":"","ping_status":"","sticky":false,"template":"","format":"standard","meta":{"_acf_changed":false,"footnotes":""},"categories":[4936],"tags":[],"class_list":["post-53543","post","type-post","status-publish","format-standard","has-post-thumbnail","hentry","category-hemeroteca-es"],"acf":[],"_links":{"self":[{"href":"https:\/\/alzira.es\/es\/wp-json\/wp\/v2\/posts\/53543","targetHints":{"allow":["GET"]}}],"collection":[{"href":"https:\/\/alzira.es\/es\/wp-json\/wp\/v2\/posts"}],"about":[{"href":"https:\/\/alzira.es\/es\/wp-json\/wp\/v2\/types\/post"}],"author":[{"embeddable":true,"href":"https:\/\/alzira.es\/es\/wp-json\/wp\/v2\/users\/29"}],"replies":[{"embeddable":true,"href":"https:\/\/alzira.es\/es\/wp-json\/wp\/v2\/comments?post=53543"}],"version-history":[{"count":0,"href":"https:\/\/alzira.es\/es\/wp-json\/wp\/v2\/posts\/53543\/revisions"}],"wp:featuredmedia":[{"embeddable":true,"href":"https:\/\/alzira.es\/es\/wp-json\/wp\/v2\/media\/53541"}],"wp:attachment":[{"href":"https:\/\/alzira.es\/es\/wp-json\/wp\/v2\/media?parent=53543"}],"wp:term":[{"taxonomy":"category","embeddable":true,"href":"https:\/\/alzira.es\/es\/wp-json\/wp\/v2\/categories?post=53543"},{"taxonomy":"post_tag","embeddable":true,"href":"https:\/\/alzira.es\/es\/wp-json\/wp\/v2\/tags?post=53543"}],"curies":[{"name":"wp","href":"https:\/\/api.w.org\/{rel}","templated":true}]}}