{"id":53540,"date":"2021-02-11T12:53:16","date_gmt":"2021-02-11T11:53:16","guid":{"rendered":"https:\/\/alzira.es\/es-rebaixa-la-incidencia-a-la-meitat-a-alzira-2\/"},"modified":"2021-02-11T12:53:16","modified_gmt":"2021-02-11T11:53:16","slug":"es-rebaixa-la-incidencia-a-la-meitat-a-alzira-2","status":"publish","type":"post","link":"https:\/\/alzira.es\/es\/es-rebaixa-la-incidencia-a-la-meitat-a-alzira-2\/","title":{"rendered":"Es rebaixa la incid\u00e8ncia a la meitat a Alzira"},"content":{"rendered":"<p><strong>Actualitzaci\u00f3 de dades COVID<\/strong><\/p>\n<h3><em>\u2022 Les xifres milloren despr\u00e9s de tres setmanes de mesures<\/em><\/h3>\n<p>Hui s&#8217;ha celebrat la reuni\u00f3 telem\u00e0tica setmanal amb els representants dels diferents municipis que integren el Departament de Salut de la Ribera. En els \u00faltims 7 dies, en Alzira hem passat <strong>de 1116 casos per cada 100.000 habitants a 608 casos. En total tenim 278 casos actius (510 a data 4 de febrer), en els \u00faltims tres dies 38 casos nous<\/strong>.<\/p>\n<p>Com cada dijous, han assistit la regidora de Sanitat de l&#8217;Ajuntament d&#8217;Alzira,<strong> Gemma Al\u00f3s<\/strong>, i l&#8217;alcalde, <strong>Diego G\u00f3mez<\/strong>, que ha assenyalat que, <em>\u00abamb esta baixada de casos, la pressi\u00f3 a l&#8217;Hospital de la Ribera s&#8217;ha redu\u00eft, per\u00f2 cal tindre en compte que la UCI s\u00ed que es troba en una situaci\u00f3 complicada, a m\u00e9s, ha insistit que en les pr\u00f2ximes setmanes hem de seguir treballant i respectant les mesures per tal d&#8217;aconseguir reduir l&#8217;\u00edndex d&#8217;incid\u00e8ncia fins a baixar els 250 casos per cada 100.000 habitants, i tornar als nivells de fa uns mesos\u00bb<\/em><\/p>\n<p>No obstant aix\u00f2, cal agrair a la tota poblaci\u00f3 l&#8217;esfor\u00e7 pel compliment de les mesures vigents, ja que \u00e9s cosa de totes i tots treballar de manera conjunta per a combatre la pand\u00e8mia, garantint el control i la disminuci\u00f3 dels contagis. Des de l&#8217;Ajuntament es continuar\u00e0 fent tot el possible per a aconseguir que la incid\u00e8ncia es redu\u00efsca i garantir la seguretat de la nostra ciutadania.<\/p>\n<p>Per la seua banda la regidora de Sanitat, <strong>Gemma Al\u00f3s<\/strong>, ha informat que el protocol de vacunaci\u00f3 continua amb normalitat,<em> \u00abs&#8217;ha posat ja la segona dosi de la vacuna a les resid\u00e8ncies de la ciutat i en el cas de Solimar, que havia quedat pendent de vacunaci\u00f3 a causa d&#8217;un brot, ja s&#8217;ha subministrat la primera de les dosis\u00bb<\/em><\/p>\n<p>D&#8217;altra banda, est\u00e0 previst que a partir de la setmana que ve es porte a terme la vacunaci\u00f3 dels Centres de dia i majors de 90 anys i probablement el seg\u00fcent grup del calendari de vacunaci\u00f3 seran els grans dependents.<\/p>\n<p>L&#8217;Ajuntament continua amb les mesures actives amb la finalitat de protegir la salut dels alzirenys i alzirenyes, i aix\u00ed ho far\u00e0 fins al pr\u00f2xim 15 de febrer, moment en qu\u00e8 les revisar\u00e0, igual que la Generalitat, que informar\u00e0 pr\u00f2ximament sobre la continu\u00eftat o canvi en l&#8217;\u00e0mbit auton\u00f2mic.<\/p>\n<p><strong>Mesures fins el 15 de febrer<\/strong><\/p>\n<p>\u2022 Grups que no superen les dos persones, llevat que es tracte de convivents<br \/>\u2022 En domicilis i espais privats, nom\u00e9s reunions familiars i socials del mateix nucli o grup de conviv\u00e8ncia.<br \/>\u2022 S&#8217;exceptuen, la crian\u00e7a i les cures, les reunions de persones amb vincle matrimonial o de parella que viuen en domicilis diferents, o de les persones que viuen soles, amb altra \u00fanica unitat de conviv\u00e8ncia .<br \/>\u2022 No estan incloses en les limitacions les activitats laborals, les institucionals, les de transport i les dels centres docents.<br \/>\u2022 Confinament perimetral de la Comunitat Valenciana.<br \/>\u2022 Addicionalment, des de les 15.00 hores del divendres fins a les 06.00 hores del dilluns, i des de les 15.00 hores de la vesprada dels dies festius fins a les 15.00 de l&#8217;endem\u00e0 al festiu, queda limitada l&#8217;entrada i eixida a municipis de m\u00e9s de 50.000 habitants: Val\u00e8ncia, Alacant, Elx, Castell\u00f3 de la Plana, Torrevieja, Torrent, Orihuela, Gandia, Paterna, Benidorm, Sagunt, Alcoi, Sant Vicent del Raspeig, Elda-Petrer, i Vila-real.<br \/>\u2022 Tancament de tota l&#8217;hostaleria. Nom\u00e9s es permetr\u00e0 el servei de menjar per a emportar, siga distribu\u00eft al local o per repartidors.<br \/>\u2022 Tancament del comer\u00e7 a partir de les 18 h de la vesprada.<br \/>\u2022 Tancament d&#8217;instal\u2022lacions esportives.<br \/>\u2022 Mascareta obligat\u00f2ria a partir de 6 anys en tot moment en la via p\u00fablica, en espais a l&#8217;aire lliure i en espais tancats d&#8217;\u00fas p\u00fablic o oberts al p\u00fablic, durant la pr\u00e0ctica d&#8217;activitat f\u00edsica.<br \/>\u2022 Tancar els parcs, jardins i zones de joc infantils de la nostra ciutat.<br \/>\u2022 Tancar al p\u00fablic depend\u00e8ncies municipals. Nom\u00e9s s&#8217;acudir\u00e0 amb cita pr\u00e8via.<br \/>\u2022 Suspendre activitats culturals, d&#8217;oci espectacles i joventut programades.<br \/>\u2022 La biblioteca municipal nom\u00e9s donar\u00e0 servei de pr\u00e9stec de llibres.<\/p>\n<p style=\"text-align: center;\"><img fetchpriority=\"high\" decoding=\"async\" class=\" size-full wp-image-53537\" src=\"https:\/\/alzira.es\/wp-content\/uploads\/2021\/02\/REUNIO_SALUT_PUBLICA.jpeg\" alt=\"REUNIO SALUT PUBLICA\" width=\"1000\" height=\"750\" srcset=\"https:\/\/alzira.es\/wp-content\/uploads\/2021\/02\/REUNIO_SALUT_PUBLICA.jpeg 1024w, https:\/\/alzira.es\/wp-content\/uploads\/2021\/02\/REUNIO_SALUT_PUBLICA-680x510.jpeg 680w, https:\/\/alzira.es\/wp-content\/uploads\/2021\/02\/REUNIO_SALUT_PUBLICA-768x576.jpeg 768w\" sizes=\"(max-width: 706px) 89vw, (max-width: 767px) 82vw, 740px\" \/><\/p>\n","protected":false},"excerpt":{"rendered":"<p>Actualitzaci\u00f3 de dades COVID \u2022 Les xifres milloren despr\u00e9s de tres setmanes de mesures Hui s&#8217;ha celebrat la reuni\u00f3 telem\u00e0tica setmanal amb els representants dels diferents municipis que integren el Departament de Salut de la Ribera. En els \u00faltims 7 dies, en Alzira hem passat de 1116 casos per cada 100.000 habitants a 608 casos. &hellip; <\/p>\n<p class=\"link-more\"><a href=\"https:\/\/alzira.es\/es\/es-rebaixa-la-incidencia-a-la-meitat-a-alzira-2\/\" class=\"more-link\">Continuar leyendo<span class=\"screen-reader-text\"> \u00abEs rebaixa la incid\u00e8ncia a la meitat a Alzira\u00bb<\/span><\/a><\/p>\n","protected":false},"author":29,"featured_media":53537,"comment_status":"","ping_status":"","sticky":false,"template":"","format":"standard","meta":{"_acf_changed":false,"footnotes":""},"categories":[],"tags":[],"class_list":["post-53540","post","type-post","status-publish","format-standard","has-post-thumbnail","hentry"],"acf":[],"_links":{"self":[{"href":"https:\/\/alzira.es\/es\/wp-json\/wp\/v2\/posts\/53540","targetHints":{"allow":["GET"]}}],"collection":[{"href":"https:\/\/alzira.es\/es\/wp-json\/wp\/v2\/posts"}],"about":[{"href":"https:\/\/alzira.es\/es\/wp-json\/wp\/v2\/types\/post"}],"author":[{"embeddable":true,"href":"https:\/\/alzira.es\/es\/wp-json\/wp\/v2\/users\/29"}],"replies":[{"embeddable":true,"href":"https:\/\/alzira.es\/es\/wp-json\/wp\/v2\/comments?post=53540"}],"version-history":[{"count":0,"href":"https:\/\/alzira.es\/es\/wp-json\/wp\/v2\/posts\/53540\/revisions"}],"wp:featuredmedia":[{"embeddable":true,"href":"https:\/\/alzira.es\/es\/wp-json\/wp\/v2\/media\/53537"}],"wp:attachment":[{"href":"https:\/\/alzira.es\/es\/wp-json\/wp\/v2\/media?parent=53540"}],"wp:term":[{"taxonomy":"category","embeddable":true,"href":"https:\/\/alzira.es\/es\/wp-json\/wp\/v2\/categories?post=53540"},{"taxonomy":"post_tag","embeddable":true,"href":"https:\/\/alzira.es\/es\/wp-json\/wp\/v2\/tags?post=53540"}],"curies":[{"name":"wp","href":"https:\/\/api.w.org\/{rel}","templated":true}]}}