{"id":53539,"date":"2021-02-11T12:53:16","date_gmt":"2021-02-11T11:53:16","guid":{"rendered":"https:\/\/alzira.es\/es-rebaixa-la-incidencia-a-la-meitat-a-alzira\/"},"modified":"2021-02-11T12:53:16","modified_gmt":"2021-02-11T11:53:16","slug":"es-rebaixa-la-incidencia-a-la-meitat-a-alzira","status":"publish","type":"post","link":"https:\/\/alzira.es\/es\/es-rebaixa-la-incidencia-a-la-meitat-a-alzira\/","title":{"rendered":"Se rebaja la incidencia a la mitad en Alzira"},"content":{"rendered":"<p><strong>Actualizaci\u00f3n de datos COVID<\/strong><\/p>\n<h3><em>\u2022 Las cifras mejoran despu\u00e9s de tres semanas de medidas<\/em><\/h3>\n<p>Hoy se ha celebrado la reuni\u00f3n telem\u00e1tica semanal con los representantes de los diferentes municipios que integran el Departamento de Salud de la Ribera. En los \u00faltimos 7 d\u00edas, en Alzira hemos pasado <strong>de 1116 casos por cada 100.000 habitantes a 608 casos. En total tenemos 278 casos activos (510 a fecha 4 de febrero), en los \u00faltimos tres d\u00edas 38 casos nuevos.<\/strong><\/p>\n<p>Como cada jueves, han asistido la regidora de Sanidad del Ayuntamiento de Alzira, <strong>Gemma Al\u00f3s<\/strong>, y el alcalde, <strong>Diego G\u00f3mez<\/strong>, que ha se\u00f1alado que, <em>\u00abcon esta bajada de casos, la presi\u00f3n en el Hospital de la Ribera se ha reducido, pero hay que tener en cuenta que la UCI s\u00ed que se encuentra en una situaci\u00f3n complicada, adem\u00e1s, ha insistido que en las pr\u00f3ximas semanas tenemos que seguir trabajando y respetando las medidas para conseguir reducir el \u00edndice de incidencia hasta bajar los 250 casos por cada 100.000 habitantes, y volver a los niveles de hace unos meses\u00bb.<\/em><\/p>\n<p>Sin embargo, hay que agradecer a toda la poblaci\u00f3n el esfuerzo por el cumplimiento de las medidas vigentes, puesto que es cosa de todas y todos trabajar de manera conjunta para combatir la pandemia, garantizando el control y la disminuci\u00f3n de los contagios. Desde el Ayuntamiento se continuar\u00e1 haciendo todo lo posible para conseguir que la incidencia se reduzca y garantizar la seguridad de nuestra ciudadan\u00eda.<\/p>\n<p>Por su parte la regidora de Sanidad, <strong>Gemma Al\u00f3s<\/strong>, ha informado que el protocolo de vacunaci\u00f3n contin\u00faa con normalidad, <em>\u00abse ha puesto ya la segunda dosis de la vacuna a las residencias de la ciudad y en el caso de Solimar, que hab\u00eda quedado pendiente de vacunaci\u00f3n a causa de un brote, ya se ha suministrado la primera de las dosis\u00bb<\/em><\/p>\n<p>Por otro lado, est\u00e1 previsto que a partir de la semana que viene se lleve a cabo la vacunaci\u00f3n de los Centros de d\u00eda y mayores de 90 a\u00f1os y probablemente el siguiente grupo del calendario de vacunaci\u00f3n ser\u00e1n los grandes dependientes.<\/p>\n<p>El Ayuntamiento contin\u00faa con las medidas activas con el fin de proteger la salud de los alcire\u00f1os y alcire\u00f1as, y as\u00ed lo har\u00e1 hasta el pr\u00f3ximo 15 de febrero, momento en que las revisar\u00e1, igual que la Generalitat, que informar\u00e1 pr\u00f3ximamente sobre la continuidad o cambio en el \u00e1mbito auton\u00f3mico.<\/p>\n<p><strong>Medidas hasta el 15 de febrero<\/strong><\/p>\n<p>\u2022 Grupos que no superan las dos personas, salvo que se trate de convivientes<br \/>\u2022 En domicilios y espacios privados, solo reuniones familiares y sociales del mismo n\u00facleo o grupo de convivencia.<br \/>\u2022 Se except\u00faan, la crianza y las curas, las reuniones de personas con v\u00ednculo matrimonial o de pareja que viven en domicilios diferentes, o de las personas que viven solas, con otra \u00fanica unidad de convivencia .<br \/>\u2022 No est\u00e1n incluidas en las limitaciones las actividades laborales, las institucionales, las de transporte y las de los centros docentes.<br \/>\u2022 Confinamiento perimetral de la Comunidad Valenciana.<br \/>\u2022 Adicionalmente, desde las 15.00 horas del viernes hasta las 06.00 horas del lunes, y desde las 15.00 horas de la tarde de los d\u00edas festivos hasta las 15.00 del d\u00eda siguiente al festivo, queda limitada la entrada y salida a municipios de m\u00e1s de 50.000 habitantes: Val\u00e8ncia, Alicante, Elche, Castell\u00f3 de la Plana, Torrevieja, Torrent, Orihuela, Gandia, Paterna, Benidorm, Sagunto, Alcoy, San Vicente del Raspeig, Elda-Petrer, y Vila-real.<br \/>\u2022 Cierre de toda la hosteler\u00eda. Solo se permitir\u00e1 el servicio de comida para llevar, sea distribuido al local o por repartidores.<br \/>\u2022 Cierre del comercio a partir de las 18 h de la tarde.<br \/>\u2022 Cierre de instalaciones deportivas.<br \/>\u2022 Mascarilla obligatoria a partir de 6 a\u00f1os en todo momento en la v\u00eda p\u00fablica, en espacios al aire libre y en espacios cerrados de uso p\u00fablico o abiertos al p\u00fablico, durante la pr\u00e1ctica de actividad f\u00edsica.<br \/>\u2022 Cerrar los parques, jardines y zonas de juego infantiles de nuestra ciudad.<br \/>\u2022 Cerrar al p\u00fablico dependencias municipales. Solo se acudir\u00e1 con cita previa.<br \/>\u2022 Suspender actividades culturales, de ocio espect\u00e1culos y juventud programadas.<br \/>\u2022 La biblioteca municipal solo dar\u00e1 servicio de pr\u00e9stamo de libros.<\/p>\n<p style=\"text-align: center;\"><img fetchpriority=\"high\" decoding=\"async\" class=\" size-full wp-image-53537\" src=\"https:\/\/alzira.es\/wp-content\/uploads\/2021\/02\/REUNIO_SALUT_PUBLICA.jpeg\" alt=\"REUNIO SALUT PUBLICA\" width=\"1000\" height=\"750\" srcset=\"https:\/\/alzira.es\/wp-content\/uploads\/2021\/02\/REUNIO_SALUT_PUBLICA.jpeg 1024w, https:\/\/alzira.es\/wp-content\/uploads\/2021\/02\/REUNIO_SALUT_PUBLICA-680x510.jpeg 680w, https:\/\/alzira.es\/wp-content\/uploads\/2021\/02\/REUNIO_SALUT_PUBLICA-768x576.jpeg 768w\" sizes=\"(max-width: 706px) 89vw, (max-width: 767px) 82vw, 740px\" \/><\/p>\n","protected":false},"excerpt":{"rendered":"<p>Actualizaci\u00f3n de datos COVID \u2022 Las cifras mejoran despu\u00e9s de tres semanas de medidas Hoy se ha celebrado la reuni\u00f3n telem\u00e1tica semanal con los representantes de los diferentes municipios que integran el Departamento de Salud de la Ribera. En los \u00faltimos 7 d\u00edas, en Alzira hemos pasado de 1116 casos por cada 100.000 habitantes a &hellip; <\/p>\n<p class=\"link-more\"><a href=\"https:\/\/alzira.es\/es\/es-rebaixa-la-incidencia-a-la-meitat-a-alzira\/\" class=\"more-link\">Continuar leyendo<span class=\"screen-reader-text\"> \u00abSe rebaja la incidencia a la mitad en Alzira\u00bb<\/span><\/a><\/p>\n","protected":false},"author":29,"featured_media":53537,"comment_status":"","ping_status":"","sticky":false,"template":"","format":"standard","meta":{"_acf_changed":false,"footnotes":""},"categories":[4936],"tags":[],"class_list":["post-53539","post","type-post","status-publish","format-standard","has-post-thumbnail","hentry","category-hemeroteca-es"],"acf":[],"_links":{"self":[{"href":"https:\/\/alzira.es\/es\/wp-json\/wp\/v2\/posts\/53539","targetHints":{"allow":["GET"]}}],"collection":[{"href":"https:\/\/alzira.es\/es\/wp-json\/wp\/v2\/posts"}],"about":[{"href":"https:\/\/alzira.es\/es\/wp-json\/wp\/v2\/types\/post"}],"author":[{"embeddable":true,"href":"https:\/\/alzira.es\/es\/wp-json\/wp\/v2\/users\/29"}],"replies":[{"embeddable":true,"href":"https:\/\/alzira.es\/es\/wp-json\/wp\/v2\/comments?post=53539"}],"version-history":[{"count":0,"href":"https:\/\/alzira.es\/es\/wp-json\/wp\/v2\/posts\/53539\/revisions"}],"wp:featuredmedia":[{"embeddable":true,"href":"https:\/\/alzira.es\/es\/wp-json\/wp\/v2\/media\/53537"}],"wp:attachment":[{"href":"https:\/\/alzira.es\/es\/wp-json\/wp\/v2\/media?parent=53539"}],"wp:term":[{"taxonomy":"category","embeddable":true,"href":"https:\/\/alzira.es\/es\/wp-json\/wp\/v2\/categories?post=53539"},{"taxonomy":"post_tag","embeddable":true,"href":"https:\/\/alzira.es\/es\/wp-json\/wp\/v2\/tags?post=53539"}],"curies":[{"name":"wp","href":"https:\/\/api.w.org\/{rel}","templated":true}]}}