{"id":53523,"date":"2021-02-10T13:20:33","date_gmt":"2021-02-10T12:20:33","guid":{"rendered":"https:\/\/alzira.es\/serveis-publics-i-policia-local-son-les-arees-mes-consultades-pels-alzirenys-i-alzirenyes-en-2020\/"},"modified":"2021-02-10T13:20:33","modified_gmt":"2021-02-10T12:20:33","slug":"serveis-publics-i-policia-local-son-les-arees-mes-consultades-pels-alzirenys-i-alzirenyes-en-2020","status":"publish","type":"post","link":"https:\/\/alzira.es\/es\/serveis-publics-i-policia-local-son-les-arees-mes-consultades-pels-alzirenys-i-alzirenyes-en-2020\/","title":{"rendered":"Servicios P\u00fablicos y Polic\u00eda Local son las \u00e1reas m\u00e1s consultadas por los alcire\u00f1os y alcire\u00f1as en 2020"},"content":{"rendered":"<p><strong>La Concejal\u00eda de Participaci\u00f3n Ciudadana<\/strong> ha hecho p\u00fablicos los datos estad\u00edsticos relativos a las consultas recibidas en el <strong>Buz\u00f3n de la Ciudadan\u00eda durante el a\u00f1o 2020<\/strong>, entre las cuales destaca que las respuestas dadas por el Ayuntamiento de Alzira han aumentado un 92%.<\/p>\n<p>C\u00f3mo en los \u00faltimos a\u00f1os, Servicios P\u00fablicos y Polic\u00eda Local son las \u00e1reas m\u00e1s consultadas. El \u00e1rea de Participaci\u00f3n Ciudadana ha incrementado de forma significativa su actividad, puesto que se han recibido muchas consultas que se han atendido directamente desde este departamento.<\/p>\n<p><strong>Gemma Al\u00f3s<\/strong>, regidora de Participaci\u00f3n Ciudadana, destaca que <em>\u00abla pandemia nos ha hecho cambiar nuestra forma de relacionarnos con la administraci\u00f3n municipal, dando prioridad a las consultas a trav\u00e9s del correo electr\u00f3nico\u00bb<\/em>. As\u00ed mismo, se muestra <em>\u00abmuy satisfecha con el trabajo llevado a cabo por el Departamento de Participaci\u00f3n, que ha conseguido aumentar de forma muy significativa las respuestas dadas a la ciudadan\u00eda\u00bb<\/em>.<\/p>\n<p>Los meses de abril y mayo, coincidiendo con el confinamiento domiciliario, son los que el Buz\u00f3n registra m\u00e1s actividad. La tem\u00e1tica ha variado a lo largo de los meses porque la ciudadan\u00eda ha utilizado esta v\u00eda para resolver dudas relacionadas con la pandemia y las medidas restrictivas impuestas tanto en el \u00e1mbito local como auton\u00f3mico y nacional.<\/p>\n<p><strong>El Buz\u00f3n de la Ciudadan\u00eda contin\u00faa disponible<\/strong> a la web del Ayuntamiento de Alzira para recibir preguntas, quejas o sugerencias dirigidas a cualquier departamento municipal.<\/p>\n<p>Puedes consultar el contenido completo de las consultas <strong><span style=\"color: #b22222; font-size: 14pt;\"><a href=\"index.php\/val\/encuestas-1\" target=\"_blank\" rel=\"noopener\"><span style=\"color: #b22222;\">aqu\u00ed<\/span><\/a><\/span><\/strong><\/p>\n<p style=\"text-align: center;\"><img fetchpriority=\"high\" decoding=\"async\" class=\" size-full wp-image-53521\" src=\"https:\/\/alzira.es\/wp-content\/uploads\/2021\/02\/AREES_MES_CONSULTADES.jpg\" alt=\"\u00c0REES M\u00c9S CONSULTADES\" width=\"1000\" height=\"749\" \/><\/p>\n","protected":false},"excerpt":{"rendered":"<p>La Concejal\u00eda de Participaci\u00f3n Ciudadana ha hecho p\u00fablicos los datos estad\u00edsticos relativos a las consultas recibidas en el Buz\u00f3n de la Ciudadan\u00eda durante el a\u00f1o 2020, entre las cuales destaca que las respuestas dadas por el Ayuntamiento de Alzira han aumentado un 92%. C\u00f3mo en los \u00faltimos a\u00f1os, Servicios P\u00fablicos y Polic\u00eda Local son las &hellip; <\/p>\n<p class=\"link-more\"><a href=\"https:\/\/alzira.es\/es\/serveis-publics-i-policia-local-son-les-arees-mes-consultades-pels-alzirenys-i-alzirenyes-en-2020\/\" class=\"more-link\">Continuar leyendo<span class=\"screen-reader-text\"> \u00abServicios P\u00fablicos y Polic\u00eda Local son las \u00e1reas m\u00e1s consultadas por los alcire\u00f1os y alcire\u00f1as en 2020\u00bb<\/span><\/a><\/p>\n","protected":false},"author":29,"featured_media":53521,"comment_status":"","ping_status":"","sticky":false,"template":"","format":"standard","meta":{"_acf_changed":false,"footnotes":""},"categories":[4936],"tags":[],"class_list":["post-53523","post","type-post","status-publish","format-standard","has-post-thumbnail","hentry","category-hemeroteca-es"],"acf":[],"_links":{"self":[{"href":"https:\/\/alzira.es\/es\/wp-json\/wp\/v2\/posts\/53523","targetHints":{"allow":["GET"]}}],"collection":[{"href":"https:\/\/alzira.es\/es\/wp-json\/wp\/v2\/posts"}],"about":[{"href":"https:\/\/alzira.es\/es\/wp-json\/wp\/v2\/types\/post"}],"author":[{"embeddable":true,"href":"https:\/\/alzira.es\/es\/wp-json\/wp\/v2\/users\/29"}],"replies":[{"embeddable":true,"href":"https:\/\/alzira.es\/es\/wp-json\/wp\/v2\/comments?post=53523"}],"version-history":[{"count":0,"href":"https:\/\/alzira.es\/es\/wp-json\/wp\/v2\/posts\/53523\/revisions"}],"wp:featuredmedia":[{"embeddable":true,"href":"https:\/\/alzira.es\/es\/wp-json\/wp\/v2\/media\/53521"}],"wp:attachment":[{"href":"https:\/\/alzira.es\/es\/wp-json\/wp\/v2\/media?parent=53523"}],"wp:term":[{"taxonomy":"category","embeddable":true,"href":"https:\/\/alzira.es\/es\/wp-json\/wp\/v2\/categories?post=53523"},{"taxonomy":"post_tag","embeddable":true,"href":"https:\/\/alzira.es\/es\/wp-json\/wp\/v2\/tags?post=53523"}],"curies":[{"name":"wp","href":"https:\/\/api.w.org\/{rel}","templated":true}]}}