{"id":53520,"date":"2021-02-09T14:30:32","date_gmt":"2021-02-09T13:30:32","guid":{"rendered":"https:\/\/alzira.es\/de-l-11-al-25-de-febrer-alzira-tramita-les-ajudes-del-pla-resistir-a-autonoms-i-microempreses-2\/"},"modified":"2021-02-09T14:30:32","modified_gmt":"2021-02-09T13:30:32","slug":"de-l-11-al-25-de-febrer-alzira-tramita-les-ajudes-del-pla-resistir-a-autonoms-i-microempreses-2","status":"publish","type":"post","link":"https:\/\/alzira.es\/es\/de-l-11-al-25-de-febrer-alzira-tramita-les-ajudes-del-pla-resistir-a-autonoms-i-microempreses-2\/","title":{"rendered":"De l\u201911 al 25 de febrer Alzira  tramita les ajudes del Pla Resistir a aut\u00f2noms i microempreses"},"content":{"rendered":"<h3>\u2022 Les sol\u00b7licituds han de fer-se a la seu electr\u00f2nica municipal<\/h3>\n<p><strong>La Junta de govern Local ha aprovat hui les bases per a la concessi\u00f3 d&#8217;ajudes Par\u00e8ntesi a aut\u00f2noms i microempreses incloses en el Pla Resistir<\/strong>. El termini de<strong> presentaci\u00f3 de sol\u00b7licituds comen\u00e7ar\u00e0 el dia 11 de febrer<\/strong> <strong>de 2021 a les 00 hores i finalitzar\u00e0 el dia 25 de febrer de 2021<\/strong> i caldr\u00e0 fer-ho mitjan\u00e7ant la seu electr\u00f2nica de l&#8217;Ajuntament accessible des de la p\u00e0gina principal de <strong><span style=\"color: #ff9900;\"><a href=\"index.php\/val\" target=\"_blank\" rel=\"noopener\"><span style=\"color: #ff9900;\">www.alzira.es<\/span><\/a><\/span><\/strong> i directe a<strong><a href=\"https:\/\/sedeelectronica.alzira.es\/alzira_vpm\/index.php\/val\/seu-electronica\" target=\"_blank\" rel=\"noopener\"><span style=\"color: #ff9900;\"> l&#8217;<\/span><span style=\"color: #ff9900;\">enlla\u00e7<\/span><\/a><\/strong><\/p>\n<p><em>\u00abHem fet el possible perqu\u00e8 estes ajudes estiguen disponibles per a la ciutadania quan abans millor ja que beneficien directament aut\u00f2noms o empreses de fins a 10 treballadors dels sectors que la Generalitat ha indicat com especialment afectats, cultura, turisme, hostaleria, venda ambulant&#8230; Es tracta d&#8217;un tr\u00e0mit senzill i la intenci\u00f3 \u00e9s poder comen\u00e7ar a pagar per transfer\u00e8ncia banc\u00e0ria, tan prompte com siga tramitada, per tal d&#8217;ajudar a recuperar estos sectors tan vitals per a la nostra ciutat. Seguim treballant tamb\u00e9 en m\u00e9s ajudes que es posaran en marxa pr\u00f2ximament per a anar avan\u00e7ant en la recuperaci\u00f3 econ\u00f2mica que necessita la nostra ciutat\u00bb<\/em> ha explicat l&#8217;alcalde,<strong> Diego G\u00f3mez<\/strong>.<\/p>\n<p>Les ajudes de Pla Resistir Ajuntaments, <strong>s\u00f3n compatibles amb altres subvencions<\/strong>, ajudes, ingressos o recursos procedents de qualssevol administraci\u00f3 o ens p\u00fablics o privats nacional, de la Uni\u00f3 Europea o d&#8217;organismes internacionals, i concedits per a la mateixa finalitat, dirigides a cobrir despeses corrents des d&#8217;abril de 2020, <strong>tenen una quantitat fixa de 2.000\u20ac<\/strong> <strong>per<\/strong> cada persona treballadora <strong>aut\u00f2noma o microempresa<\/strong> amb un m\u00e0xim de 10 persones treballadores i d&#8217;una quantitat fixa de <strong>200\u20ac per persona treballadora afiliada a la Seguretat Social<\/strong> a data 31 de desembre de 2020 d&#8217;aquestes microempreses i persones treballadores aut\u00f2nomes.<\/p>\n<p><strong><span style=\"color: #ff9900;\"><a href=\"https:\/\/alzira.es\/wp-content\/uploads\/2021\/02\/Convocatoria_ayudas_del_Plan_resistir.pdf\" target=\"_blank\" rel=\"noopener\"><span style=\"color: #ff9900;\">Enlla\u00e7 a les bases<\/span><\/a><\/span><\/strong><\/p>\n<p><img fetchpriority=\"high\" decoding=\"async\" class=\" size-full wp-image-53518\" style=\"display: block; margin-left: auto; margin-right: auto;\" src=\"https:\/\/alzira.es\/wp-content\/uploads\/2021\/02\/Resistir_ajuntament_1.jpeg\" alt=\"Resistir ajuntament 1\" width=\"500\" height=\"1439\" srcset=\"https:\/\/alzira.es\/wp-content\/uploads\/2021\/02\/Resistir_ajuntament_1.jpeg 556w, https:\/\/alzira.es\/wp-content\/uploads\/2021\/02\/Resistir_ajuntament_1-373x1072.jpeg 373w, https:\/\/alzira.es\/wp-content\/uploads\/2021\/02\/Resistir_ajuntament_1-534x1536.jpeg 534w\" sizes=\"(max-width: 500px) 100vw, 500px\" \/><\/p>\n","protected":false},"excerpt":{"rendered":"<p>\u2022 Les sol\u00b7licituds han de fer-se a la seu electr\u00f2nica municipal La Junta de govern Local ha aprovat hui les bases per a la concessi\u00f3 d&#8217;ajudes Par\u00e8ntesi a aut\u00f2noms i microempreses incloses en el Pla Resistir. El termini de presentaci\u00f3 de sol\u00b7licituds comen\u00e7ar\u00e0 el dia 11 de febrer de 2021 a les 00 hores i &hellip; <\/p>\n<p class=\"link-more\"><a href=\"https:\/\/alzira.es\/es\/de-l-11-al-25-de-febrer-alzira-tramita-les-ajudes-del-pla-resistir-a-autonoms-i-microempreses-2\/\" class=\"more-link\">Continuar leyendo<span class=\"screen-reader-text\"> \u00abDe l\u201911 al 25 de febrer Alzira  tramita les ajudes del Pla Resistir a aut\u00f2noms i microempreses\u00bb<\/span><\/a><\/p>\n","protected":false},"author":29,"featured_media":0,"comment_status":"","ping_status":"","sticky":false,"template":"","format":"standard","meta":{"_acf_changed":false,"footnotes":""},"categories":[],"tags":[],"class_list":["post-53520","post","type-post","status-publish","format-standard","hentry"],"acf":[],"_links":{"self":[{"href":"https:\/\/alzira.es\/es\/wp-json\/wp\/v2\/posts\/53520","targetHints":{"allow":["GET"]}}],"collection":[{"href":"https:\/\/alzira.es\/es\/wp-json\/wp\/v2\/posts"}],"about":[{"href":"https:\/\/alzira.es\/es\/wp-json\/wp\/v2\/types\/post"}],"author":[{"embeddable":true,"href":"https:\/\/alzira.es\/es\/wp-json\/wp\/v2\/users\/29"}],"replies":[{"embeddable":true,"href":"https:\/\/alzira.es\/es\/wp-json\/wp\/v2\/comments?post=53520"}],"version-history":[{"count":0,"href":"https:\/\/alzira.es\/es\/wp-json\/wp\/v2\/posts\/53520\/revisions"}],"wp:attachment":[{"href":"https:\/\/alzira.es\/es\/wp-json\/wp\/v2\/media?parent=53520"}],"wp:term":[{"taxonomy":"category","embeddable":true,"href":"https:\/\/alzira.es\/es\/wp-json\/wp\/v2\/categories?post=53520"},{"taxonomy":"post_tag","embeddable":true,"href":"https:\/\/alzira.es\/es\/wp-json\/wp\/v2\/tags?post=53520"}],"curies":[{"name":"wp","href":"https:\/\/api.w.org\/{rel}","templated":true}]}}