{"id":53517,"date":"2021-02-09T14:30:32","date_gmt":"2021-02-09T13:30:32","guid":{"rendered":"https:\/\/alzira.es\/de-l-11-al-25-de-febrer-alzira-tramita-les-ajudes-del-pla-resistir-a-autonoms-i-microempreses\/"},"modified":"2021-02-09T14:30:32","modified_gmt":"2021-02-09T13:30:32","slug":"de-l-11-al-25-de-febrer-alzira-tramita-les-ajudes-del-pla-resistir-a-autonoms-i-microempreses","status":"publish","type":"post","link":"https:\/\/alzira.es\/es\/de-l-11-al-25-de-febrer-alzira-tramita-les-ajudes-del-pla-resistir-a-autonoms-i-microempreses\/","title":{"rendered":"Del 11 al 25 de febrero Alzira tramita las ayudas del Plan Resistir a aut\u00f3nomos y microempresas"},"content":{"rendered":"<h3>\u2022 Las solicitudes tienen que hacerse en la sede electr\u00f3nica municipal<\/h3>\n<p><strong>La Junta de gobierno Local ha aprobado hoy las bases para la concesi\u00f3n de ayudas Par\u00e9ntesis a aut\u00f3nomos y microempresas incluidas en el Plan Resistir<\/strong>. El plazo de <strong>presentaci\u00f3n de solicitudes<\/strong> empezar\u00e1 el<strong> d\u00eda 11 de febrero de 2021 a las 00 horas y finalizar\u00e1 el d\u00eda 25 de febrero de 2021<\/strong> y habr\u00e1 que hacerlo mediante la sede electr\u00f3nica del Ayuntamiento accesible desde la p\u00e1gina principal de <strong><span style=\"color: #ff9900;\"><a href=\"index.php\/val\" target=\"_blank\" rel=\"noopener\"><span style=\"color: #ff9900;\">www.alzira.es<\/span><\/a><\/span><\/strong> y directo al <strong><span style=\"color: #ff9900;\"><a href=\"https:\/\/sedeelectronica.alzira.es\/alzira_vpm\/index.php\/val\/seu-electronica\" target=\"_blank\" rel=\"noopener\"><span style=\"color: #ff9900;\">enlace<\/span><\/a><\/span><\/strong><\/p>\n<p><em>\u00abHemos hecho lo posible para que estas ayudas est\u00e9n disponibles para la ciudadan\u00eda cuanto antes mejor puesto que benefician directamente aut\u00f3nomos o empresas de hasta 10 trabajadores de los sectores que la Generalitat ha indicado como especialmente afectados, cultura, turismo, hosteler\u00eda, venta ambulante&#8230; Se trata de un tr\u00e1mite sencillo y la intenci\u00f3n es poder empezar a pagar por transferencia bancaria, tan pronto como sea tramitada, para ayudar a recuperar estos sectores tan vitales para nuestra ciudad. Seguimos trabajando tambi\u00e9n en m\u00e1s ayudas que se pondr\u00e1n en marcha pr\u00f3ximamente para ir avanzando en la recuperaci\u00f3n econ\u00f3mica que necesita nuestra ciudad\u00bb<\/em> ha explicado el alcalde, <strong>Diego G\u00f3mez<\/strong>.<\/p>\n<p>Las ayudas de Pla Resistir Ayuntamientos, <strong>son compatibles con otras subvenciones<\/strong>, ayudas, ingresos o recursos procedentes de cualquier administraci\u00f3n o entes p\u00fablicos o privados nacional, de la Uni\u00f3n Europea o de organismos internacionales, y concedidos para la misma finalidad, dirigidas a cubrir gastos corrientes desde abril de 2020, <strong>tienen una cantidad fija de 2.000\u20ac por<\/strong> cada persona trabajadora <strong>aut\u00f3noma o microempresa<\/strong> con un m\u00e1ximo de 10 personas trabajadoras y de una cantidad fija de <strong>200\u20ac por persona trabajadora afiliada a la Seguridad Social<\/strong> a fecha 31 de diciembre de 2020 de estas microempresas y personas trabajadoras aut\u00f3nomas.<\/p>\n<p><strong><span style=\"color: #ff9900;\"><a href=\"https:\/\/alzira.es\/wp-content\/uploads\/2021\/02\/Convocatoria_ayudas_del_Plan_resistir.pdf\" target=\"_blank\" rel=\"noopener\"><span style=\"color: #ff9900;\">Enlace en las bases<\/span><\/a><\/span><\/strong><\/p>\n<p style=\"text-align: center;\"><img fetchpriority=\"high\" decoding=\"async\" class=\" size-full wp-image-53513\" src=\"https:\/\/alzira.es\/wp-content\/uploads\/2021\/02\/Resistir_ajuntamento.jpeg\" alt=\"Resistir ajuntamento\" width=\"500\" height=\"1439\" srcset=\"https:\/\/alzira.es\/wp-content\/uploads\/2021\/02\/Resistir_ajuntamento.jpeg 556w, https:\/\/alzira.es\/wp-content\/uploads\/2021\/02\/Resistir_ajuntamento-373x1072.jpeg 373w, https:\/\/alzira.es\/wp-content\/uploads\/2021\/02\/Resistir_ajuntamento-534x1536.jpeg 534w\" sizes=\"(max-width: 500px) 100vw, 500px\" \/><\/p>\n","protected":false},"excerpt":{"rendered":"<p>\u2022 Las solicitudes tienen que hacerse en la sede electr\u00f3nica municipal La Junta de gobierno Local ha aprobado hoy las bases para la concesi\u00f3n de ayudas Par\u00e9ntesis a aut\u00f3nomos y microempresas incluidas en el Plan Resistir. El plazo de presentaci\u00f3n de solicitudes empezar\u00e1 el d\u00eda 11 de febrero de 2021 a las 00 horas y &hellip; <\/p>\n<p class=\"link-more\"><a href=\"https:\/\/alzira.es\/es\/de-l-11-al-25-de-febrer-alzira-tramita-les-ajudes-del-pla-resistir-a-autonoms-i-microempreses\/\" class=\"more-link\">Continuar leyendo<span class=\"screen-reader-text\"> \u00abDel 11 al 25 de febrero Alzira tramita las ayudas del Plan Resistir a aut\u00f3nomos y microempresas\u00bb<\/span><\/a><\/p>\n","protected":false},"author":29,"featured_media":53513,"comment_status":"","ping_status":"","sticky":false,"template":"","format":"standard","meta":{"_acf_changed":false,"footnotes":""},"categories":[4936],"tags":[],"class_list":["post-53517","post","type-post","status-publish","format-standard","has-post-thumbnail","hentry","category-hemeroteca-es"],"acf":[],"_links":{"self":[{"href":"https:\/\/alzira.es\/es\/wp-json\/wp\/v2\/posts\/53517","targetHints":{"allow":["GET"]}}],"collection":[{"href":"https:\/\/alzira.es\/es\/wp-json\/wp\/v2\/posts"}],"about":[{"href":"https:\/\/alzira.es\/es\/wp-json\/wp\/v2\/types\/post"}],"author":[{"embeddable":true,"href":"https:\/\/alzira.es\/es\/wp-json\/wp\/v2\/users\/29"}],"replies":[{"embeddable":true,"href":"https:\/\/alzira.es\/es\/wp-json\/wp\/v2\/comments?post=53517"}],"version-history":[{"count":0,"href":"https:\/\/alzira.es\/es\/wp-json\/wp\/v2\/posts\/53517\/revisions"}],"wp:featuredmedia":[{"embeddable":true,"href":"https:\/\/alzira.es\/es\/wp-json\/wp\/v2\/media\/53513"}],"wp:attachment":[{"href":"https:\/\/alzira.es\/es\/wp-json\/wp\/v2\/media?parent=53517"}],"wp:term":[{"taxonomy":"category","embeddable":true,"href":"https:\/\/alzira.es\/es\/wp-json\/wp\/v2\/categories?post=53517"},{"taxonomy":"post_tag","embeddable":true,"href":"https:\/\/alzira.es\/es\/wp-json\/wp\/v2\/tags?post=53517"}],"curies":[{"name":"wp","href":"https:\/\/api.w.org\/{rel}","templated":true}]}}