{"id":53512,"date":"2021-02-08T15:13:40","date_gmt":"2021-02-08T14:13:40","guid":{"rendered":"https:\/\/alzira.es\/les-mesures-municipals-i-autonomiques-estan-donant-bons-resultats-contra-la-pandemia-2\/"},"modified":"2021-02-08T15:13:40","modified_gmt":"2021-02-08T14:13:40","slug":"les-mesures-municipals-i-autonomiques-estan-donant-bons-resultats-contra-la-pandemia-2","status":"publish","type":"post","link":"https:\/\/alzira.es\/es\/les-mesures-municipals-i-autonomiques-estan-donant-bons-resultats-contra-la-pandemia-2\/","title":{"rendered":"Les mesures municipals i auton\u00f2miques estan donant bons resultats contra la pand\u00e8mia."},"content":{"rendered":"<h3>\u2022 Els casos han baixat de 510 a 388 en els \u00faltims dies<br \/>\u2022 L&#8217;\u00edndex d&#8217;acumulats baixa de 1.116 a 849 casos per cada 100.000 habitants<\/h3>\n<p>L&#8217;actualitzaci\u00f3 de les dades dels \u00faltims dies sobre els casos de la COVID-19, \u00e9s un clar reflex del funcionament de les mesures municipals i de les auton\u00f2miques que han aconseguit millorar les xifres, la qual cosa suposa una baixada de la incid\u00e8ncia. <strong>Es determina una baixada de 510 a 388 casos<\/strong>. Concretament, des del dijous, 4 de febrer, fins al dissabte, 6 de febrer, el resultat \u00e9s favorable perqu\u00e8 registraren 43 casos, front als 80 de la setmana passada. Tamb\u00e9 hi ha una reducci\u00f3 de l&#8217;\u00edndex acumulat <strong>de 1.116 a 849 casos per cada 100.000 habitants<\/strong>.<\/p>\n<p>Esta baixada d&#8217;incid\u00e8ncia no significa que hem de confiar-nos, cal actuar amb molta precauci\u00f3 i ser molt rigor\u00f3s, especialment en la nostra vida social i continuar amb les mesures que ens indiquen des de salut publica. L&#8217;Ajuntament continua amb les mesures actives amb la finalitat de protegir la salut dels alzirenys i alzirenyes, i aix\u00ed ho far\u00e0 fins al pr\u00f2xim 15 de febrer, moment en qu\u00e8 les revisar\u00e0, igual que la Generalitat, que informar\u00e0 sobre la continu\u00eftat o canvi en l&#8217;\u00e0mbit auton\u00f2mic.<\/p>\n<p>No obstant aix\u00f3, agrair a la tota poblaci\u00f3 l&#8217;esfor\u00e7 pel compliment de les mesures vigents, ja que \u00e9s cosa de totes i tots treballar de manera conjunta per a combatre la pand\u00e8mia, garantint el control i la disminuci\u00f3 dels contagis. Des de l&#8217;Ajuntament es continuar\u00e0 fent tot el possible per a aconseguir que la incid\u00e8ncia es redu\u00efsca i garantir la seguretat de la nostra ciutadania.<\/p>\n<p style=\"text-align: center;\"><img fetchpriority=\"high\" decoding=\"async\" class=\" size-full wp-image-53509\" src=\"https:\/\/alzira.es\/wp-content\/uploads\/2021\/02\/08022021_dades_covid.jpeg\" alt=\"08022021 dades covid\" width=\"1000\" height=\"560\" \/><\/p>\n","protected":false},"excerpt":{"rendered":"<p>\u2022 Els casos han baixat de 510 a 388 en els \u00faltims dies\u2022 L&#8217;\u00edndex d&#8217;acumulats baixa de 1.116 a 849 casos per cada 100.000 habitants L&#8217;actualitzaci\u00f3 de les dades dels \u00faltims dies sobre els casos de la COVID-19, \u00e9s un clar reflex del funcionament de les mesures municipals i de les auton\u00f2miques que han aconseguit &hellip; <\/p>\n<p class=\"link-more\"><a href=\"https:\/\/alzira.es\/es\/les-mesures-municipals-i-autonomiques-estan-donant-bons-resultats-contra-la-pandemia-2\/\" class=\"more-link\">Continuar leyendo<span class=\"screen-reader-text\"> \u00abLes mesures municipals i auton\u00f2miques estan donant bons resultats contra la pand\u00e8mia.\u00bb<\/span><\/a><\/p>\n","protected":false},"author":29,"featured_media":53509,"comment_status":"","ping_status":"","sticky":false,"template":"","format":"standard","meta":{"_acf_changed":false,"footnotes":""},"categories":[],"tags":[],"class_list":["post-53512","post","type-post","status-publish","format-standard","has-post-thumbnail","hentry"],"acf":[],"_links":{"self":[{"href":"https:\/\/alzira.es\/es\/wp-json\/wp\/v2\/posts\/53512","targetHints":{"allow":["GET"]}}],"collection":[{"href":"https:\/\/alzira.es\/es\/wp-json\/wp\/v2\/posts"}],"about":[{"href":"https:\/\/alzira.es\/es\/wp-json\/wp\/v2\/types\/post"}],"author":[{"embeddable":true,"href":"https:\/\/alzira.es\/es\/wp-json\/wp\/v2\/users\/29"}],"replies":[{"embeddable":true,"href":"https:\/\/alzira.es\/es\/wp-json\/wp\/v2\/comments?post=53512"}],"version-history":[{"count":0,"href":"https:\/\/alzira.es\/es\/wp-json\/wp\/v2\/posts\/53512\/revisions"}],"wp:featuredmedia":[{"embeddable":true,"href":"https:\/\/alzira.es\/es\/wp-json\/wp\/v2\/media\/53509"}],"wp:attachment":[{"href":"https:\/\/alzira.es\/es\/wp-json\/wp\/v2\/media?parent=53512"}],"wp:term":[{"taxonomy":"category","embeddable":true,"href":"https:\/\/alzira.es\/es\/wp-json\/wp\/v2\/categories?post=53512"},{"taxonomy":"post_tag","embeddable":true,"href":"https:\/\/alzira.es\/es\/wp-json\/wp\/v2\/tags?post=53512"}],"curies":[{"name":"wp","href":"https:\/\/api.w.org\/{rel}","templated":true}]}}