{"id":53511,"date":"2021-02-08T15:13:40","date_gmt":"2021-02-08T14:13:40","guid":{"rendered":"https:\/\/alzira.es\/les-mesures-municipals-i-autonomiques-estan-donant-bons-resultats-contra-la-pandemia\/"},"modified":"2021-02-08T15:13:40","modified_gmt":"2021-02-08T14:13:40","slug":"les-mesures-municipals-i-autonomiques-estan-donant-bons-resultats-contra-la-pandemia","status":"publish","type":"post","link":"https:\/\/alzira.es\/es\/les-mesures-municipals-i-autonomiques-estan-donant-bons-resultats-contra-la-pandemia\/","title":{"rendered":"Las medidas municipales y auton\u00f3micas est\u00e1n dando buenos resultados contra la pandemia."},"content":{"rendered":"<h3>\u2022 Los casos han bajado de 510 a 388 en los \u00faltimos d\u00edas<br \/>\u2022 El \u00edndice de acumulados baja de 1.116 a 849 casos por cada 100.000 habitantes<\/h3>\n<p>La actualizaci\u00f3n de los datos de los \u00faltimos d\u00edas sobre los casos de la COVID-19, es un claro reflejo del funcionamiento de las medidas municipales y de las auton\u00f3micas que han conseguido mejorar las cifras, lo cual supone una bajada de la incidencia. <strong>Se determina una bajada de 510 a 388 casos<\/strong>. Concretamente, desde el jueves, 4 de febrero, hasta el s\u00e1bado, 6 de febrero, el resultado es favorable porque registraron 43 casos, frente a los 80 de la semana pasada. Tambi\u00e9n hay una reducci\u00f3n del \u00edndice acumulado <strong>de 1.116 a 849 casos por cada 100.000 habitantes<\/strong>.<\/p>\n<p>Esta bajada de incidencia no significa que tenemos que confiarnos, hay que actuar con mucha precauci\u00f3n y ser muy riguroso, especialmente en nuestra vida social y continuar con las medidas que nos indican desde salud publica. El Ayuntamiento contin\u00faa con las medidas activas con el fin de proteger la salud de los alcire\u00f1os y alcire\u00f1as, y as\u00ed lo har\u00e1 hasta el pr\u00f3ximo 15 de febrero, momento en que las revisar\u00e1, igual que la Generalitat, que informar\u00e1 sobre la continuidad o cambio en el \u00e1mbito auton\u00f3mico.<\/p>\n<p>No obstante, agradecer a toda la poblaci\u00f3n el esfuerzo por el cumplimiento de las medidas vigentes, ya que es cosa de todas y todos trabajar de manera conjunta para combatir la pandemia, garantizando el control y la disminuci\u00f3n de los contagios. Desde el Ayuntamiento se continuar\u00e1 haciendo todo lo posible para conseguir que la incidencia se reduzca y garantizar la seguridad de nuestra ciudadan\u00eda.<\/p>\n<p style=\"text-align: center;\"><img fetchpriority=\"high\" decoding=\"async\" class=\" size-full wp-image-53509\" src=\"https:\/\/alzira.es\/wp-content\/uploads\/2021\/02\/08022021_dades_covid.jpeg\" alt=\"08022021 dades covid\" width=\"1000\" height=\"560\" \/><\/p>\n","protected":false},"excerpt":{"rendered":"<p>\u2022 Los casos han bajado de 510 a 388 en los \u00faltimos d\u00edas\u2022 El \u00edndice de acumulados baja de 1.116 a 849 casos por cada 100.000 habitantes La actualizaci\u00f3n de los datos de los \u00faltimos d\u00edas sobre los casos de la COVID-19, es un claro reflejo del funcionamiento de las medidas municipales y de las &hellip; <\/p>\n<p class=\"link-more\"><a href=\"https:\/\/alzira.es\/es\/les-mesures-municipals-i-autonomiques-estan-donant-bons-resultats-contra-la-pandemia\/\" class=\"more-link\">Continuar leyendo<span class=\"screen-reader-text\"> \u00abLas medidas municipales y auton\u00f3micas est\u00e1n dando buenos resultados contra la pandemia.\u00bb<\/span><\/a><\/p>\n","protected":false},"author":29,"featured_media":53509,"comment_status":"","ping_status":"","sticky":false,"template":"","format":"standard","meta":{"_acf_changed":false,"footnotes":""},"categories":[4936],"tags":[],"class_list":["post-53511","post","type-post","status-publish","format-standard","has-post-thumbnail","hentry","category-hemeroteca-es"],"acf":[],"_links":{"self":[{"href":"https:\/\/alzira.es\/es\/wp-json\/wp\/v2\/posts\/53511","targetHints":{"allow":["GET"]}}],"collection":[{"href":"https:\/\/alzira.es\/es\/wp-json\/wp\/v2\/posts"}],"about":[{"href":"https:\/\/alzira.es\/es\/wp-json\/wp\/v2\/types\/post"}],"author":[{"embeddable":true,"href":"https:\/\/alzira.es\/es\/wp-json\/wp\/v2\/users\/29"}],"replies":[{"embeddable":true,"href":"https:\/\/alzira.es\/es\/wp-json\/wp\/v2\/comments?post=53511"}],"version-history":[{"count":0,"href":"https:\/\/alzira.es\/es\/wp-json\/wp\/v2\/posts\/53511\/revisions"}],"wp:featuredmedia":[{"embeddable":true,"href":"https:\/\/alzira.es\/es\/wp-json\/wp\/v2\/media\/53509"}],"wp:attachment":[{"href":"https:\/\/alzira.es\/es\/wp-json\/wp\/v2\/media?parent=53511"}],"wp:term":[{"taxonomy":"category","embeddable":true,"href":"https:\/\/alzira.es\/es\/wp-json\/wp\/v2\/categories?post=53511"},{"taxonomy":"post_tag","embeddable":true,"href":"https:\/\/alzira.es\/es\/wp-json\/wp\/v2\/tags?post=53511"}],"curies":[{"name":"wp","href":"https:\/\/api.w.org\/{rel}","templated":true}]}}