{"id":53507,"date":"2021-02-08T10:11:44","date_gmt":"2021-02-08T09:11:44","guid":{"rendered":"https:\/\/alzira.es\/l-ajuntament-subvenciona-el-nou-local-d-assaig-de-la-societat-musical-d-alzira\/"},"modified":"2021-02-08T10:11:44","modified_gmt":"2021-02-08T09:11:44","slug":"l-ajuntament-subvenciona-el-nou-local-d-assaig-de-la-societat-musical-d-alzira","status":"publish","type":"post","link":"https:\/\/alzira.es\/es\/l-ajuntament-subvenciona-el-nou-local-d-assaig-de-la-societat-musical-d-alzira\/","title":{"rendered":"El Ayuntamiento subvenciona el nuevo local de ensayo de la Sociedad Musical de Alzira"},"content":{"rendered":"<p>Desde el pasado mes de septiembre,<strong> la situaci\u00f3n sanitaria ha impedido celebrar con normalidad los ensayos que la Sociedad Musical Alzira (SMA) celebra en su local en la calle Hort dels Frares<\/strong>.<\/p>\n<p>Dadas las circunstancias, y atendiendo a las recomendaciones de Salud P\u00fablica, la asociaci\u00f3n traslad\u00f3 al ayuntamiento la problem\u00e1tica y la determinaci\u00f3n de suspender temporalmente durante el pasado mes de enero las clases colectivas con mayor n\u00famero de alumnos por motivos pedag\u00f3gicos y log\u00edsticos. Adem\u00e1s, las restricciones han impedido realizar ensayos a las diferentes agrupaciones de la SMA por el aforo m\u00e1ximo permitido de personas y por las dimensiones del local, que impiden realizar las actividades cumpliendo con las normas.<\/p>\n<p><strong>La Junta Directiva<\/strong>,<strong> con el apoyo del Ayuntamiento<\/strong>,<em><strong> ha buscado un local m\u00e1s amplio para poder ensayar<\/strong> y desde el pasado mes de octubre se ha formalizado un contrato de arrendamiento con opci\u00f3n a compra. El local, antigua tienda de Muebles Puchalt est\u00e1 situado en la calle Naranjo, n.\u00ba 23 y <strong>tiene 564 m\u00b2<\/strong>. Se ha necesitado hacer obras de acondicionamiento para la actividad acad\u00e9mica, o la instalaci\u00f3n de ba\u00f1os.<\/em><\/p>\n<p>El Ayuntamiento, mediante la concejal\u00eda de Fiestas ha otorgado una <strong>subvenci\u00f3n por valor de 10.000 \u20ac para el alquiler y adecuaci\u00f3n del nuevo local de la Sociedad Musical de Alzira<\/strong>. <em>\u00abHab\u00eda que estudiar nuevas posibilidades para poder llevar la actividad con las mayores garant\u00edas. Se trata de la principal entidad cultural de la ciudad, y desde la concejal\u00eda hemos ido colaborando para poder dar una soluci\u00f3n tan pronto como sea posible\u00bb<\/em> Ha explicado el regidor de Fiestas,<strong> Xavi P\u00e9rez<\/strong><\/p>\n<p>Los directores de las diferentes Agrupaciones musicales han agradecido la colaboraci\u00f3n al Ayuntamiento de Alzira, que siempre est\u00e1 junto a la cultura para que la actividad, en este caso musical, no pare. As\u00ed mismo han comunicado que tan cuando sea posible, se comunicar\u00e1 la fecha de la inauguraci\u00f3n del nuevo local de ensayos, que posibilitar\u00e1 que nuestras Agrupaciones puedan empezar a ensayar de nuevo con todas las medidas de seguridad.<\/p>\n<p>La actual situaci\u00f3n sanitaria ha cambiado la realidad cultural de nuestra ciudad, y ha impedido que la Sociedad Musical celebre los conciertos y actuaciones previstos anualmente. \u00danicamente han podido hacerse varios conciertos de los grupos de c\u00e1mara al aire libre, como el concierto de San Bernat, la adaptaci\u00f3n de la Spanish Brass, el concierto del 9 de octubre, el concierto del Lluch o las actuaciones dentro de la campa\u00f1a municipal de Navidad.<\/p>\n<p><img fetchpriority=\"high\" decoding=\"async\" class=\" size-full wp-image-53503\" style=\"display: block; margin-left: auto; margin-right: auto;\" src=\"https:\/\/alzira.es\/wp-content\/uploads\/2021\/02\/08022021_nuevo_local_SMA_2.jpeg\" alt=\"08022021 nuevo local SMA 2\" width=\"1000\" height=\"461\" srcset=\"https:\/\/alzira.es\/wp-content\/uploads\/2021\/02\/08022021_nuevo_local_SMA_2.jpeg 1024w, https:\/\/alzira.es\/wp-content\/uploads\/2021\/02\/08022021_nuevo_local_SMA_2-680x313.jpeg 680w, https:\/\/alzira.es\/wp-content\/uploads\/2021\/02\/08022021_nuevo_local_SMA_2-768x354.jpeg 768w\" sizes=\"(max-width: 706px) 89vw, (max-width: 767px) 82vw, 740px\" \/><\/p>\n<p><img decoding=\"async\" class=\"size-full wp-image-53505 lazyload\" style=\"--smush-placeholder-width: 1000px; --smush-placeholder-aspect-ratio: 1000\/601;display: block; margin-left: auto; margin-right: auto;\" data-src=\"https:\/\/alzira.es\/wp-content\/uploads\/2021\/02\/08022021_nuevo_local_SMA_1.jpeg\" alt=\"08022021 nuevo local SMA 1\" width=\"1000\" height=\"601\" data-srcset=\"https:\/\/alzira.es\/wp-content\/uploads\/2021\/02\/08022021_nuevo_local_SMA_1.jpeg 1024w, https:\/\/alzira.es\/wp-content\/uploads\/2021\/02\/08022021_nuevo_local_SMA_1-680x408.jpeg 680w, https:\/\/alzira.es\/wp-content\/uploads\/2021\/02\/08022021_nuevo_local_SMA_1-768x461.jpeg 768w\" data-sizes=\"(max-width: 706px) 89vw, (max-width: 767px) 82vw, 740px\" src=\"data:image\/svg+xml;base64,PHN2ZyB3aWR0aD0iMSIgaGVpZ2h0PSIxIiB4bWxucz0iaHR0cDovL3d3dy53My5vcmcvMjAwMC9zdmciPjwvc3ZnPg==\" \/><\/p>\n","protected":false},"excerpt":{"rendered":"<p>Desde el pasado mes de septiembre, la situaci\u00f3n sanitaria ha impedido celebrar con normalidad los ensayos que la Sociedad Musical Alzira (SMA) celebra en su local en la calle Hort dels Frares. Dadas las circunstancias, y atendiendo a las recomendaciones de Salud P\u00fablica, la asociaci\u00f3n traslad\u00f3 al ayuntamiento la problem\u00e1tica y la determinaci\u00f3n de suspender &hellip; <\/p>\n<p class=\"link-more\"><a href=\"https:\/\/alzira.es\/es\/l-ajuntament-subvenciona-el-nou-local-d-assaig-de-la-societat-musical-d-alzira\/\" class=\"more-link\">Continuar leyendo<span class=\"screen-reader-text\"> \u00abEl Ayuntamiento subvenciona el nuevo local de ensayo de la Sociedad Musical de Alzira\u00bb<\/span><\/a><\/p>\n","protected":false},"author":29,"featured_media":53503,"comment_status":"","ping_status":"","sticky":false,"template":"","format":"standard","meta":{"_acf_changed":false,"footnotes":""},"categories":[4936],"tags":[],"class_list":["post-53507","post","type-post","status-publish","format-standard","has-post-thumbnail","hentry","category-hemeroteca-es"],"acf":[],"_links":{"self":[{"href":"https:\/\/alzira.es\/es\/wp-json\/wp\/v2\/posts\/53507","targetHints":{"allow":["GET"]}}],"collection":[{"href":"https:\/\/alzira.es\/es\/wp-json\/wp\/v2\/posts"}],"about":[{"href":"https:\/\/alzira.es\/es\/wp-json\/wp\/v2\/types\/post"}],"author":[{"embeddable":true,"href":"https:\/\/alzira.es\/es\/wp-json\/wp\/v2\/users\/29"}],"replies":[{"embeddable":true,"href":"https:\/\/alzira.es\/es\/wp-json\/wp\/v2\/comments?post=53507"}],"version-history":[{"count":0,"href":"https:\/\/alzira.es\/es\/wp-json\/wp\/v2\/posts\/53507\/revisions"}],"wp:featuredmedia":[{"embeddable":true,"href":"https:\/\/alzira.es\/es\/wp-json\/wp\/v2\/media\/53503"}],"wp:attachment":[{"href":"https:\/\/alzira.es\/es\/wp-json\/wp\/v2\/media?parent=53507"}],"wp:term":[{"taxonomy":"category","embeddable":true,"href":"https:\/\/alzira.es\/es\/wp-json\/wp\/v2\/categories?post=53507"},{"taxonomy":"post_tag","embeddable":true,"href":"https:\/\/alzira.es\/es\/wp-json\/wp\/v2\/tags?post=53507"}],"curies":[{"name":"wp","href":"https:\/\/api.w.org\/{rel}","templated":true}]}}