{"id":53502,"date":"2021-02-04T13:11:30","date_gmt":"2021-02-04T12:11:30","guid":{"rendered":"https:\/\/alzira.es\/lenta-milloria-a-alzira-amb-una-incidencia-de-1116-casos-per-cada-100-000-habitants-2\/"},"modified":"2021-02-04T13:11:30","modified_gmt":"2021-02-04T12:11:30","slug":"lenta-milloria-a-alzira-amb-una-incidencia-de-1116-casos-per-cada-100-000-habitants-2","status":"publish","type":"post","link":"https:\/\/alzira.es\/es\/lenta-milloria-a-alzira-amb-una-incidencia-de-1116-casos-per-cada-100-000-habitants-2\/","title":{"rendered":"Lenta milloria a Alzira, amb una incid\u00e8ncia de 1116 casos per cada 100.000 habitants"},"content":{"rendered":"<p><strong>Actualitzaci\u00f3 de dades COVID<\/strong><\/p>\n<h3>\u2022 El Departament de Salut de la Ribera rebaixa les xifres del contagi<\/h3>\n<p>De nou, hui s&#8217;ha celebrat la reuni\u00f3 telem\u00e0tica amb els representants dels diferents municipis que integren el Departament de Salut de la Ribera. En els \u00faltims 7 dies, en Alzira hem passat <strong>de 1333 casos per cada 100.000 habitants a 1116 casos<\/strong>. En total tenim 510 casos actius (609 a data 28 de gener), en els \u00faltims tres dies 80 casos nous.<\/p>\n<p>La regidora de Sanitat, <strong>Gemma Al\u00f3s<\/strong>, ha assistit a la reuni\u00f3, en la qual han donat xifres semblants per a tots els municipis.<em> \u00abEn general es rebaixa la quantitat de casos a tota la comarca, cosa que suposa una lleugera baixada de la incid\u00e8ncia, tot i que continua sent molt alta i continuem un nivell 4 d&#8217;alerta sanit\u00e0ria, explica la regidora de sanitat Gemma Al\u00f3s, a m\u00e9s, afig, encara que estes dades suposen un respir per a la pressi\u00f3 hospital\u00e0ria, la situaci\u00f3 \u00e9s delicada a l&#8217;Hospital de la Ribera\u00bb<\/em><\/p>\n<p>D&#8217;altra banda, ahir mateix es donava av\u00eds d&#8217;un possible frau relacionat amb la COVID a persones vulnerables. Tant el Centre de Salut, com l&#8217;Ajuntament posaven en coneixement la exist\u00e8ncia d&#8217;este fet en el qual es telefona a persones majors vulnerables avisant de possibles vacunes a domicili, de la realitzaci\u00f3 pr\u00e8via d&#8217;un PCR o de la instal\u00b7laci\u00f3 de sistemes de desinfecci\u00f3. <em>\u00ab<strong>A dia de hui el Servei de Salut no crida a la poblaci\u00f3 per a donar-li cita per a vacunar-se a domicili<\/strong>. Si alguna persona rep una telefonada d&#8217;este tipus cal que la ignore, que extreme la precauci\u00f3, i si \u00e9s possible avise als cossos de seguretat. En cas que, m\u00e9s endavant s&#8217;haja de fer vacunacions a domicili a persones dependents, s&#8217;informar\u00e0 degudament i pels canals oficials de les actuacions i els passos a seguir\u00bb<\/em> ha explicat la regidora<\/p>\n<p><strong>Mesures fins el 15 de febrer<\/strong><\/p>\n<p>\u2022 Grups que no superen les dos persones, llevat que es tracte de convivents<br \/>\u2022 En domicilis i espais privats, nom\u00e9s reunions familiars i socials del mateix nucli o grup de conviv\u00e8ncia.<br \/>\u2022 S&#8217;exceptuen, la crian\u00e7a i les cures, les reunions de persones amb vincle matrimonial o de parella que viuen en domicilis diferents, o de les persones que viuen soles, amb altra \u00fanica unitat de conviv\u00e8ncia .<br \/>\u2022 No estan incloses en les limitacions les activitats laborals, les institucionals, les de transport i les dels centres docents.<br \/>\u2022 Confinament perimetral de la Comunitat Valenciana.<br \/>\u2022 Addicionalment, des de les 15.00 hores del divendres fins a les 06.00 hores del dilluns, i des de les 15.00 hores de la vesprada dels dies festius fins a les 15.00 de l&#8217;endem\u00e0 al festiu, queda limitada l&#8217;entrada i eixida a municipis de m\u00e9s de 50.000 habitants: Val\u00e8ncia, Alacant, Elx, Castell\u00f3 de la Plana, Torrevieja, Torrent, Orihuela, Gandia, Paterna, Benidorm, Sagunt, Alcoi, Sant Vicent del Raspeig, Elda-Petrer, i Vila-real.<br \/>\u2022 Tancament de tota l&#8217;hostaleria. Nom\u00e9s es permetr\u00e0 el servei de menjar per a emportar, siga distribu\u00eft al local o per repartidors.<br \/>\u2022 Tancament del comer\u00e7 a partir de les 18 h de la vesprada.<br \/>\u2022 Tancament d&#8217;instal\u00b7lacions esportives.<br \/>\u2022 Mascareta obligat\u00f2ria a partir de 6 anys en tot moment en la via p\u00fablica, en espais a l&#8217;aire lliure i en espais tancats d&#8217;\u00fas p\u00fablic o oberts al p\u00fablic, durant la pr\u00e0ctica d&#8217;activitat f\u00edsica.<br \/>\u2022 Tancar els parcs, jardins i zones de joc infantils de la nostra ciutat.<br \/>\u2022 Tancar al p\u00fablic depend\u00e8ncies municipals. Nom\u00e9s s&#8217;acudir\u00e0 amb cita pr\u00e8via.<br \/>\u2022 Suspendre activitats culturals, d&#8217;oci espectacles i joventut programades.<br \/>\u2022 La biblioteca municipal nom\u00e9s donar\u00e0 servei de pr\u00e9stec de llibres.<\/p>\n<p style=\"text-align: center;\"><img fetchpriority=\"high\" decoding=\"async\" class=\" size-full wp-image-53499\" src=\"https:\/\/alzira.es\/wp-content\/uploads\/2021\/02\/REGIDORA_SANITAT_3.jpeg\" alt=\"REGIDORA SANITAT 3\" width=\"1200\" height=\"900\" srcset=\"https:\/\/alzira.es\/wp-content\/uploads\/2021\/02\/REGIDORA_SANITAT_3.jpeg 2048w, https:\/\/alzira.es\/wp-content\/uploads\/2021\/02\/REGIDORA_SANITAT_3-680x510.jpeg 680w, https:\/\/alzira.es\/wp-content\/uploads\/2021\/02\/REGIDORA_SANITAT_3-1430x1072.jpeg 1430w, https:\/\/alzira.es\/wp-content\/uploads\/2021\/02\/REGIDORA_SANITAT_3-768x576.jpeg 768w, https:\/\/alzira.es\/wp-content\/uploads\/2021\/02\/REGIDORA_SANITAT_3-1536x1152.jpeg 1536w\" sizes=\"(max-width: 706px) 89vw, (max-width: 767px) 82vw, 740px\" \/><\/p>\n","protected":false},"excerpt":{"rendered":"<p>Actualitzaci\u00f3 de dades COVID \u2022 El Departament de Salut de la Ribera rebaixa les xifres del contagi De nou, hui s&#8217;ha celebrat la reuni\u00f3 telem\u00e0tica amb els representants dels diferents municipis que integren el Departament de Salut de la Ribera. En els \u00faltims 7 dies, en Alzira hem passat de 1333 casos per cada 100.000 &hellip; <\/p>\n<p class=\"link-more\"><a href=\"https:\/\/alzira.es\/es\/lenta-milloria-a-alzira-amb-una-incidencia-de-1116-casos-per-cada-100-000-habitants-2\/\" class=\"more-link\">Continuar leyendo<span class=\"screen-reader-text\"> \u00abLenta milloria a Alzira, amb una incid\u00e8ncia de 1116 casos per cada 100.000 habitants\u00bb<\/span><\/a><\/p>\n","protected":false},"author":29,"featured_media":53499,"comment_status":"","ping_status":"","sticky":false,"template":"","format":"standard","meta":{"_acf_changed":false,"footnotes":""},"categories":[],"tags":[],"class_list":["post-53502","post","type-post","status-publish","format-standard","has-post-thumbnail","hentry"],"acf":[],"_links":{"self":[{"href":"https:\/\/alzira.es\/es\/wp-json\/wp\/v2\/posts\/53502","targetHints":{"allow":["GET"]}}],"collection":[{"href":"https:\/\/alzira.es\/es\/wp-json\/wp\/v2\/posts"}],"about":[{"href":"https:\/\/alzira.es\/es\/wp-json\/wp\/v2\/types\/post"}],"author":[{"embeddable":true,"href":"https:\/\/alzira.es\/es\/wp-json\/wp\/v2\/users\/29"}],"replies":[{"embeddable":true,"href":"https:\/\/alzira.es\/es\/wp-json\/wp\/v2\/comments?post=53502"}],"version-history":[{"count":0,"href":"https:\/\/alzira.es\/es\/wp-json\/wp\/v2\/posts\/53502\/revisions"}],"wp:featuredmedia":[{"embeddable":true,"href":"https:\/\/alzira.es\/es\/wp-json\/wp\/v2\/media\/53499"}],"wp:attachment":[{"href":"https:\/\/alzira.es\/es\/wp-json\/wp\/v2\/media?parent=53502"}],"wp:term":[{"taxonomy":"category","embeddable":true,"href":"https:\/\/alzira.es\/es\/wp-json\/wp\/v2\/categories?post=53502"},{"taxonomy":"post_tag","embeddable":true,"href":"https:\/\/alzira.es\/es\/wp-json\/wp\/v2\/tags?post=53502"}],"curies":[{"name":"wp","href":"https:\/\/api.w.org\/{rel}","templated":true}]}}