{"id":53501,"date":"2021-02-04T13:11:30","date_gmt":"2021-02-04T12:11:30","guid":{"rendered":"https:\/\/alzira.es\/lenta-milloria-a-alzira-amb-una-incidencia-de-1116-casos-per-cada-100-000-habitants\/"},"modified":"2021-02-04T13:11:30","modified_gmt":"2021-02-04T12:11:30","slug":"lenta-milloria-a-alzira-amb-una-incidencia-de-1116-casos-per-cada-100-000-habitants","status":"publish","type":"post","link":"https:\/\/alzira.es\/es\/lenta-milloria-a-alzira-amb-una-incidencia-de-1116-casos-per-cada-100-000-habitants\/","title":{"rendered":"Lenta mejora en Alzira, con una incidencia de 1116 casos por cada 100.000 habitantes"},"content":{"rendered":"<p><strong>Actualizaci\u00f3n de datos COVID<\/strong><\/p>\n<h3>\u2022 El Departamento de Salud de la Ribera rebaja las cifras del contagio<\/h3>\n<p>De nuevo, hoy se ha celebrado la reuni\u00f3n telem\u00e1tica con los representantes de los diferentes municipios que integran el Departamento de Salud de la Ribera. En los \u00faltimos 7 d\u00edas, en Alzira hemos pasado <strong>de 1333 casos por cada 100.000 habitantes a 1116 casos<\/strong>. En total tenemos 510 casos activos (609 a fecha 28 de enero), en los \u00faltimos tres d\u00edas 80 casos nuevos.<\/p>\n<p>La regidora de Sanidad, <strong>Gemma Al\u00f3s<\/strong>, ha asistido a la reuni\u00f3n, en la cual han dado cifras parecidas para todos los municipios. <em>\u00abEn general se rebaja la cantidad de casos en toda la comarca, cosa que supone una ligera bajada de la incidencia, a pesar de que contin\u00faa siendo muy alta y continuamos en un nivel 4 de alerta sanitaria, explica la regidora de sanidad Gemma Al\u00f3s, adem\u00e1s, a\u00f1ade, aunque estos datos suponen un respiro para la presi\u00f3n hospitalaria, la situaci\u00f3n es delicada en el Hospital de la Ribera\u00bb.<\/em><\/p>\n<p>Por otro lado, ayer mismo se daba aviso de un posible fraude relacionado con el COVID a personas vulnerables. Tanto el Centro de Salud, como el Ayuntamiento ponen en conocimiento la existencia de este hecho en el cual se telefonea a personas mayores vulnerables avisando de posibles vacunas a domicilio, de la realizaci\u00f3n previa de un PCR o de la instalaci\u00f3n de sistemas de desinfecci\u00f3n. <em>\u00ab<strong>A d\u00eda de hoy el Servicio de Salud no llama a la poblaci\u00f3n para darle cita para vacunarse en el domicilio<\/strong>. Si alguna persona recibe una llamada de este tipo hace falta que la ignore, que extreme la precauci\u00f3n, y si es posible avise a los cuerpos de seguridad. En caso de que, m\u00e1s adelante se tenga que hacer vacunaciones a domicilio a personas dependientes, se informar\u00e1 debidamente y por los canales oficiales de las actuaciones y los pasos a seguir\u00bb<\/em> ha explicado la regidora.<\/p>\n<p><strong>Medidas hasta el 15 de febrero<\/strong><\/p>\n<p>\u2022 Grupos que no superen las dos personas, salvo que se trate de convivientes<br \/>\u2022 En domicilios y espacios privados, solo reuniones familiares y sociales del mismo n\u00facleo o grupo de convivencia.<br \/>\u2022 Se except\u00faan, la crianza y las curas, las reuniones de personas con v\u00ednculo matrimonial o de pareja que viven en domicilios diferentes, o de las personas que viven solas, con otra \u00fanica unidad de convivencia.<br \/>\u2022 No est\u00e1n incluidas en las limitaciones las actividades laborales, las institucionales, las de transporte y las de los centros docentes.<br \/>\u2022 Confinamiento perimetral de la Comunidad Valenciana.<br \/>\u2022 Adicionalmente, desde las 15.00 horas del viernes hasta las 06.00 horas del lunes, y desde las 15.00 horas de la tarde de los d\u00edas festivos hasta las 15.00 del d\u00eda siguiente al festivo, queda limitada la entrada y salida a municipios de m\u00e1s de 50.000 habitantes: Val\u00e8ncia, Alicante, Elche, Castell\u00f3 de la Plana, Torrevieja, Torrent, Orihuela, Gandia, Paterna, Benidorm, Sagunto, Alcoy, San Vicente del Raspeig, Elda-Petrer, y Vila-real.<br \/>\u2022 Cierre de toda la hosteler\u00eda. Solo se permitir\u00e1 el servicio de comida para llevar, sea distribuido al local o por repartidores.<br \/>\u2022 Cierre del comercio a partir de las 18 h de la tarde.<br \/>\u2022 Cierre de instalaciones deportivas.<br \/>\u2022 Mascarilla obligatoria a partir de 6 a\u00f1os en todo momento en la v\u00eda p\u00fablica, en espacios al aire libre y en espacios cerrados de uso p\u00fablico o abiertos al p\u00fablico, durante la pr\u00e1ctica de actividad f\u00edsica.<br \/>\u2022 Cerrar los parques, jardines y zonas de juego infantiles de nuestra ciudad.<br \/>\u2022 Cerrar al p\u00fablico dependencias municipales. Solo se acudir\u00e1 con cita previa.<br \/>\u2022 Suspender actividades culturales, de ocio espect\u00e1culos y juventud programadas.<br \/>\u2022 La biblioteca municipal solo dar\u00e1 servicio de pr\u00e9stamo de libros.<\/p>\n<p style=\"text-align: center;\"><img fetchpriority=\"high\" decoding=\"async\" class=\" size-full wp-image-53499\" src=\"https:\/\/alzira.es\/wp-content\/uploads\/2021\/02\/REGIDORA_SANITAT_3.jpeg\" alt=\"REGIDORA SANITAT 3\" width=\"1200\" height=\"900\" srcset=\"https:\/\/alzira.es\/wp-content\/uploads\/2021\/02\/REGIDORA_SANITAT_3.jpeg 2048w, https:\/\/alzira.es\/wp-content\/uploads\/2021\/02\/REGIDORA_SANITAT_3-680x510.jpeg 680w, https:\/\/alzira.es\/wp-content\/uploads\/2021\/02\/REGIDORA_SANITAT_3-1430x1072.jpeg 1430w, https:\/\/alzira.es\/wp-content\/uploads\/2021\/02\/REGIDORA_SANITAT_3-768x576.jpeg 768w, https:\/\/alzira.es\/wp-content\/uploads\/2021\/02\/REGIDORA_SANITAT_3-1536x1152.jpeg 1536w\" sizes=\"(max-width: 706px) 89vw, (max-width: 767px) 82vw, 740px\" \/><\/p>\n","protected":false},"excerpt":{"rendered":"<p>Actualizaci\u00f3n de datos COVID \u2022 El Departamento de Salud de la Ribera rebaja las cifras del contagio De nuevo, hoy se ha celebrado la reuni\u00f3n telem\u00e1tica con los representantes de los diferentes municipios que integran el Departamento de Salud de la Ribera. En los \u00faltimos 7 d\u00edas, en Alzira hemos pasado de 1333 casos por &hellip; <\/p>\n<p class=\"link-more\"><a href=\"https:\/\/alzira.es\/es\/lenta-milloria-a-alzira-amb-una-incidencia-de-1116-casos-per-cada-100-000-habitants\/\" class=\"more-link\">Continuar leyendo<span class=\"screen-reader-text\"> \u00abLenta mejora en Alzira, con una incidencia de 1116 casos por cada 100.000 habitantes\u00bb<\/span><\/a><\/p>\n","protected":false},"author":29,"featured_media":53499,"comment_status":"","ping_status":"","sticky":false,"template":"","format":"standard","meta":{"_acf_changed":false,"footnotes":""},"categories":[4936],"tags":[],"class_list":["post-53501","post","type-post","status-publish","format-standard","has-post-thumbnail","hentry","category-hemeroteca-es"],"acf":[],"_links":{"self":[{"href":"https:\/\/alzira.es\/es\/wp-json\/wp\/v2\/posts\/53501","targetHints":{"allow":["GET"]}}],"collection":[{"href":"https:\/\/alzira.es\/es\/wp-json\/wp\/v2\/posts"}],"about":[{"href":"https:\/\/alzira.es\/es\/wp-json\/wp\/v2\/types\/post"}],"author":[{"embeddable":true,"href":"https:\/\/alzira.es\/es\/wp-json\/wp\/v2\/users\/29"}],"replies":[{"embeddable":true,"href":"https:\/\/alzira.es\/es\/wp-json\/wp\/v2\/comments?post=53501"}],"version-history":[{"count":0,"href":"https:\/\/alzira.es\/es\/wp-json\/wp\/v2\/posts\/53501\/revisions"}],"wp:featuredmedia":[{"embeddable":true,"href":"https:\/\/alzira.es\/es\/wp-json\/wp\/v2\/media\/53499"}],"wp:attachment":[{"href":"https:\/\/alzira.es\/es\/wp-json\/wp\/v2\/media?parent=53501"}],"wp:term":[{"taxonomy":"category","embeddable":true,"href":"https:\/\/alzira.es\/es\/wp-json\/wp\/v2\/categories?post=53501"},{"taxonomy":"post_tag","embeddable":true,"href":"https:\/\/alzira.es\/es\/wp-json\/wp\/v2\/tags?post=53501"}],"curies":[{"name":"wp","href":"https:\/\/api.w.org\/{rel}","templated":true}]}}