{"id":53497,"date":"2021-02-04T12:41:43","date_gmt":"2021-02-04T11:41:43","guid":{"rendered":"https:\/\/alzira.es\/la-casa-de-la-cultura-d-alzira-millora-les-seues-instal-lacions\/"},"modified":"2021-02-04T12:41:43","modified_gmt":"2021-02-04T11:41:43","slug":"la-casa-de-la-cultura-d-alzira-millora-les-seues-instal-lacions","status":"publish","type":"post","link":"https:\/\/alzira.es\/es\/la-casa-de-la-cultura-d-alzira-millora-les-seues-instal-lacions\/","title":{"rendered":"La Casa de la Cultura de Alzira mejora sus instalaciones"},"content":{"rendered":"<p><strong>El Ayuntamiento de Alzira mejora las instalaciones de la Casa de la Cultura<\/strong>, aprovechando el cierre del edificio a causa de el COVID. Desde el inicio de la actual situaci\u00f3n sanitaria, la vida social y cultural de nuestra ciudad ha tenido que adaptarse a las normas de seguridad y en algunos momentos, como el actual, paralizarse por completo y suspender todas las actividades previstas: exposiciones, funciones de teatro y de cine, conciertos, conferencias, presentaciones&#8230;<\/p>\n<p>Desde la concejal\u00eda de Cultura se ha decidido aprovechar estos meses para mejorar las instalaciones, con una <strong>inversi\u00f3n de 34.300\u20ac<\/strong>, destinados en adaptar el edificio a las normativas sanitarias y a la reparaci\u00f3n de desperfectos y mejoras t\u00e9cnicas.<em> \u00abTodo est\u00e1 preparado para cuando volvamos, que esperamos que sea lo m\u00e1s pronto posible. Hemos decidido destinar nuestro esfuerzo, en los \u00faltimos meses para reinvertir en el sector atendiendo a tres \u00e1mbitos: la adecuaci\u00f3n de los espacios en la normativa COVID, la mejora de las instalaciones y la actividad cultural telem\u00e1tica\u00bb<\/em>, ha comentado el regidor de Cultura, <strong>Alfred Aranda<\/strong>.<\/p>\n<p><span style=\"text-decoration: underline;\"><strong>Mejoras<\/strong><\/span><\/p>\n<p>\u2022 En la <strong>Sala de Exposiciones<\/strong> se han sustituido los canalones de recogida de aguas pluviales y se ha instalado una pasarela que permite el acceso en la cubierta de vidrio del patio de luces. As\u00ed mismo se ha limpiado el salitre y se ha tratado el muro de piedra de la Sala II de Exposiciones, se ha cambiado a LED la iluminaci\u00f3n de la Sala III y se ha reforzado la de la Escuela Municipal de Artes Pl\u00e1sticas.<\/p>\n<p>\u2022 En cuanto al <strong>Auditorio<\/strong> se han llevado a cabo obras para trasladar al patio de butacas, la sala de control de sonido e iluminaci\u00f3n, y se ha incorporado equipaci\u00f3n t\u00e9cnica para el control a distancia, un proyector y una pantalla de proyecci\u00f3n. Tambi\u00e9n se ha implementado la iluminaci\u00f3n del escenario y se ha procedido al cambio de foco al sistema de iluminaci\u00f3n LED, con un mejor consumo.<\/p>\n<p>\u2022 Otras intervenciones han sido el <strong>tratamiento contra insectos xil\u00f3fagos<\/strong> en una sala del vest\u00edbulo y la instalaci\u00f3n de 6 \u00ablugares <strong>wifi<\/strong>\u00bb destinados a mejorar la conectividad de las aulas de la Casa de la Cultura.<\/p>\n<p>\u2022 Instalaci\u00f3n del dispositivo <strong>Claudia 2<\/strong>, se trata de un Punto Autom\u00e1tico para que la ciudadan\u00eda pueda hacer tr\u00e1mites administrativos (Certificado de empadronamiento) sin colas, en el horario de apertura del edificio.<\/p>\n<p>\u2022 El personal de la Casa de la Cultura y del Gran Teatro han desarrollado tareas de limpieza, pintura y reparaci\u00f3n en distintos puntos del inmueble y en el mobiliario expositivo. Se ha pintado el escenario y se ha limpiado el tel\u00f3n, bastidores y bambalinas renovando tambi\u00e9n los cordajes. Adem\u00e1s varios profesionales han realizado obras y reparaciones en las diferentes salas y han adquirido los materiales en empresas y comercios de Alzira.<\/p>\n<p>\u2022 En cuanto a la adaptaci\u00f3n del edificio a las <strong>nuevas medidas COVID<\/strong>, se ha procedido a la limpieza y desinfecci\u00f3n del edificio, instalaci\u00f3n de dispensadores de gel hidroalcoh\u00f2licos y pantallas protectoras, colocaci\u00f3n de cerraduras en todos los lavabos, adquisici\u00f3n de bandas se\u00f1alizadoras para la anulaci\u00f3n de asientos, adecuaci\u00f3n de todas las aulas, se\u00f1alizaci\u00f3n de la circulaci\u00f3n por el edificio, difusi\u00f3n de las normas de uso de cada espacio as\u00ed como la preparaci\u00f3n de un espacio COVID para aislar alumnos y\/o usuarios con s\u00edntomas.<\/p>\n<p>Adem\u00e1s desde el primer momento se puso en marcha varias acciones destinadas a ayudar los profesionales alzire\u00f1os del mundo de la Cultura a paliar esta situaci\u00f3n, con la continuidad de las clases telem\u00e1ticas de artes pl\u00e1sticas o las campa\u00f1as Nanofest virtual, Cultura a casa, Cuentos para la radio, Y t\u00fa que pintas, Las bibliotecarias y los bibliotecarios con Carmelina S\u00e0nchez Cutillas, as\u00ed como los concursos de dibujo y el de narrativa Relatos desde la ventana.<\/p>\n<p><em>\u00abHemos llevado el arte a las plazas y calles cumpliendo escrupulosamente las normativas sanitarias que garantizan la seguridad del p\u00fablico y de los profesionales. No nos hemos parado en ning\u00fan momento ni hemos escatimado esfuerzos para mantener viva en nuestra ciudad esta fuente inagotable de riqueza y factor imprescindible de cohesi\u00f3n social que es la cultura. Ahora solo esperamos el momento en qu\u00e9 todas y todos podamos volver a disfrutarla plenamente\u00bb<\/em> ha explicado el regidor.<\/p>\n<p style=\"text-align: justify;\"><img fetchpriority=\"high\" decoding=\"async\" class=\" size-full wp-image-53493\" src=\"https:\/\/alzira.es\/wp-content\/uploads\/2021\/02\/millores_casa_cultura_1.jpg\" alt=\"millores casa cultura 1\" width=\"600\" height=\"414\" \/>&nbsp;&nbsp;<img decoding=\"async\" class=\"size-full wp-image-53495 lazyload\" data-src=\"https:\/\/alzira.es\/wp-content\/uploads\/2021\/02\/millores_casa_cultura_1.jpeg\" alt=\"millores casa cultura 1\" width=\"676\" height=\"414\" src=\"data:image\/svg+xml;base64,PHN2ZyB3aWR0aD0iMSIgaGVpZ2h0PSIxIiB4bWxucz0iaHR0cDovL3d3dy53My5vcmcvMjAwMC9zdmciPjwvc3ZnPg==\" style=\"--smush-placeholder-width: 676px; --smush-placeholder-aspect-ratio: 676\/414;\" \/><\/p>\n","protected":false},"excerpt":{"rendered":"<p>El Ayuntamiento de Alzira mejora las instalaciones de la Casa de la Cultura, aprovechando el cierre del edificio a causa de el COVID. Desde el inicio de la actual situaci\u00f3n sanitaria, la vida social y cultural de nuestra ciudad ha tenido que adaptarse a las normas de seguridad y en algunos momentos, como el actual, &hellip; <\/p>\n<p class=\"link-more\"><a href=\"https:\/\/alzira.es\/es\/la-casa-de-la-cultura-d-alzira-millora-les-seues-instal-lacions\/\" class=\"more-link\">Continuar leyendo<span class=\"screen-reader-text\"> \u00abLa Casa de la Cultura de Alzira mejora sus instalaciones\u00bb<\/span><\/a><\/p>\n","protected":false},"author":29,"featured_media":53493,"comment_status":"","ping_status":"","sticky":false,"template":"","format":"standard","meta":{"_acf_changed":false,"footnotes":""},"categories":[4936],"tags":[],"class_list":["post-53497","post","type-post","status-publish","format-standard","has-post-thumbnail","hentry","category-hemeroteca-es"],"acf":[],"_links":{"self":[{"href":"https:\/\/alzira.es\/es\/wp-json\/wp\/v2\/posts\/53497","targetHints":{"allow":["GET"]}}],"collection":[{"href":"https:\/\/alzira.es\/es\/wp-json\/wp\/v2\/posts"}],"about":[{"href":"https:\/\/alzira.es\/es\/wp-json\/wp\/v2\/types\/post"}],"author":[{"embeddable":true,"href":"https:\/\/alzira.es\/es\/wp-json\/wp\/v2\/users\/29"}],"replies":[{"embeddable":true,"href":"https:\/\/alzira.es\/es\/wp-json\/wp\/v2\/comments?post=53497"}],"version-history":[{"count":0,"href":"https:\/\/alzira.es\/es\/wp-json\/wp\/v2\/posts\/53497\/revisions"}],"wp:featuredmedia":[{"embeddable":true,"href":"https:\/\/alzira.es\/es\/wp-json\/wp\/v2\/media\/53493"}],"wp:attachment":[{"href":"https:\/\/alzira.es\/es\/wp-json\/wp\/v2\/media?parent=53497"}],"wp:term":[{"taxonomy":"category","embeddable":true,"href":"https:\/\/alzira.es\/es\/wp-json\/wp\/v2\/categories?post=53497"},{"taxonomy":"post_tag","embeddable":true,"href":"https:\/\/alzira.es\/es\/wp-json\/wp\/v2\/tags?post=53497"}],"curies":[{"name":"wp","href":"https:\/\/api.w.org\/{rel}","templated":true}]}}