{"id":53448,"date":"2021-02-04T10:13:51","date_gmt":"2021-02-04T09:13:51","guid":{"rendered":"https:\/\/alzira.es\/nou-cents-usuaris-utilitzen-els-punts-de-recarrega-de-vehicles-a-alzira-en-2020-amb-un-total-de-mes-de-quatre-mil-recarregues-2\/"},"modified":"2021-02-04T10:13:51","modified_gmt":"2021-02-04T09:13:51","slug":"nou-cents-usuaris-utilitzen-els-punts-de-recarrega-de-vehicles-a-alzira-en-2020-amb-un-total-de-mes-de-quatre-mil-recarregues-2","status":"publish","type":"post","link":"https:\/\/alzira.es\/es\/nou-cents-usuaris-utilitzen-els-punts-de-recarrega-de-vehicles-a-alzira-en-2020-amb-un-total-de-mes-de-quatre-mil-recarregues-2\/","title":{"rendered":"Nou-cents usuaris utilitzen els punts de rec\u00e0rrega de vehicles a Alzira en 2020 amb un total de m\u00e9s de quatre mil rec\u00e0rregues"},"content":{"rendered":"<p><strong>Alzira compta amb tres punts de rec\u00e0rrega de vehicles el\u00e8ctrics<\/strong>, dos a la pla\u00e7a del Regne i un tercer en el parc Pere Cresp\u00ed.<\/p>\n<p>L&#8217;utilitzaci\u00f3 del<strong> servici <\/strong>\u00e9s<strong> totalment gratu\u00eft<\/strong> i l&#8217;objectiu amb el que van ser instal\u00b7lats els punts de rec\u00e0rrega est\u00e0 amplament cobert si atenem les dades d&#8217;\u00fas de l&#8217;any 2020, com assenyala el regidor de l&#8217;\u00e0rea de Serveis Urbans, <strong>Fernando Pascual<\/strong>, <em>\u00ab900 usuaris han utilitzat el servici, amb un total de 4.140 rec\u00e0rregues, que suposen un estalvi de 12.619 Kg CO2, amb la qual cosa Alzira \u00e9s una ciutat que aposta i contribuix en la cura del medi ambient\u00bb<\/em>.<\/p>\n<p>L&#8217;aposta de la Regidoria per facilitar este servici als usuaris de vehicles el\u00e8ctrics est\u00e0 avalada per les bones xifres d&#8217;utilitzaci\u00f3 i que a m\u00e9s fan que Alzira siga una ciutat accessible, sostenible i que continua avan\u00e7ant des del punt de vista tecnol\u00f2gic, ja que s&#8217;est\u00e0 imposant un canvi de tend\u00e8ncia en el sector de l&#8217;autom\u00f2bil i per tant des del consistori no podem m\u00e9s que afavorir els usuaris de vehicles el\u00e8ctrics per tal que tinguen un servei d&#8217;estes caracter\u00edstiques que ajude a contribuir a la no-emissi\u00f3 de gasos contaminants, <em>\u00abla qual cosa \u00e9s totalment positiva per a una ciutat que vullga presumir d&#8217;estar al capdavant de les tecnologies pr\u00f2pies del segle XXI\u00bb<\/em>, segons ha assenyalat el regidor<strong> Fernando Pascual<\/strong>.<\/p>\n<p style=\"text-align: center;\"><img fetchpriority=\"high\" decoding=\"async\" class=\" size-full wp-image-53445\" src=\"https:\/\/alzira.es\/wp-content\/uploads\/2021\/02\/carrega_cotxes01.jpg\" alt=\"c\u00e0rrega cotxes01\" width=\"800\" height=\"1778\" srcset=\"https:\/\/alzira.es\/wp-content\/uploads\/2021\/02\/carrega_cotxes01.jpg 720w, https:\/\/alzira.es\/wp-content\/uploads\/2021\/02\/carrega_cotxes01-680x1511.jpg 680w, https:\/\/alzira.es\/wp-content\/uploads\/2021\/02\/carrega_cotxes01-482x1072.jpg 482w, https:\/\/alzira.es\/wp-content\/uploads\/2021\/02\/carrega_cotxes01-691x1536.jpg 691w\" sizes=\"(max-width: 706px) 89vw, (max-width: 767px) 82vw, 740px\" \/><\/p>\n","protected":false},"excerpt":{"rendered":"<p>Alzira compta amb tres punts de rec\u00e0rrega de vehicles el\u00e8ctrics, dos a la pla\u00e7a del Regne i un tercer en el parc Pere Cresp\u00ed. L&#8217;utilitzaci\u00f3 del servici \u00e9s totalment gratu\u00eft i l&#8217;objectiu amb el que van ser instal\u00b7lats els punts de rec\u00e0rrega est\u00e0 amplament cobert si atenem les dades d&#8217;\u00fas de l&#8217;any 2020, com assenyala &hellip; <\/p>\n<p class=\"link-more\"><a href=\"https:\/\/alzira.es\/es\/nou-cents-usuaris-utilitzen-els-punts-de-recarrega-de-vehicles-a-alzira-en-2020-amb-un-total-de-mes-de-quatre-mil-recarregues-2\/\" class=\"more-link\">Continuar leyendo<span class=\"screen-reader-text\"> \u00abNou-cents usuaris utilitzen els punts de rec\u00e0rrega de vehicles a Alzira en 2020 amb un total de m\u00e9s de quatre mil rec\u00e0rregues\u00bb<\/span><\/a><\/p>\n","protected":false},"author":29,"featured_media":53445,"comment_status":"","ping_status":"","sticky":false,"template":"","format":"standard","meta":{"_acf_changed":false,"footnotes":""},"categories":[],"tags":[],"class_list":["post-53448","post","type-post","status-publish","format-standard","has-post-thumbnail","hentry"],"acf":[],"_links":{"self":[{"href":"https:\/\/alzira.es\/es\/wp-json\/wp\/v2\/posts\/53448","targetHints":{"allow":["GET"]}}],"collection":[{"href":"https:\/\/alzira.es\/es\/wp-json\/wp\/v2\/posts"}],"about":[{"href":"https:\/\/alzira.es\/es\/wp-json\/wp\/v2\/types\/post"}],"author":[{"embeddable":true,"href":"https:\/\/alzira.es\/es\/wp-json\/wp\/v2\/users\/29"}],"replies":[{"embeddable":true,"href":"https:\/\/alzira.es\/es\/wp-json\/wp\/v2\/comments?post=53448"}],"version-history":[{"count":0,"href":"https:\/\/alzira.es\/es\/wp-json\/wp\/v2\/posts\/53448\/revisions"}],"wp:featuredmedia":[{"embeddable":true,"href":"https:\/\/alzira.es\/es\/wp-json\/wp\/v2\/media\/53445"}],"wp:attachment":[{"href":"https:\/\/alzira.es\/es\/wp-json\/wp\/v2\/media?parent=53448"}],"wp:term":[{"taxonomy":"category","embeddable":true,"href":"https:\/\/alzira.es\/es\/wp-json\/wp\/v2\/categories?post=53448"},{"taxonomy":"post_tag","embeddable":true,"href":"https:\/\/alzira.es\/es\/wp-json\/wp\/v2\/tags?post=53448"}],"curies":[{"name":"wp","href":"https:\/\/api.w.org\/{rel}","templated":true}]}}