{"id":53444,"date":"2021-02-03T09:10:27","date_gmt":"2021-02-03T08:10:27","guid":{"rendered":"https:\/\/alzira.es\/l-ajuntament-d-alzira-posara-a-disposicio-de-la-conselleria-de-sanitat-instal-lacions-municipals-per-a-agilitzar-la-vacunacio-de-la-covid-19-2\/"},"modified":"2021-02-03T09:10:27","modified_gmt":"2021-02-03T08:10:27","slug":"l-ajuntament-d-alzira-posara-a-disposicio-de-la-conselleria-de-sanitat-instal-lacions-municipals-per-a-agilitzar-la-vacunacio-de-la-covid-19-2","status":"publish","type":"post","link":"https:\/\/alzira.es\/es\/l-ajuntament-d-alzira-posara-a-disposicio-de-la-conselleria-de-sanitat-instal-lacions-municipals-per-a-agilitzar-la-vacunacio-de-la-covid-19-2\/","title":{"rendered":"L\u2019Ajuntament d\u2019Alzira posar\u00e0 a disposici\u00f3 de la Conselleria de Sanitat instal\u00b7lacions municipals per a agilitzar la vacunaci\u00f3 de la Covid-19"},"content":{"rendered":"<h3>\u2022 Tot i que les dosis de la vacuna arriben de manera progressiva, si fora necessari, es posaran tots els mitjans per a garantir que la vacunaci\u00f3 siga el m\u00e9s \u00e0gil possible<\/h3>\n<p>L&#8217;Ajuntament d&#8217;Alzira est\u00e0 col\u00b7laborant amb el govern de la Generalitat en tot el que \u00e9s relatiu a esta pand\u00e8mia. Seguint esta l\u00ednia d&#8217;actuaci\u00f3, la intenci\u00f3 \u00e9s posar a la disposici\u00f3 de la Conselleria de Sanitat Universal i Salut P\u00fablica instal\u00b7lacions municipals aix\u00ed com tot el que estiga al seu abast per si, arribat el moment, \u00e9s necessari agilitzar la vacunaci\u00f3 massiva de la poblaci\u00f3 alzirenya contra la Covid 19 en cadascuna de les seues fases.<\/p>\n<p>En un principi seran el local que utilitza l&#8217;Associaci\u00f3 de Jubilats i Pensionistes El J\u00facar a l&#8217;avinguda Sants Patrons i el Centre de conviv\u00e8ncia de Persones Majors Antonia Cerd\u00e0, del carrer Trafalgar, per\u00f2 tamb\u00e9 podran afegir-se altres instal\u00b7lacions com la Casa de la Cultura, els Poliesportius, el Camp d&#8217;Esports Ven\u00e8cia o la Piscina Coberta per tal de garantir el subministrament m\u00e9s \u00e0gil possible i efectiu.<\/p>\n<p style=\"text-align: center;\"><img fetchpriority=\"high\" decoding=\"async\" class=\" size-full wp-image-53441\" src=\"https:\/\/alzira.es\/wp-content\/uploads\/2021\/02\/02022021_Locals_per_a_vacunar.jpeg\" alt=\"02022021 Locals per a vacunar\" width=\"1200\" height=\"1801\" srcset=\"https:\/\/alzira.es\/wp-content\/uploads\/2021\/02\/02022021_Locals_per_a_vacunar.jpeg 1066w, https:\/\/alzira.es\/wp-content\/uploads\/2021\/02\/02022021_Locals_per_a_vacunar-680x1021.jpeg 680w, https:\/\/alzira.es\/wp-content\/uploads\/2021\/02\/02022021_Locals_per_a_vacunar-714x1072.jpeg 714w, https:\/\/alzira.es\/wp-content\/uploads\/2021\/02\/02022021_Locals_per_a_vacunar-768x1153.jpeg 768w, https:\/\/alzira.es\/wp-content\/uploads\/2021\/02\/02022021_Locals_per_a_vacunar-1023x1536.jpeg 1023w\" sizes=\"(max-width: 706px) 89vw, (max-width: 767px) 82vw, 740px\" \/><\/p>\n","protected":false},"excerpt":{"rendered":"<p>\u2022 Tot i que les dosis de la vacuna arriben de manera progressiva, si fora necessari, es posaran tots els mitjans per a garantir que la vacunaci\u00f3 siga el m\u00e9s \u00e0gil possible L&#8217;Ajuntament d&#8217;Alzira est\u00e0 col\u00b7laborant amb el govern de la Generalitat en tot el que \u00e9s relatiu a esta pand\u00e8mia. Seguint esta l\u00ednia d&#8217;actuaci\u00f3, &hellip; <\/p>\n<p class=\"link-more\"><a href=\"https:\/\/alzira.es\/es\/l-ajuntament-d-alzira-posara-a-disposicio-de-la-conselleria-de-sanitat-instal-lacions-municipals-per-a-agilitzar-la-vacunacio-de-la-covid-19-2\/\" class=\"more-link\">Continuar leyendo<span class=\"screen-reader-text\"> \u00abL\u2019Ajuntament d\u2019Alzira posar\u00e0 a disposici\u00f3 de la Conselleria de Sanitat instal\u00b7lacions municipals per a agilitzar la vacunaci\u00f3 de la Covid-19\u00bb<\/span><\/a><\/p>\n","protected":false},"author":29,"featured_media":53441,"comment_status":"","ping_status":"","sticky":false,"template":"","format":"standard","meta":{"_acf_changed":false,"footnotes":""},"categories":[],"tags":[],"class_list":["post-53444","post","type-post","status-publish","format-standard","has-post-thumbnail","hentry"],"acf":[],"_links":{"self":[{"href":"https:\/\/alzira.es\/es\/wp-json\/wp\/v2\/posts\/53444","targetHints":{"allow":["GET"]}}],"collection":[{"href":"https:\/\/alzira.es\/es\/wp-json\/wp\/v2\/posts"}],"about":[{"href":"https:\/\/alzira.es\/es\/wp-json\/wp\/v2\/types\/post"}],"author":[{"embeddable":true,"href":"https:\/\/alzira.es\/es\/wp-json\/wp\/v2\/users\/29"}],"replies":[{"embeddable":true,"href":"https:\/\/alzira.es\/es\/wp-json\/wp\/v2\/comments?post=53444"}],"version-history":[{"count":0,"href":"https:\/\/alzira.es\/es\/wp-json\/wp\/v2\/posts\/53444\/revisions"}],"wp:featuredmedia":[{"embeddable":true,"href":"https:\/\/alzira.es\/es\/wp-json\/wp\/v2\/media\/53441"}],"wp:attachment":[{"href":"https:\/\/alzira.es\/es\/wp-json\/wp\/v2\/media?parent=53444"}],"wp:term":[{"taxonomy":"category","embeddable":true,"href":"https:\/\/alzira.es\/es\/wp-json\/wp\/v2\/categories?post=53444"},{"taxonomy":"post_tag","embeddable":true,"href":"https:\/\/alzira.es\/es\/wp-json\/wp\/v2\/tags?post=53444"}],"curies":[{"name":"wp","href":"https:\/\/api.w.org\/{rel}","templated":true}]}}