{"id":53443,"date":"2021-02-03T09:10:27","date_gmt":"2021-02-03T08:10:27","guid":{"rendered":"https:\/\/alzira.es\/l-ajuntament-d-alzira-posara-a-disposicio-de-la-conselleria-de-sanitat-instal-lacions-municipals-per-a-agilitzar-la-vacunacio-de-la-covid-19\/"},"modified":"2021-02-03T09:10:27","modified_gmt":"2021-02-03T08:10:27","slug":"l-ajuntament-d-alzira-posara-a-disposicio-de-la-conselleria-de-sanitat-instal-lacions-municipals-per-a-agilitzar-la-vacunacio-de-la-covid-19","status":"publish","type":"post","link":"https:\/\/alzira.es\/es\/l-ajuntament-d-alzira-posara-a-disposicio-de-la-conselleria-de-sanitat-instal-lacions-municipals-per-a-agilitzar-la-vacunacio-de-la-covid-19\/","title":{"rendered":"El Ayuntamiento de Alzira pondr\u00e1 a disposici\u00f3n de la Conselleria de Sanidad instalaciones municipales para agilizar la vacunaci\u00f3n del Covid-19"},"content":{"rendered":"<h3>\u2022 A pesar de que las dosis de la vacuna llegan de manera progresiva, si fuera necesario, se pondr\u00e1n todos los medios para garantizar que la vacunaci\u00f3n sea lo m\u00e1s \u00e1gil posible<\/h3>\n<p>El Ayuntamiento de Alzira est\u00e1 colaborando con el gobierno de la Generalitat en todo lo que es relativo a esta pandemia. Siguiendo esta l\u00ednea de actuaci\u00f3n, la intenci\u00f3n es poner a disposici\u00f3n de la Conselleria de Sanidad Universal y Salud P\u00fablica instalaciones municipales as\u00ed como todo el que est\u00e9 a su alcance por si, llegado el momento, es necesario agilizar la vacunaci\u00f3n masiva de la poblaci\u00f3n alzire\u00f1a contra el Covid 19 en cada una de sus fases.<\/p>\n<p>En un principio ser\u00e1n el local que utiliza la Asociaci\u00f3n de Jubilados y Pensionistas El J\u00facar en la avenida Sants Patrones y el Centro de convivencia de Personas Mayores Antonia Cerd\u00e0, de la calle Trafalgar, pero tambi\u00e9n podr\u00e1n a\u00f1adirse otras instalaciones como la Casa de la Cultura, los Polideportivos, el Camp de Deportes Venecia o la Piscina Cubierta para garantizar el suministro m\u00e1s \u00e1gil posible y efectivo.<\/p>\n<p style=\"text-align: center;\"><img fetchpriority=\"high\" decoding=\"async\" class=\" size-full wp-image-53441\" src=\"https:\/\/alzira.es\/wp-content\/uploads\/2021\/02\/02022021_Locals_per_a_vacunar.jpeg\" alt=\"02022021 Locals per a vacunar\" width=\"1200\" height=\"1801\" srcset=\"https:\/\/alzira.es\/wp-content\/uploads\/2021\/02\/02022021_Locals_per_a_vacunar.jpeg 1066w, https:\/\/alzira.es\/wp-content\/uploads\/2021\/02\/02022021_Locals_per_a_vacunar-680x1021.jpeg 680w, https:\/\/alzira.es\/wp-content\/uploads\/2021\/02\/02022021_Locals_per_a_vacunar-714x1072.jpeg 714w, https:\/\/alzira.es\/wp-content\/uploads\/2021\/02\/02022021_Locals_per_a_vacunar-768x1153.jpeg 768w, https:\/\/alzira.es\/wp-content\/uploads\/2021\/02\/02022021_Locals_per_a_vacunar-1023x1536.jpeg 1023w\" sizes=\"(max-width: 706px) 89vw, (max-width: 767px) 82vw, 740px\" \/><\/p>\n","protected":false},"excerpt":{"rendered":"<p>\u2022 A pesar de que las dosis de la vacuna llegan de manera progresiva, si fuera necesario, se pondr\u00e1n todos los medios para garantizar que la vacunaci\u00f3n sea lo m\u00e1s \u00e1gil posible El Ayuntamiento de Alzira est\u00e1 colaborando con el gobierno de la Generalitat en todo lo que es relativo a esta pandemia. Siguiendo esta &hellip; <\/p>\n<p class=\"link-more\"><a href=\"https:\/\/alzira.es\/es\/l-ajuntament-d-alzira-posara-a-disposicio-de-la-conselleria-de-sanitat-instal-lacions-municipals-per-a-agilitzar-la-vacunacio-de-la-covid-19\/\" class=\"more-link\">Continuar leyendo<span class=\"screen-reader-text\"> \u00abEl Ayuntamiento de Alzira pondr\u00e1 a disposici\u00f3n de la Conselleria de Sanidad instalaciones municipales para agilizar la vacunaci\u00f3n del Covid-19\u00bb<\/span><\/a><\/p>\n","protected":false},"author":29,"featured_media":53441,"comment_status":"","ping_status":"","sticky":false,"template":"","format":"standard","meta":{"_acf_changed":false,"footnotes":""},"categories":[4936],"tags":[],"class_list":["post-53443","post","type-post","status-publish","format-standard","has-post-thumbnail","hentry","category-hemeroteca-es"],"acf":[],"_links":{"self":[{"href":"https:\/\/alzira.es\/es\/wp-json\/wp\/v2\/posts\/53443","targetHints":{"allow":["GET"]}}],"collection":[{"href":"https:\/\/alzira.es\/es\/wp-json\/wp\/v2\/posts"}],"about":[{"href":"https:\/\/alzira.es\/es\/wp-json\/wp\/v2\/types\/post"}],"author":[{"embeddable":true,"href":"https:\/\/alzira.es\/es\/wp-json\/wp\/v2\/users\/29"}],"replies":[{"embeddable":true,"href":"https:\/\/alzira.es\/es\/wp-json\/wp\/v2\/comments?post=53443"}],"version-history":[{"count":0,"href":"https:\/\/alzira.es\/es\/wp-json\/wp\/v2\/posts\/53443\/revisions"}],"wp:featuredmedia":[{"embeddable":true,"href":"https:\/\/alzira.es\/es\/wp-json\/wp\/v2\/media\/53441"}],"wp:attachment":[{"href":"https:\/\/alzira.es\/es\/wp-json\/wp\/v2\/media?parent=53443"}],"wp:term":[{"taxonomy":"category","embeddable":true,"href":"https:\/\/alzira.es\/es\/wp-json\/wp\/v2\/categories?post=53443"},{"taxonomy":"post_tag","embeddable":true,"href":"https:\/\/alzira.es\/es\/wp-json\/wp\/v2\/tags?post=53443"}],"curies":[{"name":"wp","href":"https:\/\/api.w.org\/{rel}","templated":true}]}}