{"id":53440,"date":"2021-02-02T16:02:10","date_gmt":"2021-02-02T15:02:10","guid":{"rendered":"https:\/\/alzira.es\/ajudes-del-pla-resisteix-ajuntaments-a-autonoms-i-microempreses-de-la-ciutat-2\/"},"modified":"2021-02-02T16:02:10","modified_gmt":"2021-02-02T15:02:10","slug":"ajudes-del-pla-resisteix-ajuntaments-a-autonoms-i-microempreses-de-la-ciutat-2","status":"publish","type":"post","link":"https:\/\/alzira.es\/es\/ajudes-del-pla-resisteix-ajuntaments-a-autonoms-i-microempreses-de-la-ciutat-2\/","title":{"rendered":"Ajudes del Pla Resisteix Ajuntaments a aut\u00f2noms i microempreses de la ciutat"},"content":{"rendered":"<h3>Alzira comen\u00e7a el tr\u00e0mit per a les ajudes del Pla Resisteix Ajuntaments a aut\u00f2noms i microempreses de la ciutat<\/h3>\n<p><strong>\u2022 Suposa la posada en marxa de 1.1 M\u20ac entre els sectors m\u00e9s afectats per la pand\u00e8mia detallats al Decret Llei<\/strong><br \/><strong>\u2022 Les ajudes es podran sol\u00b7licitar a partir de la segona setmana de febrer a la seu electr\u00f2nica de l&#8217;ajuntament<\/strong><br \/><strong>\u2022 Ajudes per a despeses corrents de 2000 \u20ac per aut\u00f2nom o microempresa i 200 \u20ac per treballador<\/strong><\/p>\n<p>L&#8217;Ajuntament d&#8217;Alzira ja ha comunicat a la Generalitat l&#8217;acord municipal d&#8217;acceptaci\u00f3 de les <strong>ajudes del Pla Resisteix<\/strong> Ajuntaments i comprom\u00eds d&#8217;aportar l&#8217;import de 172.499 euros, de participaci\u00f3 municipal. Les conegudes com Ajudes Par\u00e8ntesi d&#8217;Alzira estan dotades amb 1.149.992 \u20ac, aportats en un 62,5% per la Generalitat, en un 22,5% per les Diputacions Provincials, i en el 15% restant, per l&#8217;Ajuntament.<\/p>\n<p>Una vegada acceptada l&#8217;ajuda, l&#8217;Ajuntament publicar\u00e0 les bases esta mateixa setmana. Est\u00e0 previst que a partir de la setmana que ve ja es puguen presentar les sol\u00b7licituds per part dels interessats mitjan\u00e7ant la seu electr\u00f2nica municipal des de l&#8217;apartat Tramita des de casa.<\/p>\n<p><em>\u00abLa intenci\u00f3 \u00e9s poder accelerar el tr\u00e0mit municipal de manera que el pagament a les persones afectades, aut\u00f2noms o microempreses de les activitats indicades per la Generalitat, es puga fer efectiu tan prompte com siga possible. La nostra intenci\u00f3 \u00e9s que dins del mes de febrer es comence a pagar\u00bb<\/em> Ha explicat l&#8217;alcalde, <strong>Diego G\u00f3mez<\/strong>.<\/p>\n<p>Segons el que determina l&#8217;annex 2 del Decret Llei 1\/2021,<strong> les ajudes es destinen als els sectors m\u00e9s afectats per la COVID 19<\/strong>, com l&#8217;hoteleria i els allotjaments tur\u00edstics, l&#8217;hostaleria i la restauraci\u00f3, les activitats tur\u00edstiques (com ara ag\u00e8ncies de viatge, operadors tur\u00edstics o serveis de reserva) i les activitats art\u00edstiques i d&#8217;oci (com ara les arts esc\u00e8niques, la gesti\u00f3 de sales d&#8217;espectacles, els gimnasos, els parcs d&#8217;atraccions o les ludoteques).<\/p>\n<p>Les ajudes, dirigides a cobrir despeses corrents des d&#8217;abril de 2020, tenen una quantitat fixa de 2.000\u20ac per cada persona treballadora aut\u00f2noma o microempresa amb un m\u00e0xim de 10 persones treballadores i d&#8217;una quantitat fixa de 200\u20ac per persona treballadora afiliada a la Seguretat Social a data 31 de desembre de 2020 d&#8217;aquestes microempreses i persones treballadores aut\u00f2nomes.<\/p>\n<p>La participaci\u00f3 en el present Pla (Resisteix Ajuntaments) ser\u00e0 compatible amb altres subvencions, ajudes, ingressos o recursos procedents de qualssevol administraci\u00f3 o ens p\u00fablics o privats nacional, de la Uni\u00f3 Europea o d&#8217;organismes internacionals, i concedits per a la mateixa finalitat prevista en el present decret llei. Aquesta compatibilitat estar\u00e0 condicionada al fet que l&#8217;import de les ajudes, a\u00eflladament o en concurr\u00e8ncia amb unes altres, no supere el cost de l&#8217;activitat subvencionada.<\/p>\n<p><strong>Pla Resisteix: Quatre blocs d&#8217;ajudes<\/strong><\/p>\n<p>La Generalitat presentava la passada setmana el pla Resisteix, per a la reactivaci\u00f3 urgent dels sectors m\u00e9s afectats per la COVID-19. El pla de xoc s&#8217;articula en quatre blocs:<br \/>\u2022 Fons de Cooperaci\u00f3 COVID-19 (Resisteix Ajuntaments), acordat amb diputacions i ajuntaments, que ascendeix a 127 milions d&#8217;euros. Publicades al DOCV. Decret Llei 1\/2021. S&#8217;amplia tamb\u00e9 amb ajudes a l&#8217;artesania o a altres sectors vinculats a la festa que estan patint, en gran manera, les conseq\u00fc\u00e8ncies de la pand\u00e8mia.<br \/>\u2022 Ajudes directes a empreses, aut\u00f2noms: 80 milions d&#8217;euros d&#8217;ajudes directes de la Generalitat dirigides a bonificar fins al 100 % les quotes a la Seguretat Social (Tramita Labora del 4 al 17 de febrer) i ajudes per a treballadors afectats per ERTO, 17 milions d&#8217;euros (Transfer\u00e8ncia directa als afectats). Publicades al Decret Llei 2\/2021<br \/>\u2022 Ajudes espec\u00edfiques per a sectors amb un perjudici sostingut durant tota la pand\u00e8mia, amb 8 milions d&#8217;euros; pel tancament total de la seua activitat o per la reducci\u00f3 dr\u00e0stica dels ingressos. Activitats de l&#8217;oci i l&#8217;entreteniment.<br \/>\u2022 Instruments financers nous de l&#8217;Institut Valenci\u00e0 de Finances (IVF): 50 milions d&#8217;euros per a pr\u00e9stecs bonificats de fins a 750.000 euros per a les empreses vinculades a l&#8217;oci, l&#8217;allotjament i la restauraci\u00f3 i activitats connexes i 50 milions d&#8217;euros m\u00e9s, per a una l\u00ednia per a pr\u00e9stecs participatius, de fins a 800.000 euros.<br \/>Cal destacar que estes ajudes no tindran un car\u00e0cter excloent, per la qual cosa una mateixa empresa o aut\u00f2nom podr\u00e0 optar a m\u00e9s d&#8217;una prestaci\u00f3 de les que s&#8217;inclouen en el pla Resisteix, amb l&#8217;objectiu que tinguen un impacte real en tot el territori i responguen realment a les necessitats de les diferents realitats productives que es donen dins de cada sector.<\/p>\n<p style=\"text-align: center;\">.<img fetchpriority=\"high\" decoding=\"async\" class=\" size-full wp-image-53437\" src=\"https:\/\/alzira.es\/wp-content\/uploads\/2021\/02\/02022021_ajudes_pla_resisteix.jpeg\" alt=\"02022021 ajudes pla resisteix\" width=\"1200\" height=\"1200\" srcset=\"https:\/\/alzira.es\/wp-content\/uploads\/2021\/02\/02022021_ajudes_pla_resisteix.jpeg 1201w, https:\/\/alzira.es\/wp-content\/uploads\/2021\/02\/02022021_ajudes_pla_resisteix-680x680.jpeg 680w, https:\/\/alzira.es\/wp-content\/uploads\/2021\/02\/02022021_ajudes_pla_resisteix-1072x1072.jpeg 1072w, https:\/\/alzira.es\/wp-content\/uploads\/2021\/02\/02022021_ajudes_pla_resisteix-350x350.jpeg 350w, https:\/\/alzira.es\/wp-content\/uploads\/2021\/02\/02022021_ajudes_pla_resisteix-768x768.jpeg 768w, https:\/\/alzira.es\/wp-content\/uploads\/2021\/02\/02022021_ajudes_pla_resisteix-300x300.jpeg 300w, https:\/\/alzira.es\/wp-content\/uploads\/2021\/02\/02022021_ajudes_pla_resisteix-100x100.jpeg 100w\" sizes=\"(max-width: 706px) 89vw, (max-width: 767px) 82vw, 740px\" \/><\/p>\n<p>&nbsp;<\/p>\n<p>&nbsp;<\/p>\n","protected":false},"excerpt":{"rendered":"<p>Alzira comen\u00e7a el tr\u00e0mit per a les ajudes del Pla Resisteix Ajuntaments a aut\u00f2noms i microempreses de la ciutat \u2022 Suposa la posada en marxa de 1.1 M\u20ac entre els sectors m\u00e9s afectats per la pand\u00e8mia detallats al Decret Llei\u2022 Les ajudes es podran sol\u00b7licitar a partir de la segona setmana de febrer a la &hellip; <\/p>\n<p class=\"link-more\"><a href=\"https:\/\/alzira.es\/es\/ajudes-del-pla-resisteix-ajuntaments-a-autonoms-i-microempreses-de-la-ciutat-2\/\" class=\"more-link\">Continuar leyendo<span class=\"screen-reader-text\"> \u00abAjudes del Pla Resisteix Ajuntaments a aut\u00f2noms i microempreses de la ciutat\u00bb<\/span><\/a><\/p>\n","protected":false},"author":36,"featured_media":53437,"comment_status":"","ping_status":"","sticky":false,"template":"","format":"standard","meta":{"_acf_changed":false,"footnotes":""},"categories":[],"tags":[],"class_list":["post-53440","post","type-post","status-publish","format-standard","has-post-thumbnail","hentry"],"acf":[],"_links":{"self":[{"href":"https:\/\/alzira.es\/es\/wp-json\/wp\/v2\/posts\/53440","targetHints":{"allow":["GET"]}}],"collection":[{"href":"https:\/\/alzira.es\/es\/wp-json\/wp\/v2\/posts"}],"about":[{"href":"https:\/\/alzira.es\/es\/wp-json\/wp\/v2\/types\/post"}],"author":[{"embeddable":true,"href":"https:\/\/alzira.es\/es\/wp-json\/wp\/v2\/users\/36"}],"replies":[{"embeddable":true,"href":"https:\/\/alzira.es\/es\/wp-json\/wp\/v2\/comments?post=53440"}],"version-history":[{"count":0,"href":"https:\/\/alzira.es\/es\/wp-json\/wp\/v2\/posts\/53440\/revisions"}],"wp:featuredmedia":[{"embeddable":true,"href":"https:\/\/alzira.es\/es\/wp-json\/wp\/v2\/media\/53437"}],"wp:attachment":[{"href":"https:\/\/alzira.es\/es\/wp-json\/wp\/v2\/media?parent=53440"}],"wp:term":[{"taxonomy":"category","embeddable":true,"href":"https:\/\/alzira.es\/es\/wp-json\/wp\/v2\/categories?post=53440"},{"taxonomy":"post_tag","embeddable":true,"href":"https:\/\/alzira.es\/es\/wp-json\/wp\/v2\/tags?post=53440"}],"curies":[{"name":"wp","href":"https:\/\/api.w.org\/{rel}","templated":true}]}}