{"id":53439,"date":"2021-02-02T16:02:10","date_gmt":"2021-02-02T15:02:10","guid":{"rendered":"https:\/\/alzira.es\/ajudes-del-pla-resisteix-ajuntaments-a-autonoms-i-microempreses-de-la-ciutat\/"},"modified":"2021-02-02T16:02:10","modified_gmt":"2021-02-02T15:02:10","slug":"ajudes-del-pla-resisteix-ajuntaments-a-autonoms-i-microempreses-de-la-ciutat","status":"publish","type":"post","link":"https:\/\/alzira.es\/es\/ajudes-del-pla-resisteix-ajuntaments-a-autonoms-i-microempreses-de-la-ciutat\/","title":{"rendered":"Ayudas del Plan Resiste Ayuntamientos a aut\u00f3nomos y microempresas de la ciudad"},"content":{"rendered":"<h3>Alzira empieza el tr\u00e1mite para las ayudas del Plan Resiste Ayuntamientos a aut\u00f3nomos y microempresas de la ciudad<\/h3>\n<p><strong>\u2022 Supone la puesta en marcha de 1.1 M\u20ac entre los sectores m\u00e1s afectados por la pandemia detallados en el Decreto Ley<\/strong><br \/><strong>\u2022 Las ayudas se podr\u00e1n solicitar a partir de la segunda semana de febrero en la sede electr\u00f3nica del ayuntamiento<\/strong><br \/><strong>\u2022 Ayudas para gastos corrientes de 2000 \u20ac por aut\u00f3nomo o microempresa y 200 \u20ac por trabajador<\/strong><\/p>\n<p>El Ayuntamiento de Alzira ya ha comunicado a la Generalitat el acuerdo municipal de aceptaci\u00f3n de las <strong>ayudas del Plan Resiste<\/strong> Ayuntamientos y compromiso de aportar el importe de 172.499 euros, de participaci\u00f3n municipal. Las conocidas como Ayudas Par\u00e9ntesis de Alzira est\u00e1n dotadas con 1.149.992 \u20ac, aportados en un 62,5% por la Generalitat, en un 22,5% por las Diputaciones Provinciales, y en el 15% restante, por el Ayuntamiento.<\/p>\n<p><strong>Una vez aceptada la ayuda, el Ayuntamiento publicar\u00e1 las bases esta misma semana<\/strong>. Est\u00e1 previsto que a partir de la semana que viene semana ya se puedan presentar las solicitudes por parte de los interesados mediante la sede electr\u00f3nica municipal desde el apartado Tramita desde casa.<\/p>\n<p><em>\u00abLa intenci\u00f3n es poder acelerar el tr\u00e1mite municipal de forma que el pago a las personas afectadas, aut\u00f3nomos o microempresas de las actividades indicadas por la Generalitat, se pueda hacer efectivo tan pronto como sea posible. Nuestra intenci\u00f3n es que dentro del mes de febrero se empiece a pagar\u00bb<\/em> Ha explicado el alcalde, <strong>Diego G\u00f3mez<\/strong>.<\/p>\n<p>Seg\u00fan el que determina el anexo 2 del Decreto Ley 1\/2021, <strong>las ayudas se destinan a los sectores m\u00e1s afectados por el COVID 19<\/strong>, como la hoteleria y los alojamientos tur\u00edsticos, la hosteler\u00eda y la restauraci\u00f3n, las actividades tur\u00edsticas (como por ejemplo agencias de viaje, operadores tur\u00edsticos o servicios de reserva) y las actividades art\u00edsticas y de ocio (como por ejemplo las artes esc\u00e9nicas, la gesti\u00f3n de salas de espect\u00e1culos, los gimnasios, los parques de atracciones o las ludotecas).<\/p>\n<p>Las ayudas, dirigidas a cubrir gastos corrientes desde abril de 2020, tienen una cantidad fija de 2.000\u20ac por cada persona trabajadora aut\u00f3noma o microempresa con un m\u00e1ximo de 10 personas trabajadoras y de una cantidad fija de 200\u20ac por persona trabajadora afiliada a la Seguridad Social a fecha 31 de diciembre de 2020 de estas microempresas y personas trabajadoras aut\u00f3nomas.<\/p>\n<p>La participaci\u00f3n en el presente Plano (Resiste Ayuntamientos) ser\u00e1 compatible con otras subvenciones, ayudas, ingresos o recursos procedentes de cualesquier administraci\u00f3n o entes p\u00fablicos o privados nacional, de la Uni\u00f3n Europea o de organismos internacionales, y concedidos para la misma finalidad prevista en el presente decreto ley. Esta compatibilidad estar\u00e1 condicionada al hecho que el importe de las ayudas, aisladamente o en concurrencia con otras, no supere el coste de la actividad subvencionada.<\/p>\n<p><strong>Plan Resiste: Cuatro bloques de ayudas<\/strong><\/p>\n<p>La Generalitat presentaba la pasada semana el plan Resiste, para la reactivaci\u00f3n urgente de los sectores m\u00e1s afectados por el COVID-19. El plan de choque se articula en cuatro bloques:<br \/>\u2022 Fondo de Cooperaci\u00f3n COVID-19 (Resiste Ayuntamientos), acordado con diputaciones y ayuntamientos, que asciende a 127 millones de euros. Publicadas al DOCV. Decreto Ley 1\/2021. Se ampl\u00eda tambi\u00e9n con ayudas a la artesan\u00eda o a otros sectores vinculados en la fiesta que est\u00e1n sufriendo, en gran medida, las consecuencias de la pandemia.<br \/>\u2022 Ayudas directas a empresas, aut\u00f3nomos: 80 millones de euros de ayudas directas de la Generalitat dirigidas a bonificar hasta el 100% las cuotas a la Seguridad Social (Tramita Labora del 4 al 17 de febrero) y ayudas para trabajadores afectados por ERTE, 17 millones de euros (Transferencia directa a los afectados). Publicadas en el Decreto Ley 2\/2021<br \/>\u2022 Ayudas espec\u00edficas para sectores con un perjuicio sostenido durante toda la pandemia, con 8 millones de euros; por el cierre total de su actividad o por la reducci\u00f3n dr\u00e1stica de los ingresos. Actividades del ocio y el entretenimiento.<br \/>\u2022 Instrumentos financieros nuevos del Instituto Valenciano de Finanzas (IVF): 50 millones de euros para pr\u00e9stamos bonificados de hasta 750.000 euros para las empresas vinculadas al ocio, el alojamiento y la restauraci\u00f3n y actividades conexas y 50 millones de euros m\u00e1s, para una l\u00ednea para pr\u00e9stamos participativos, de hasta 800.000 euros.<br \/>Hay que destacar que estas ayudas no tendr\u00e1n un car\u00e1cter excluyente, por lo cual una misma empresa o aut\u00f3nomo podr\u00e1 optar adem\u00e1s de una prestaci\u00f3n de las que se incluyen en el plan Resiste, con el objetivo que tengan un impacto real en todo el territorio y respondan realmente a las necesidades de las diferentes realidades productivas que se dan dentro de cada sector.<\/p>\n<p style=\"text-align: center;\"><img fetchpriority=\"high\" decoding=\"async\" class=\" size-full wp-image-53437\" src=\"https:\/\/alzira.es\/wp-content\/uploads\/2021\/02\/02022021_ajudes_pla_resisteix.jpeg\" alt=\"02022021 ajudes pla resisteix\" width=\"1200\" height=\"1200\" srcset=\"https:\/\/alzira.es\/wp-content\/uploads\/2021\/02\/02022021_ajudes_pla_resisteix.jpeg 1201w, https:\/\/alzira.es\/wp-content\/uploads\/2021\/02\/02022021_ajudes_pla_resisteix-680x680.jpeg 680w, https:\/\/alzira.es\/wp-content\/uploads\/2021\/02\/02022021_ajudes_pla_resisteix-1072x1072.jpeg 1072w, https:\/\/alzira.es\/wp-content\/uploads\/2021\/02\/02022021_ajudes_pla_resisteix-350x350.jpeg 350w, https:\/\/alzira.es\/wp-content\/uploads\/2021\/02\/02022021_ajudes_pla_resisteix-768x768.jpeg 768w, https:\/\/alzira.es\/wp-content\/uploads\/2021\/02\/02022021_ajudes_pla_resisteix-300x300.jpeg 300w, https:\/\/alzira.es\/wp-content\/uploads\/2021\/02\/02022021_ajudes_pla_resisteix-100x100.jpeg 100w\" sizes=\"(max-width: 706px) 89vw, (max-width: 767px) 82vw, 740px\" \/><\/p>\n<p>&nbsp;<\/p>\n<p>&nbsp;<\/p>\n","protected":false},"excerpt":{"rendered":"<p>Alzira empieza el tr\u00e1mite para las ayudas del Plan Resiste Ayuntamientos a aut\u00f3nomos y microempresas de la ciudad \u2022 Supone la puesta en marcha de 1.1 M\u20ac entre los sectores m\u00e1s afectados por la pandemia detallados en el Decreto Ley\u2022 Las ayudas se podr\u00e1n solicitar a partir de la segunda semana de febrero en la &hellip; <\/p>\n<p class=\"link-more\"><a href=\"https:\/\/alzira.es\/es\/ajudes-del-pla-resisteix-ajuntaments-a-autonoms-i-microempreses-de-la-ciutat\/\" class=\"more-link\">Continuar leyendo<span class=\"screen-reader-text\"> \u00abAyudas del Plan Resiste Ayuntamientos a aut\u00f3nomos y microempresas de la ciudad\u00bb<\/span><\/a><\/p>\n","protected":false},"author":36,"featured_media":53437,"comment_status":"","ping_status":"","sticky":false,"template":"","format":"standard","meta":{"_acf_changed":false,"footnotes":""},"categories":[4936],"tags":[],"class_list":["post-53439","post","type-post","status-publish","format-standard","has-post-thumbnail","hentry","category-hemeroteca-es"],"acf":[],"_links":{"self":[{"href":"https:\/\/alzira.es\/es\/wp-json\/wp\/v2\/posts\/53439","targetHints":{"allow":["GET"]}}],"collection":[{"href":"https:\/\/alzira.es\/es\/wp-json\/wp\/v2\/posts"}],"about":[{"href":"https:\/\/alzira.es\/es\/wp-json\/wp\/v2\/types\/post"}],"author":[{"embeddable":true,"href":"https:\/\/alzira.es\/es\/wp-json\/wp\/v2\/users\/36"}],"replies":[{"embeddable":true,"href":"https:\/\/alzira.es\/es\/wp-json\/wp\/v2\/comments?post=53439"}],"version-history":[{"count":0,"href":"https:\/\/alzira.es\/es\/wp-json\/wp\/v2\/posts\/53439\/revisions"}],"wp:featuredmedia":[{"embeddable":true,"href":"https:\/\/alzira.es\/es\/wp-json\/wp\/v2\/media\/53437"}],"wp:attachment":[{"href":"https:\/\/alzira.es\/es\/wp-json\/wp\/v2\/media?parent=53439"}],"wp:term":[{"taxonomy":"category","embeddable":true,"href":"https:\/\/alzira.es\/es\/wp-json\/wp\/v2\/categories?post=53439"},{"taxonomy":"post_tag","embeddable":true,"href":"https:\/\/alzira.es\/es\/wp-json\/wp\/v2\/tags?post=53439"}],"curies":[{"name":"wp","href":"https:\/\/api.w.org\/{rel}","templated":true}]}}