{"id":53436,"date":"2021-02-02T10:02:36","date_gmt":"2021-02-02T09:02:36","guid":{"rendered":"https:\/\/alzira.es\/el-parc-de-l-alquerieta-compta-amb-nova-il-luminacio-amb-un-menor-consum-energetic-i-economic-2\/"},"modified":"2021-02-02T10:02:36","modified_gmt":"2021-02-02T09:02:36","slug":"el-parc-de-l-alquerieta-compta-amb-nova-il-luminacio-amb-un-menor-consum-energetic-i-economic-2","status":"publish","type":"post","link":"https:\/\/alzira.es\/es\/el-parc-de-l-alquerieta-compta-amb-nova-il-luminacio-amb-un-menor-consum-energetic-i-economic-2\/","title":{"rendered":"El parc de l\u2019Alquerieta compta amb nova il\u00b7luminaci\u00f3 amb un menor consum energ\u00e8tic i econ\u00f2mic"},"content":{"rendered":"<p><strong>El Pla d&#8217;Inversions 2020-2021 de la Diputaci\u00f3 de Val\u00e8ncia inclou prop de 6.000 euros per a la millora de l&#8217;efici\u00e8ncia energ\u00e8tica en el parc de l&#8217;Alquerieta<\/strong>. S&#8217;han canviat un total de vint-i-dos llumin\u00e0ries que a partir d&#8217;ara utilitzaran la tecnologia led, la qual cosa reporta un menor consum energ\u00e8tic i econ\u00f2mic, a m\u00e9s de proporcionar una millor il\u00b7luminaci\u00f3.<\/p>\n<p><em>\u00abAmb esta actuaci\u00f3 al parc de l&#8217;Alquerieta <strong>aconseguim un estalvi energ\u00e8tic d&#8217;uns 13.000 kW anuals<\/strong>, amb la conseg\u00fcent disminuci\u00f3 de les emissions de CO2 a l&#8217;atmosfera. Des de la Regidoria de Serveis P\u00fablics perseguim fer una ciutat m\u00e9s sostenible on l&#8217;impacte energ\u00e8tic vaja disminuint amb cada intervenci\u00f3 de millora, aconseguint una millor il\u00b7luminaci\u00f3 i complint les normatives vigents\u00bb<\/em>, ha manifestat <strong>Fernando Pascual<\/strong>, regidor de Serveis Urbans de l&#8217;Ajuntament d&#8217;Alzira.<\/p>\n<p>Fins a este canvi el parc de l&#8217;Alquerieta disposava d&#8217;un enllumenat basat en l&#8217;\u00fas de llums de vapor de sodi d&#8217;alta pressi\u00f3, instal\u00b7lades amb anterioritat al Reglament d&#8217;Efici\u00e8ncia Energ\u00e8tica en instal\u00b7lacions d&#8217;il\u00b7luminaci\u00f3 exterior, i on l&#8217;obsolesc\u00e8ncia del material provocava un baix rendiment.<\/p>\n<p><em>\u00abLa intenci\u00f3 des de la Regidoria \u00e9s la de continuar realitzant este tipus de canvis als fanals de les diverses zones de la ciutat que encara no utilitzen la tecnologia led\u00bb<\/em>, segons el regidor.<\/p>\n<p>La pr\u00f2xima zona on s&#8217;est\u00e0 previst actuar \u00e9s en la zona de Sant Judes.<\/p>\n<p style=\"text-align: center;\"><img fetchpriority=\"high\" decoding=\"async\" class=\" size-full wp-image-53429\" src=\"https:\/\/alzira.es\/wp-content\/uploads\/2021\/02\/02022021_Nova_illuminacio_Alquerieta_2.jpeg\" alt=\"02022021 Nova illuminaci\u00f3 Alquerieta 2\" width=\"1000\" height=\"750\" srcset=\"https:\/\/alzira.es\/wp-content\/uploads\/2021\/02\/02022021_Nova_illuminacio_Alquerieta_2.jpeg 1600w, https:\/\/alzira.es\/wp-content\/uploads\/2021\/02\/02022021_Nova_illuminacio_Alquerieta_2-680x510.jpeg 680w, https:\/\/alzira.es\/wp-content\/uploads\/2021\/02\/02022021_Nova_illuminacio_Alquerieta_2-1430x1072.jpeg 1430w, https:\/\/alzira.es\/wp-content\/uploads\/2021\/02\/02022021_Nova_illuminacio_Alquerieta_2-768x576.jpeg 768w, https:\/\/alzira.es\/wp-content\/uploads\/2021\/02\/02022021_Nova_illuminacio_Alquerieta_2-1536x1152.jpeg 1536w\" sizes=\"(max-width: 706px) 89vw, (max-width: 767px) 82vw, 740px\" \/><\/p>\n<p style=\"text-align: center;\"><img decoding=\"async\" class=\"size-full wp-image-53431 lazyload\" data-src=\"https:\/\/alzira.es\/wp-content\/uploads\/2021\/02\/02022021_Nova_illuminacio_Alquerieta_1.jpeg\" alt=\"02022021 Nova illuminaci\u00f3 Alquerieta 1\" width=\"500\" height=\"667\" data-srcset=\"https:\/\/alzira.es\/wp-content\/uploads\/2021\/02\/02022021_Nova_illuminacio_Alquerieta_1.jpeg 1200w, https:\/\/alzira.es\/wp-content\/uploads\/2021\/02\/02022021_Nova_illuminacio_Alquerieta_1-680x907.jpeg 680w, https:\/\/alzira.es\/wp-content\/uploads\/2021\/02\/02022021_Nova_illuminacio_Alquerieta_1-804x1072.jpeg 804w, https:\/\/alzira.es\/wp-content\/uploads\/2021\/02\/02022021_Nova_illuminacio_Alquerieta_1-768x1024.jpeg 768w, https:\/\/alzira.es\/wp-content\/uploads\/2021\/02\/02022021_Nova_illuminacio_Alquerieta_1-300x400.jpeg 300w, https:\/\/alzira.es\/wp-content\/uploads\/2021\/02\/02022021_Nova_illuminacio_Alquerieta_1-1152x1536.jpeg 1152w\" data-sizes=\"(max-width: 500px) 100vw, 500px\" src=\"data:image\/svg+xml;base64,PHN2ZyB3aWR0aD0iMSIgaGVpZ2h0PSIxIiB4bWxucz0iaHR0cDovL3d3dy53My5vcmcvMjAwMC9zdmciPjwvc3ZnPg==\" style=\"--smush-placeholder-width: 500px; --smush-placeholder-aspect-ratio: 500\/667;\" \/>&nbsp;<img decoding=\"async\" class=\"size-full wp-image-53433 lazyload\" data-src=\"https:\/\/alzira.es\/wp-content\/uploads\/2021\/02\/02022021_Nova_illuminacio_Alquerieta_3.jpeg\" alt=\"02022021 Nova illuminaci\u00f3 Alquerieta 3\" width=\"500\" height=\"667\" data-srcset=\"https:\/\/alzira.es\/wp-content\/uploads\/2021\/02\/02022021_Nova_illuminacio_Alquerieta_3.jpeg 1200w, https:\/\/alzira.es\/wp-content\/uploads\/2021\/02\/02022021_Nova_illuminacio_Alquerieta_3-680x907.jpeg 680w, https:\/\/alzira.es\/wp-content\/uploads\/2021\/02\/02022021_Nova_illuminacio_Alquerieta_3-804x1072.jpeg 804w, https:\/\/alzira.es\/wp-content\/uploads\/2021\/02\/02022021_Nova_illuminacio_Alquerieta_3-768x1024.jpeg 768w, https:\/\/alzira.es\/wp-content\/uploads\/2021\/02\/02022021_Nova_illuminacio_Alquerieta_3-300x400.jpeg 300w, https:\/\/alzira.es\/wp-content\/uploads\/2021\/02\/02022021_Nova_illuminacio_Alquerieta_3-1152x1536.jpeg 1152w\" data-sizes=\"(max-width: 500px) 100vw, 500px\" src=\"data:image\/svg+xml;base64,PHN2ZyB3aWR0aD0iMSIgaGVpZ2h0PSIxIiB4bWxucz0iaHR0cDovL3d3dy53My5vcmcvMjAwMC9zdmciPjwvc3ZnPg==\" style=\"--smush-placeholder-width: 500px; --smush-placeholder-aspect-ratio: 500\/667;\" \/><\/p>\n","protected":false},"excerpt":{"rendered":"<p>El Pla d&#8217;Inversions 2020-2021 de la Diputaci\u00f3 de Val\u00e8ncia inclou prop de 6.000 euros per a la millora de l&#8217;efici\u00e8ncia energ\u00e8tica en el parc de l&#8217;Alquerieta. S&#8217;han canviat un total de vint-i-dos llumin\u00e0ries que a partir d&#8217;ara utilitzaran la tecnologia led, la qual cosa reporta un menor consum energ\u00e8tic i econ\u00f2mic, a m\u00e9s de proporcionar &hellip; <\/p>\n<p class=\"link-more\"><a href=\"https:\/\/alzira.es\/es\/el-parc-de-l-alquerieta-compta-amb-nova-il-luminacio-amb-un-menor-consum-energetic-i-economic-2\/\" class=\"more-link\">Continuar leyendo<span class=\"screen-reader-text\"> \u00abEl parc de l\u2019Alquerieta compta amb nova il\u00b7luminaci\u00f3 amb un menor consum energ\u00e8tic i econ\u00f2mic\u00bb<\/span><\/a><\/p>\n","protected":false},"author":29,"featured_media":53429,"comment_status":"","ping_status":"","sticky":false,"template":"","format":"standard","meta":{"_acf_changed":false,"footnotes":""},"categories":[],"tags":[],"class_list":["post-53436","post","type-post","status-publish","format-standard","has-post-thumbnail","hentry"],"acf":[],"_links":{"self":[{"href":"https:\/\/alzira.es\/es\/wp-json\/wp\/v2\/posts\/53436","targetHints":{"allow":["GET"]}}],"collection":[{"href":"https:\/\/alzira.es\/es\/wp-json\/wp\/v2\/posts"}],"about":[{"href":"https:\/\/alzira.es\/es\/wp-json\/wp\/v2\/types\/post"}],"author":[{"embeddable":true,"href":"https:\/\/alzira.es\/es\/wp-json\/wp\/v2\/users\/29"}],"replies":[{"embeddable":true,"href":"https:\/\/alzira.es\/es\/wp-json\/wp\/v2\/comments?post=53436"}],"version-history":[{"count":0,"href":"https:\/\/alzira.es\/es\/wp-json\/wp\/v2\/posts\/53436\/revisions"}],"wp:featuredmedia":[{"embeddable":true,"href":"https:\/\/alzira.es\/es\/wp-json\/wp\/v2\/media\/53429"}],"wp:attachment":[{"href":"https:\/\/alzira.es\/es\/wp-json\/wp\/v2\/media?parent=53436"}],"wp:term":[{"taxonomy":"category","embeddable":true,"href":"https:\/\/alzira.es\/es\/wp-json\/wp\/v2\/categories?post=53436"},{"taxonomy":"post_tag","embeddable":true,"href":"https:\/\/alzira.es\/es\/wp-json\/wp\/v2\/tags?post=53436"}],"curies":[{"name":"wp","href":"https:\/\/api.w.org\/{rel}","templated":true}]}}