{"id":53435,"date":"2021-02-02T10:02:36","date_gmt":"2021-02-02T09:02:36","guid":{"rendered":"https:\/\/alzira.es\/el-parc-de-l-alquerieta-compta-amb-nova-il-luminacio-amb-un-menor-consum-energetic-i-economic\/"},"modified":"2021-02-02T10:02:36","modified_gmt":"2021-02-02T09:02:36","slug":"el-parc-de-l-alquerieta-compta-amb-nova-il-luminacio-amb-un-menor-consum-energetic-i-economic","status":"publish","type":"post","link":"https:\/\/alzira.es\/es\/el-parc-de-l-alquerieta-compta-amb-nova-il-luminacio-amb-un-menor-consum-energetic-i-economic\/","title":{"rendered":"El parque del Alquerieta cuenta con nueva iluminaci\u00f3n con un menor consumo energ\u00e9tico y econ\u00f3mico"},"content":{"rendered":"<p><strong>El Plan de Inversiones 2020-2021 de la Diputaci\u00f3n de Val\u00e8ncia incluye cerca de 6.000 euros para la mejora de la eficiencia energ\u00e9tica en el parque del Alquerieta<\/strong>. Se han cambiado un total de veintid\u00f3s luminarias que a partir de ahora utilizar\u00e1n la tecnolog\u00eda led, lo cual reporta un menor consumo energ\u00e9tico y econ\u00f3mico, adem\u00e1s de proporcionar una mejor iluminaci\u00f3n.<\/p>\n<p><em>\u00abCon esta actuaci\u00f3n en el parque del Alquerieta <strong>conseguimos un ahorro energ\u00e9tico de unos 13.000 kW anuales<\/strong>, con la consiguiente disminuci\u00f3n de las emisiones de CO\u2082 a la atm\u00f3sfera. Desde la Concejal\u00eda de Servicios P\u00fablicos perseguimos hacer una ciudad m\u00e1s sostenible donde el impacto energ\u00e9tico vaya disminuyendo con cada intervenci\u00f3n de mejora, consiguiendo una mejor iluminaci\u00f3n y cumpliendo las normativas vigentes\u00bb<\/em>, ha manifestado<strong> Fernando Pascual<\/strong>, regidor de Servicios Urbanos del Ayuntamiento de Alzira.<\/p>\n<p>Hasta este cambio el parque del Alquerieta dispon\u00eda de un alumbrado basado en el uso de luces de vapor de sodio de alta presi\u00f3n, instaladas con anterioridad en el Reglamento de Eficiencia Energ\u00e9tica en instalaciones de iluminaci\u00f3n exterior, y donde la obsolescencia del material provocaba un bajo rendimiento.<\/p>\n<p><em>\u00abLa intenci\u00f3n desde la Concejal\u00eda es la de continuar realizando este tipo de cambios a las farolas de las varias zonas de la ciudad que todav\u00eda no utilizan la tecnolog\u00eda led\u00bb<\/em>, seg\u00fan el regidor.<\/p>\n<p>La pr\u00f3xima zona donde se est\u00e1 previsto actuar es en la zona de San Judas.<\/p>\n<p style=\"text-align: center;\"><img fetchpriority=\"high\" decoding=\"async\" class=\" size-full wp-image-53429\" src=\"https:\/\/alzira.es\/wp-content\/uploads\/2021\/02\/02022021_Nova_illuminacio_Alquerieta_2.jpeg\" alt=\"02022021 Nova illuminaci\u00f3 Alquerieta 2\" width=\"1000\" height=\"750\" srcset=\"https:\/\/alzira.es\/wp-content\/uploads\/2021\/02\/02022021_Nova_illuminacio_Alquerieta_2.jpeg 1600w, https:\/\/alzira.es\/wp-content\/uploads\/2021\/02\/02022021_Nova_illuminacio_Alquerieta_2-680x510.jpeg 680w, https:\/\/alzira.es\/wp-content\/uploads\/2021\/02\/02022021_Nova_illuminacio_Alquerieta_2-1430x1072.jpeg 1430w, https:\/\/alzira.es\/wp-content\/uploads\/2021\/02\/02022021_Nova_illuminacio_Alquerieta_2-768x576.jpeg 768w, https:\/\/alzira.es\/wp-content\/uploads\/2021\/02\/02022021_Nova_illuminacio_Alquerieta_2-1536x1152.jpeg 1536w\" sizes=\"(max-width: 706px) 89vw, (max-width: 767px) 82vw, 740px\" \/><\/p>\n<p style=\"text-align: center;\"><img decoding=\"async\" class=\"size-full wp-image-53431 lazyload\" data-src=\"https:\/\/alzira.es\/wp-content\/uploads\/2021\/02\/02022021_Nova_illuminacio_Alquerieta_1.jpeg\" alt=\"02022021 Nova illuminaci\u00f3 Alquerieta 1\" width=\"500\" height=\"667\" data-srcset=\"https:\/\/alzira.es\/wp-content\/uploads\/2021\/02\/02022021_Nova_illuminacio_Alquerieta_1.jpeg 1200w, https:\/\/alzira.es\/wp-content\/uploads\/2021\/02\/02022021_Nova_illuminacio_Alquerieta_1-680x907.jpeg 680w, https:\/\/alzira.es\/wp-content\/uploads\/2021\/02\/02022021_Nova_illuminacio_Alquerieta_1-804x1072.jpeg 804w, https:\/\/alzira.es\/wp-content\/uploads\/2021\/02\/02022021_Nova_illuminacio_Alquerieta_1-768x1024.jpeg 768w, https:\/\/alzira.es\/wp-content\/uploads\/2021\/02\/02022021_Nova_illuminacio_Alquerieta_1-300x400.jpeg 300w, https:\/\/alzira.es\/wp-content\/uploads\/2021\/02\/02022021_Nova_illuminacio_Alquerieta_1-1152x1536.jpeg 1152w\" data-sizes=\"(max-width: 500px) 100vw, 500px\" src=\"data:image\/svg+xml;base64,PHN2ZyB3aWR0aD0iMSIgaGVpZ2h0PSIxIiB4bWxucz0iaHR0cDovL3d3dy53My5vcmcvMjAwMC9zdmciPjwvc3ZnPg==\" style=\"--smush-placeholder-width: 500px; --smush-placeholder-aspect-ratio: 500\/667;\" \/>&nbsp;<img decoding=\"async\" class=\"size-full wp-image-53433 lazyload\" data-src=\"https:\/\/alzira.es\/wp-content\/uploads\/2021\/02\/02022021_Nova_illuminacio_Alquerieta_3.jpeg\" alt=\"02022021 Nova illuminaci\u00f3 Alquerieta 3\" width=\"500\" height=\"667\" data-srcset=\"https:\/\/alzira.es\/wp-content\/uploads\/2021\/02\/02022021_Nova_illuminacio_Alquerieta_3.jpeg 1200w, https:\/\/alzira.es\/wp-content\/uploads\/2021\/02\/02022021_Nova_illuminacio_Alquerieta_3-680x907.jpeg 680w, https:\/\/alzira.es\/wp-content\/uploads\/2021\/02\/02022021_Nova_illuminacio_Alquerieta_3-804x1072.jpeg 804w, https:\/\/alzira.es\/wp-content\/uploads\/2021\/02\/02022021_Nova_illuminacio_Alquerieta_3-768x1024.jpeg 768w, https:\/\/alzira.es\/wp-content\/uploads\/2021\/02\/02022021_Nova_illuminacio_Alquerieta_3-300x400.jpeg 300w, https:\/\/alzira.es\/wp-content\/uploads\/2021\/02\/02022021_Nova_illuminacio_Alquerieta_3-1152x1536.jpeg 1152w\" data-sizes=\"(max-width: 500px) 100vw, 500px\" src=\"data:image\/svg+xml;base64,PHN2ZyB3aWR0aD0iMSIgaGVpZ2h0PSIxIiB4bWxucz0iaHR0cDovL3d3dy53My5vcmcvMjAwMC9zdmciPjwvc3ZnPg==\" style=\"--smush-placeholder-width: 500px; --smush-placeholder-aspect-ratio: 500\/667;\" \/><\/p>\n","protected":false},"excerpt":{"rendered":"<p>El Plan de Inversiones 2020-2021 de la Diputaci\u00f3n de Val\u00e8ncia incluye cerca de 6.000 euros para la mejora de la eficiencia energ\u00e9tica en el parque del Alquerieta. Se han cambiado un total de veintid\u00f3s luminarias que a partir de ahora utilizar\u00e1n la tecnolog\u00eda led, lo cual reporta un menor consumo energ\u00e9tico y econ\u00f3mico, adem\u00e1s de &hellip; <\/p>\n<p class=\"link-more\"><a href=\"https:\/\/alzira.es\/es\/el-parc-de-l-alquerieta-compta-amb-nova-il-luminacio-amb-un-menor-consum-energetic-i-economic\/\" class=\"more-link\">Continuar leyendo<span class=\"screen-reader-text\"> \u00abEl parque del Alquerieta cuenta con nueva iluminaci\u00f3n con un menor consumo energ\u00e9tico y econ\u00f3mico\u00bb<\/span><\/a><\/p>\n","protected":false},"author":29,"featured_media":53429,"comment_status":"","ping_status":"","sticky":false,"template":"","format":"standard","meta":{"_acf_changed":false,"footnotes":""},"categories":[4936],"tags":[],"class_list":["post-53435","post","type-post","status-publish","format-standard","has-post-thumbnail","hentry","category-hemeroteca-es"],"acf":[],"_links":{"self":[{"href":"https:\/\/alzira.es\/es\/wp-json\/wp\/v2\/posts\/53435","targetHints":{"allow":["GET"]}}],"collection":[{"href":"https:\/\/alzira.es\/es\/wp-json\/wp\/v2\/posts"}],"about":[{"href":"https:\/\/alzira.es\/es\/wp-json\/wp\/v2\/types\/post"}],"author":[{"embeddable":true,"href":"https:\/\/alzira.es\/es\/wp-json\/wp\/v2\/users\/29"}],"replies":[{"embeddable":true,"href":"https:\/\/alzira.es\/es\/wp-json\/wp\/v2\/comments?post=53435"}],"version-history":[{"count":0,"href":"https:\/\/alzira.es\/es\/wp-json\/wp\/v2\/posts\/53435\/revisions"}],"wp:featuredmedia":[{"embeddable":true,"href":"https:\/\/alzira.es\/es\/wp-json\/wp\/v2\/media\/53429"}],"wp:attachment":[{"href":"https:\/\/alzira.es\/es\/wp-json\/wp\/v2\/media?parent=53435"}],"wp:term":[{"taxonomy":"category","embeddable":true,"href":"https:\/\/alzira.es\/es\/wp-json\/wp\/v2\/categories?post=53435"},{"taxonomy":"post_tag","embeddable":true,"href":"https:\/\/alzira.es\/es\/wp-json\/wp\/v2\/tags?post=53435"}],"curies":[{"name":"wp","href":"https:\/\/api.w.org\/{rel}","templated":true}]}}