{"id":53428,"date":"2021-02-02T09:41:09","date_gmt":"2021-02-02T08:41:09","guid":{"rendered":"https:\/\/alzira.es\/l-ajuntament-d-alzira-denuncia-les-noves-pintades-sobre-les-parets-recentment-netejades-2\/"},"modified":"2021-02-02T09:41:09","modified_gmt":"2021-02-02T08:41:09","slug":"l-ajuntament-d-alzira-denuncia-les-noves-pintades-sobre-les-parets-recentment-netejades-2","status":"publish","type":"post","link":"https:\/\/alzira.es\/es\/l-ajuntament-d-alzira-denuncia-les-noves-pintades-sobre-les-parets-recentment-netejades-2\/","title":{"rendered":"L\u2019Ajuntament d\u2019Alzira denuncia les noves pintades sobre les parets recentment netejades"},"content":{"rendered":"<p>Despr\u00e9s de l&#8217;acci\u00f3 judicial empresa per una comunitat de ve\u00efns, <strong>l&#8217;Ajuntament ha decidit personar-se en la denuncia contra les pintades<\/strong> aparegudes en una de les zones que es va acabar de netejar fa tan sols 15 dies. Es tracta de pintades obscenes sobre les Muralles \u00c0rabs, situades a l&#8217;inici de l&#8217;avinguda Luis Su\u00f1er.<\/p>\n<p><em>\u00abNo sols han pintat les parets, sin\u00f3 tamb\u00e9 els bancs, les muralles i els elements de l&#8217;edifici confrontants com el videoporter de l&#8217;edifici de la pla\u00e7a La Sang. Des de l&#8217;Ajuntament condemnem estes agressions que afecten a edificis, tan privats com municipals, que a m\u00e9s estan catalogats com a b\u00e9 d&#8217;inter\u00e9s cultural. Demane el m\u00e0xim respecte al treball realitzat fins ara en benefici de tots els alzirenys i alzirenyes. La identificaci\u00f3 dels delinq\u00fcents est\u00e0 en marxa\u00bb<\/em>, ha explicat el regidor de Cultura, <strong>Alfred Aranda<\/strong>.<\/p>\n<p>Tant la comunitat de ve\u00efns de l&#8217;edifici afectat, com l&#8217;Ajuntament d&#8217;Alzira han presentat una den\u00fancia formal. Cal indicar, que <strong>les c\u00e0meres de seguretat situades en l&#8217;edifici de la Fiscalia han enregistrat el moment en qu\u00e8 un grup de joves produ\u00efren estos actes vand\u00e0lics<\/strong>.<\/p>\n<p><em>\u00abEls propietaris i el ve\u00efnat de les zones que s&#8217;han netejat en estos mesos, han manifestat el seu agra\u00efment a esta intervenci\u00f3 a la corporaci\u00f3, en repetides ocasions, per\u00f2 malauradament esta satisfacci\u00f3, en el cas de les muralles, ha durat nom\u00e9s dues setmanes, fins que s&#8217;han tornat a cobrir d&#8217;imatges obscenes, paraules, gargots no sols a les parets, bancs, muralles sin\u00f3 tamb\u00e9 el videoporter de l&#8217;edifici de la Pl. La Sang per tal d&#8217;evitar que algun ve\u00ed vigile la pla\u00e7a\u00bb<\/em> ha afegit <strong>Alfred Aranda<\/strong>.<\/p>\n<p>Per tal d&#8217;evitar este delicte contra els b\u00e9ns immobles, l&#8217;ajuntament demana la col\u00b7laboraci\u00f3 ciutadana i agraix la comunicaci\u00f3 immediata a la policia municipal per tal que actue. <em>\u00abAmb educaci\u00f3, responsabilitat i const\u00e0ncia aconseguirem eliminar estes conductes tan rebutjables. Treballem tots per una ciutat neta, bella i respectuosa amb el medi ambient\u00bb<\/em>, explica el regidor<\/p>\n<p>L&#8217;Ajuntament d&#8217;Alzira est\u00e0 fent un esfor\u00e7 per millorar l&#8217;aspecte de la ciutat, eliminant les pintades que s\u00f3n exemples de gamberrisme, intoler\u00e0ncia i provocaci\u00f3. Aix\u00ed i tot, en febrer es continuar\u00e0 amb la tercera part de la campanya De cara a la paret repintant els grafitis en altres barris d&#8217; Alzira.<\/p>\n<p><strong>De cara a la paret<\/strong><br \/>Des del passat mes de desembre, la Regidoria de Cultura est\u00e0 realitzant la campanya de neteja De cara a la paret per a millorar l&#8217;aspecte de la ciutat. Una empresa especialitzada ha portat a terme la neteja de les pintades fetes en diferents \u00e0rees de la ciutat com les Muralles, les parets de l&#8217;edifici de la pla\u00e7a Capella de la Sang, el passatge de les Muralles i la zona per a vianants.<\/p>\n<p style=\"text-align: center;\">&nbsp;<\/p>\n<p style=\"text-align: center;\"><img fetchpriority=\"high\" decoding=\"async\" class=\" size-full wp-image-53421\" src=\"https:\/\/alzira.es\/wp-content\/uploads\/2021\/02\/WhatsApp_Image_2021-02-02_at_09.23.19.jpeg\" alt=\"WhatsApp Image 2021-02-02 at 09.23.19\" width=\"500\" height=\"667\" srcset=\"https:\/\/alzira.es\/wp-content\/uploads\/2021\/02\/WhatsApp_Image_2021-02-02_at_09.23.19.jpeg 1200w, https:\/\/alzira.es\/wp-content\/uploads\/2021\/02\/WhatsApp_Image_2021-02-02_at_09.23.19-680x907.jpeg 680w, https:\/\/alzira.es\/wp-content\/uploads\/2021\/02\/WhatsApp_Image_2021-02-02_at_09.23.19-804x1072.jpeg 804w, https:\/\/alzira.es\/wp-content\/uploads\/2021\/02\/WhatsApp_Image_2021-02-02_at_09.23.19-768x1024.jpeg 768w, https:\/\/alzira.es\/wp-content\/uploads\/2021\/02\/WhatsApp_Image_2021-02-02_at_09.23.19-300x400.jpeg 300w, https:\/\/alzira.es\/wp-content\/uploads\/2021\/02\/WhatsApp_Image_2021-02-02_at_09.23.19-1152x1536.jpeg 1152w\" sizes=\"(max-width: 500px) 100vw, 500px\" \/>&nbsp;<img decoding=\"async\" class=\"size-full wp-image-53423 lazyload\" data-src=\"https:\/\/alzira.es\/wp-content\/uploads\/2021\/02\/WhatsApp_Image_2021-02-02_at_09.23.20.jpeg\" alt=\"WhatsApp Image 2021-02-02 at 09.23.20\" width=\"500\" height=\"667\" data-srcset=\"https:\/\/alzira.es\/wp-content\/uploads\/2021\/02\/WhatsApp_Image_2021-02-02_at_09.23.20.jpeg 1200w, https:\/\/alzira.es\/wp-content\/uploads\/2021\/02\/WhatsApp_Image_2021-02-02_at_09.23.20-680x907.jpeg 680w, https:\/\/alzira.es\/wp-content\/uploads\/2021\/02\/WhatsApp_Image_2021-02-02_at_09.23.20-804x1072.jpeg 804w, https:\/\/alzira.es\/wp-content\/uploads\/2021\/02\/WhatsApp_Image_2021-02-02_at_09.23.20-768x1024.jpeg 768w, https:\/\/alzira.es\/wp-content\/uploads\/2021\/02\/WhatsApp_Image_2021-02-02_at_09.23.20-300x400.jpeg 300w, https:\/\/alzira.es\/wp-content\/uploads\/2021\/02\/WhatsApp_Image_2021-02-02_at_09.23.20-1152x1536.jpeg 1152w\" data-sizes=\"(max-width: 500px) 100vw, 500px\" src=\"data:image\/svg+xml;base64,PHN2ZyB3aWR0aD0iMSIgaGVpZ2h0PSIxIiB4bWxucz0iaHR0cDovL3d3dy53My5vcmcvMjAwMC9zdmciPjwvc3ZnPg==\" style=\"--smush-placeholder-width: 500px; --smush-placeholder-aspect-ratio: 500\/667;\" \/><\/p>\n<p style=\"text-align: center;\"><img decoding=\"async\" class=\"size-full wp-image-53425 lazyload\" data-src=\"https:\/\/alzira.es\/wp-content\/uploads\/2021\/02\/WhatsApp_Image_2021-02-02_at_09.23.19_1.jpeg\" alt=\"WhatsApp Image 2021-02-02 at 09.23.19 1\" width=\"1000\" height=\"750\" data-srcset=\"https:\/\/alzira.es\/wp-content\/uploads\/2021\/02\/WhatsApp_Image_2021-02-02_at_09.23.19_1.jpeg 1600w, https:\/\/alzira.es\/wp-content\/uploads\/2021\/02\/WhatsApp_Image_2021-02-02_at_09.23.19_1-680x510.jpeg 680w, https:\/\/alzira.es\/wp-content\/uploads\/2021\/02\/WhatsApp_Image_2021-02-02_at_09.23.19_1-1430x1072.jpeg 1430w, https:\/\/alzira.es\/wp-content\/uploads\/2021\/02\/WhatsApp_Image_2021-02-02_at_09.23.19_1-768x576.jpeg 768w, https:\/\/alzira.es\/wp-content\/uploads\/2021\/02\/WhatsApp_Image_2021-02-02_at_09.23.19_1-1536x1152.jpeg 1536w\" data-sizes=\"(max-width: 706px) 89vw, (max-width: 767px) 82vw, 740px\" src=\"data:image\/svg+xml;base64,PHN2ZyB3aWR0aD0iMSIgaGVpZ2h0PSIxIiB4bWxucz0iaHR0cDovL3d3dy53My5vcmcvMjAwMC9zdmciPjwvc3ZnPg==\" style=\"--smush-placeholder-width: 1000px; --smush-placeholder-aspect-ratio: 1000\/750;\" \/><\/p>\n","protected":false},"excerpt":{"rendered":"<p>Despr\u00e9s de l&#8217;acci\u00f3 judicial empresa per una comunitat de ve\u00efns, l&#8217;Ajuntament ha decidit personar-se en la denuncia contra les pintades aparegudes en una de les zones que es va acabar de netejar fa tan sols 15 dies. Es tracta de pintades obscenes sobre les Muralles \u00c0rabs, situades a l&#8217;inici de l&#8217;avinguda Luis Su\u00f1er. \u00abNo sols &hellip; <\/p>\n<p class=\"link-more\"><a href=\"https:\/\/alzira.es\/es\/l-ajuntament-d-alzira-denuncia-les-noves-pintades-sobre-les-parets-recentment-netejades-2\/\" class=\"more-link\">Continuar leyendo<span class=\"screen-reader-text\"> \u00abL\u2019Ajuntament d\u2019Alzira denuncia les noves pintades sobre les parets recentment netejades\u00bb<\/span><\/a><\/p>\n","protected":false},"author":29,"featured_media":53421,"comment_status":"","ping_status":"","sticky":false,"template":"","format":"standard","meta":{"_acf_changed":false,"footnotes":""},"categories":[],"tags":[],"class_list":["post-53428","post","type-post","status-publish","format-standard","has-post-thumbnail","hentry"],"acf":[],"_links":{"self":[{"href":"https:\/\/alzira.es\/es\/wp-json\/wp\/v2\/posts\/53428","targetHints":{"allow":["GET"]}}],"collection":[{"href":"https:\/\/alzira.es\/es\/wp-json\/wp\/v2\/posts"}],"about":[{"href":"https:\/\/alzira.es\/es\/wp-json\/wp\/v2\/types\/post"}],"author":[{"embeddable":true,"href":"https:\/\/alzira.es\/es\/wp-json\/wp\/v2\/users\/29"}],"replies":[{"embeddable":true,"href":"https:\/\/alzira.es\/es\/wp-json\/wp\/v2\/comments?post=53428"}],"version-history":[{"count":0,"href":"https:\/\/alzira.es\/es\/wp-json\/wp\/v2\/posts\/53428\/revisions"}],"wp:featuredmedia":[{"embeddable":true,"href":"https:\/\/alzira.es\/es\/wp-json\/wp\/v2\/media\/53421"}],"wp:attachment":[{"href":"https:\/\/alzira.es\/es\/wp-json\/wp\/v2\/media?parent=53428"}],"wp:term":[{"taxonomy":"category","embeddable":true,"href":"https:\/\/alzira.es\/es\/wp-json\/wp\/v2\/categories?post=53428"},{"taxonomy":"post_tag","embeddable":true,"href":"https:\/\/alzira.es\/es\/wp-json\/wp\/v2\/tags?post=53428"}],"curies":[{"name":"wp","href":"https:\/\/api.w.org\/{rel}","templated":true}]}}