{"id":53427,"date":"2021-02-02T09:41:09","date_gmt":"2021-02-02T08:41:09","guid":{"rendered":"https:\/\/alzira.es\/l-ajuntament-d-alzira-denuncia-les-noves-pintades-sobre-les-parets-recentment-netejades\/"},"modified":"2021-02-02T09:41:09","modified_gmt":"2021-02-02T08:41:09","slug":"l-ajuntament-d-alzira-denuncia-les-noves-pintades-sobre-les-parets-recentment-netejades","status":"publish","type":"post","link":"https:\/\/alzira.es\/es\/l-ajuntament-d-alzira-denuncia-les-noves-pintades-sobre-les-parets-recentment-netejades\/","title":{"rendered":"El Ayuntamiento de Alzira denuncia las nuevas pintadas sobre las paredes recientemente limpiadas"},"content":{"rendered":"<p>Despu\u00e9s de la acci\u00f3n judicial emprendida por una comunidad de vecinos, <strong>el Ayuntamiento ha decidido personarse en la denuncia contra las pintadas<\/strong> aparecidas en una de las zonas que se acab\u00f3 de limpiar hace tan solo 15 d\u00edas. Se trata de pintadas obscenas sobre las Murallas \u00c1rabes, situadas al inicio de la avenida Luis Su\u00f1er.<\/p>\n<p><em>\u00abNo solo han pintado las paredes, sino tambi\u00e9n los bancos, las murallas y los elementos del edificio colindantes como el videoportero del edificio de la plaza La Sang. Desde el Ayuntamiento condenamos estas agresiones que afectan en edificios, tan privados como municipales, que adem\u00e1s est\u00e1n catalogados como bien de inter\u00e9s cultural. Pido el m\u00e1ximo respecto al trabajo realizado hasta ahora en beneficio de todos los alzire\u00f1os y alzire\u00f1as. La identificaci\u00f3n de los delincuentes est\u00e1 en marcha\u00bb<\/em>, ha explicado el regidor de Cultura, <strong>Alfred Aranda<\/strong>.<\/p>\n<p>Tanto la comunidad de vecinos del edificio afectado, como el Ayuntamiento de Alzira han presentado una denuncia formal. Hay que indicar, que <strong>las c\u00e1maras de seguridad situadas en el edificio de la Fiscal\u00eda han grabado el momento en que un grupo de j\u00f3venes produjeron estos actos vand\u00e1licos<\/strong>.<\/p>\n<p><em>\u00abLos propietarios y el vecindario de las zonas que se han limpiado en estos meses, han manifestado su agradecimiento a esta intervenci\u00f3n a la corporaci\u00f3n, en repetidas ocasiones, pero desgraciadamente esta satisfacci\u00f3n, en el caso de las murallas, ha durado solo dos semanas, hasta que se han vuelto a cubrir de im\u00e1genes obscenas, palabras, garabatos no solo a las paredes, bancos, murallas sino tambi\u00e9n el videoportero del edificio de la Pl. La Sang para evitar que alg\u00fan vecino vigile la plaza\u00bb<\/em> ha a\u00f1adido <strong>Alfred Aranda<\/strong>.<\/p>\n<p>Para evitar este delito contra los bienes inmuebles, el ayuntamiento pide la colaboraci\u00f3n ciudadana y agradece la comunicaci\u00f3n inmediata a la polic\u00eda municipal que act\u00fao. <em>\u00abCon educaci\u00f3n, responsabilidad y constancia conseguiremos eliminar estas conductas tan rechazables. Trabajamos todos por una ciudad limpia, bella y respetuosa con el medio ambiente\u00bb<\/em>, explica el regidor<\/p>\n<p>El Ayuntamiento de Alzira est\u00e1 haciendo un esfuerzo para mejorar el aspecto de la ciudad, eliminando las pintadas que son ejemplos de gamberrismo, intolerancia y provocaci\u00f3n. Aun as\u00ed, en febrero se continuar\u00e1 con la tercera parte de la campa\u00f1a De cara a la pared repintando los grafitis en otros barrios de Alzira.<\/p>\n<p><strong>De cara a la pared<\/strong><br \/>Desde el pasado mes de diciembre, la Concejal\u00eda de Cultura est\u00e1 realizando la campa\u00f1a de limpieza De cara a la pared para mejorar el aspecto de la ciudad. Una empresa especializada ha llevado a cabo la limpieza de los pintados hechos en diferentes \u00e1reas de la ciudad como las Murallas, las paredes del edificio de la plaza Capella de la Sang, el pasaje de las Murallas y la zona para peatones.<\/p>\n<p style=\"text-align: center;\">&nbsp;<\/p>\n<p style=\"text-align: center;\"><img fetchpriority=\"high\" decoding=\"async\" class=\" size-full wp-image-53421\" src=\"https:\/\/alzira.es\/wp-content\/uploads\/2021\/02\/WhatsApp_Image_2021-02-02_at_09.23.19.jpeg\" alt=\"WhatsApp Image 2021-02-02 at 09.23.19\" width=\"500\" height=\"667\" srcset=\"https:\/\/alzira.es\/wp-content\/uploads\/2021\/02\/WhatsApp_Image_2021-02-02_at_09.23.19.jpeg 1200w, https:\/\/alzira.es\/wp-content\/uploads\/2021\/02\/WhatsApp_Image_2021-02-02_at_09.23.19-680x907.jpeg 680w, https:\/\/alzira.es\/wp-content\/uploads\/2021\/02\/WhatsApp_Image_2021-02-02_at_09.23.19-804x1072.jpeg 804w, https:\/\/alzira.es\/wp-content\/uploads\/2021\/02\/WhatsApp_Image_2021-02-02_at_09.23.19-768x1024.jpeg 768w, https:\/\/alzira.es\/wp-content\/uploads\/2021\/02\/WhatsApp_Image_2021-02-02_at_09.23.19-300x400.jpeg 300w, https:\/\/alzira.es\/wp-content\/uploads\/2021\/02\/WhatsApp_Image_2021-02-02_at_09.23.19-1152x1536.jpeg 1152w\" sizes=\"(max-width: 500px) 100vw, 500px\" \/>&nbsp;<img decoding=\"async\" class=\"size-full wp-image-53423 lazyload\" data-src=\"https:\/\/alzira.es\/wp-content\/uploads\/2021\/02\/WhatsApp_Image_2021-02-02_at_09.23.20.jpeg\" alt=\"WhatsApp Image 2021-02-02 at 09.23.20\" width=\"500\" height=\"667\" data-srcset=\"https:\/\/alzira.es\/wp-content\/uploads\/2021\/02\/WhatsApp_Image_2021-02-02_at_09.23.20.jpeg 1200w, https:\/\/alzira.es\/wp-content\/uploads\/2021\/02\/WhatsApp_Image_2021-02-02_at_09.23.20-680x907.jpeg 680w, https:\/\/alzira.es\/wp-content\/uploads\/2021\/02\/WhatsApp_Image_2021-02-02_at_09.23.20-804x1072.jpeg 804w, https:\/\/alzira.es\/wp-content\/uploads\/2021\/02\/WhatsApp_Image_2021-02-02_at_09.23.20-768x1024.jpeg 768w, https:\/\/alzira.es\/wp-content\/uploads\/2021\/02\/WhatsApp_Image_2021-02-02_at_09.23.20-300x400.jpeg 300w, https:\/\/alzira.es\/wp-content\/uploads\/2021\/02\/WhatsApp_Image_2021-02-02_at_09.23.20-1152x1536.jpeg 1152w\" data-sizes=\"(max-width: 500px) 100vw, 500px\" src=\"data:image\/svg+xml;base64,PHN2ZyB3aWR0aD0iMSIgaGVpZ2h0PSIxIiB4bWxucz0iaHR0cDovL3d3dy53My5vcmcvMjAwMC9zdmciPjwvc3ZnPg==\" style=\"--smush-placeholder-width: 500px; --smush-placeholder-aspect-ratio: 500\/667;\" \/><\/p>\n<p style=\"text-align: center;\"><img decoding=\"async\" class=\"size-full wp-image-53425 lazyload\" data-src=\"https:\/\/alzira.es\/wp-content\/uploads\/2021\/02\/WhatsApp_Image_2021-02-02_at_09.23.19_1.jpeg\" alt=\"WhatsApp Image 2021-02-02 at 09.23.19 1\" width=\"1000\" height=\"750\" data-srcset=\"https:\/\/alzira.es\/wp-content\/uploads\/2021\/02\/WhatsApp_Image_2021-02-02_at_09.23.19_1.jpeg 1600w, https:\/\/alzira.es\/wp-content\/uploads\/2021\/02\/WhatsApp_Image_2021-02-02_at_09.23.19_1-680x510.jpeg 680w, https:\/\/alzira.es\/wp-content\/uploads\/2021\/02\/WhatsApp_Image_2021-02-02_at_09.23.19_1-1430x1072.jpeg 1430w, https:\/\/alzira.es\/wp-content\/uploads\/2021\/02\/WhatsApp_Image_2021-02-02_at_09.23.19_1-768x576.jpeg 768w, https:\/\/alzira.es\/wp-content\/uploads\/2021\/02\/WhatsApp_Image_2021-02-02_at_09.23.19_1-1536x1152.jpeg 1536w\" data-sizes=\"(max-width: 706px) 89vw, (max-width: 767px) 82vw, 740px\" src=\"data:image\/svg+xml;base64,PHN2ZyB3aWR0aD0iMSIgaGVpZ2h0PSIxIiB4bWxucz0iaHR0cDovL3d3dy53My5vcmcvMjAwMC9zdmciPjwvc3ZnPg==\" style=\"--smush-placeholder-width: 1000px; --smush-placeholder-aspect-ratio: 1000\/750;\" \/><\/p>\n","protected":false},"excerpt":{"rendered":"<p>Despu\u00e9s de la acci\u00f3n judicial emprendida por una comunidad de vecinos, el Ayuntamiento ha decidido personarse en la denuncia contra las pintadas aparecidas en una de las zonas que se acab\u00f3 de limpiar hace tan solo 15 d\u00edas. Se trata de pintadas obscenas sobre las Murallas \u00c1rabes, situadas al inicio de la avenida Luis Su\u00f1er. &hellip; <\/p>\n<p class=\"link-more\"><a href=\"https:\/\/alzira.es\/es\/l-ajuntament-d-alzira-denuncia-les-noves-pintades-sobre-les-parets-recentment-netejades\/\" class=\"more-link\">Continuar leyendo<span class=\"screen-reader-text\"> \u00abEl Ayuntamiento de Alzira denuncia las nuevas pintadas sobre las paredes recientemente limpiadas\u00bb<\/span><\/a><\/p>\n","protected":false},"author":29,"featured_media":53421,"comment_status":"","ping_status":"","sticky":false,"template":"","format":"standard","meta":{"_acf_changed":false,"footnotes":""},"categories":[4936],"tags":[],"class_list":["post-53427","post","type-post","status-publish","format-standard","has-post-thumbnail","hentry","category-hemeroteca-es"],"acf":[],"_links":{"self":[{"href":"https:\/\/alzira.es\/es\/wp-json\/wp\/v2\/posts\/53427","targetHints":{"allow":["GET"]}}],"collection":[{"href":"https:\/\/alzira.es\/es\/wp-json\/wp\/v2\/posts"}],"about":[{"href":"https:\/\/alzira.es\/es\/wp-json\/wp\/v2\/types\/post"}],"author":[{"embeddable":true,"href":"https:\/\/alzira.es\/es\/wp-json\/wp\/v2\/users\/29"}],"replies":[{"embeddable":true,"href":"https:\/\/alzira.es\/es\/wp-json\/wp\/v2\/comments?post=53427"}],"version-history":[{"count":0,"href":"https:\/\/alzira.es\/es\/wp-json\/wp\/v2\/posts\/53427\/revisions"}],"wp:featuredmedia":[{"embeddable":true,"href":"https:\/\/alzira.es\/es\/wp-json\/wp\/v2\/media\/53421"}],"wp:attachment":[{"href":"https:\/\/alzira.es\/es\/wp-json\/wp\/v2\/media?parent=53427"}],"wp:term":[{"taxonomy":"category","embeddable":true,"href":"https:\/\/alzira.es\/es\/wp-json\/wp\/v2\/categories?post=53427"},{"taxonomy":"post_tag","embeddable":true,"href":"https:\/\/alzira.es\/es\/wp-json\/wp\/v2\/tags?post=53427"}],"curies":[{"name":"wp","href":"https:\/\/api.w.org\/{rel}","templated":true}]}}