{"id":53411,"date":"2021-02-01T10:13:57","date_gmt":"2021-02-01T09:13:57","guid":{"rendered":"https:\/\/alzira.es\/convocat-un-proces-selectiu-per-a-la-contractacio-d-un-una-docent-de-jardineria\/"},"modified":"2021-02-01T10:13:57","modified_gmt":"2021-02-01T09:13:57","slug":"convocat-un-proces-selectiu-per-a-la-contractacio-d-un-una-docent-de-jardineria","status":"publish","type":"post","link":"https:\/\/alzira.es\/es\/convocat-un-proces-selectiu-per-a-la-contractacio-d-un-una-docent-de-jardineria\/","title":{"rendered":"Proc\u00e9s selectiu per a la contractaci\u00f3 d&#8217;un\/una docent de jardineria"},"content":{"rendered":"<p>Termini de presentaci\u00f3: <strong><span style=\"color: #ff0000;\">del 2 al 8 de febrer de 2021.<\/span><\/strong><\/p>\n<p><a href=\"https:\/\/alzira.es\/wp-content\/uploads\/2021\/02\/1.-Bases.doc.pdf\" target=\"_blank\" rel=\"noopener\">Bases del proc\u00e9s selecti<\/a>u<\/p>\n<p><a href=\"https:\/\/alzira.es\/wp-content\/uploads\/2021\/02\/2.-AGA164_1_RV-Q_Documento-publicado.pdf\" target=\"_blank\" rel=\"noopener\">M\u00f2duls formatius a impartir<\/a><\/p>\n<p><a href=\"https:\/\/alzira.es\/wp-content\/uploads\/2021\/02\/4.-solicitud_admisio_a_proves_per_a_la_seleccio_de_personal.pdf\" target=\"_blank\" rel=\"noopener\">Sol\u00b7licitud de participaci\u00f3 en el proc\u00e9s&nbsp;<\/a><\/p>\n<p><a href=\"https:\/\/alzira.es\/wp-content\/uploads\/2021\/02\/Acta_fase_primera_proces_selectiu_professor_jardineria.pdf\" target=\"_blank\" rel=\"noopener\">Acta Fase I: baremaci\u00f3 dels m\u00e8rits<\/a><\/p>\n<p><a href=\"https:\/\/alzira.es\/wp-content\/uploads\/2021\/02\/Acta_comissio_professor_a_PFQB_jardineria_-002.pdf\" target=\"_blank\" rel=\"noopener\"><span>Acta Fase II i resultat definitiu<\/span><\/a><a href=\"https:\/\/alzira.es\/wp-content\/uploads\/2021\/02\/Acta_fase_primera_proces_selectiu_professor_jardineria.pdf\" target=\"_blank\" rel=\"noopener\"><br \/><\/a><\/p>\n<p>&nbsp;<\/p>\n<p>&nbsp;<\/p>\n","protected":false},"excerpt":{"rendered":"<p>Termini de presentaci\u00f3: del 2 al 8 de febrer de 2021. Bases del proc\u00e9s selectiu M\u00f2duls formatius a impartir Sol\u00b7licitud de participaci\u00f3 en el proc\u00e9s&nbsp; Acta Fase I: baremaci\u00f3 dels m\u00e8rits Acta Fase II i resultat definitiu &nbsp; &nbsp;<\/p>\n","protected":false},"author":20,"featured_media":0,"comment_status":"","ping_status":"","sticky":false,"template":"","format":"standard","meta":{"_acf_changed":false,"footnotes":""},"categories":[],"tags":[],"class_list":["post-53411","post","type-post","status-publish","format-standard","hentry"],"acf":[],"_links":{"self":[{"href":"https:\/\/alzira.es\/es\/wp-json\/wp\/v2\/posts\/53411","targetHints":{"allow":["GET"]}}],"collection":[{"href":"https:\/\/alzira.es\/es\/wp-json\/wp\/v2\/posts"}],"about":[{"href":"https:\/\/alzira.es\/es\/wp-json\/wp\/v2\/types\/post"}],"author":[{"embeddable":true,"href":"https:\/\/alzira.es\/es\/wp-json\/wp\/v2\/users\/20"}],"replies":[{"embeddable":true,"href":"https:\/\/alzira.es\/es\/wp-json\/wp\/v2\/comments?post=53411"}],"version-history":[{"count":0,"href":"https:\/\/alzira.es\/es\/wp-json\/wp\/v2\/posts\/53411\/revisions"}],"wp:attachment":[{"href":"https:\/\/alzira.es\/es\/wp-json\/wp\/v2\/media?parent=53411"}],"wp:term":[{"taxonomy":"category","embeddable":true,"href":"https:\/\/alzira.es\/es\/wp-json\/wp\/v2\/categories?post=53411"},{"taxonomy":"post_tag","embeddable":true,"href":"https:\/\/alzira.es\/es\/wp-json\/wp\/v2\/tags?post=53411"}],"curies":[{"name":"wp","href":"https:\/\/api.w.org\/{rel}","templated":true}]}}