{"id":53408,"date":"2021-02-01T10:13:57","date_gmt":"2021-02-01T09:13:57","guid":{"rendered":"https:\/\/alzira.es\/convocado-un-proceso-selectivo-para-la-contractacion-de-un-a-docente-de-jardineria\/"},"modified":"2021-02-01T10:13:57","modified_gmt":"2021-02-01T09:13:57","slug":"convocado-un-proceso-selectivo-para-la-contractacion-de-un-a-docente-de-jardineria","status":"publish","type":"post","link":"https:\/\/alzira.es\/es\/convocado-un-proceso-selectivo-para-la-contractacion-de-un-a-docente-de-jardineria\/","title":{"rendered":"Proceso selectivo para la contractaci\u00f3n de un\/a docente de Jardiner\u00eda"},"content":{"rendered":"<p>Plazo de presentaci\u00f3n de la documentaci\u00f3n: <strong><span style=\"color: #ff0000;\">del 2 al 8 de febrero de 2021.<\/span><\/strong><\/p>\n<p><a href=\"https:\/\/alzira.es\/wp-content\/uploads\/2021\/02\/1.-Bases.doc.pdf\" target=\"_blank\" rel=\"noopener\">Bases del proceso selectivo<\/a><\/p>\n<p><a href=\"https:\/\/alzira.es\/wp-content\/uploads\/2021\/02\/2.-AGA164_1_RV-Q_Documento-publicado.pdf\" target=\"_blank\" rel=\"noopener\">Modulos formativos a impartir<\/a><\/p>\n<p><a href=\"https:\/\/alzira.es\/wp-content\/uploads\/2021\/02\/3.-solicitud_de_admision_a_pruebas_para_la_seleccion_de_personal.pdf\" target=\"_blank\" rel=\"noopener\">Solicitud de participaci\u00f3n en el proceso<\/a><\/p>\n<p><a href=\"https:\/\/alzira.es\/wp-content\/uploads\/2021\/02\/Acta_fase_primera_proces_selectiu_professor_jardineria.pdf\" target=\"_blank\" rel=\"noopener\">Acta Fase I: Baremaci\u00f3n de los m\u00e9ritos<\/a><\/p>\n<p><a href=\"https:\/\/alzira.es\/wp-content\/uploads\/2021\/02\/Acta_comissio_professor_a_PFQB_jardineria_-002.pdf\" target=\"_blank\" rel=\"noopener\">Acta Fase II y resultado<\/a>&nbsp;definitivo<\/p>\n<p><a href=\"https:\/\/alzira.es\/wp-content\/uploads\/2021\/02\/3.-solicitud_de_admision_a_pruebas_para_la_seleccion_de_personal.pdf\" target=\"_blank\" rel=\"noopener\">&nbsp;<\/a><\/p>\n<p>&nbsp;<\/p>\n","protected":false},"excerpt":{"rendered":"<p>Plazo de presentaci\u00f3n de la documentaci\u00f3n: del 2 al 8 de febrero de 2021. Bases del proceso selectivo Modulos formativos a impartir Solicitud de participaci\u00f3n en el proceso Acta Fase I: Baremaci\u00f3n de los m\u00e9ritos Acta Fase II y resultado&nbsp;definitivo &nbsp; &nbsp;<\/p>\n","protected":false},"author":20,"featured_media":0,"comment_status":"","ping_status":"","sticky":false,"template":"","format":"standard","meta":{"_acf_changed":false,"footnotes":""},"categories":[],"tags":[],"class_list":["post-53408","post","type-post","status-publish","format-standard","hentry"],"acf":[],"_links":{"self":[{"href":"https:\/\/alzira.es\/es\/wp-json\/wp\/v2\/posts\/53408","targetHints":{"allow":["GET"]}}],"collection":[{"href":"https:\/\/alzira.es\/es\/wp-json\/wp\/v2\/posts"}],"about":[{"href":"https:\/\/alzira.es\/es\/wp-json\/wp\/v2\/types\/post"}],"author":[{"embeddable":true,"href":"https:\/\/alzira.es\/es\/wp-json\/wp\/v2\/users\/20"}],"replies":[{"embeddable":true,"href":"https:\/\/alzira.es\/es\/wp-json\/wp\/v2\/comments?post=53408"}],"version-history":[{"count":0,"href":"https:\/\/alzira.es\/es\/wp-json\/wp\/v2\/posts\/53408\/revisions"}],"wp:attachment":[{"href":"https:\/\/alzira.es\/es\/wp-json\/wp\/v2\/media?parent=53408"}],"wp:term":[{"taxonomy":"category","embeddable":true,"href":"https:\/\/alzira.es\/es\/wp-json\/wp\/v2\/categories?post=53408"},{"taxonomy":"post_tag","embeddable":true,"href":"https:\/\/alzira.es\/es\/wp-json\/wp\/v2\/tags?post=53408"}],"curies":[{"name":"wp","href":"https:\/\/api.w.org\/{rel}","templated":true}]}}