{"id":53378,"date":"2021-01-29T14:54:22","date_gmt":"2021-01-29T13:54:22","guid":{"rendered":"https:\/\/alzira.es\/l-alcalde-d-alzira-es-reunix-amb-els-hostalers-de-la-ciutat-2\/"},"modified":"2021-01-29T14:54:22","modified_gmt":"2021-01-29T13:54:22","slug":"l-alcalde-d-alzira-es-reunix-amb-els-hostalers-de-la-ciutat-2","status":"publish","type":"post","link":"https:\/\/alzira.es\/es\/l-alcalde-d-alzira-es-reunix-amb-els-hostalers-de-la-ciutat-2\/","title":{"rendered":"L\u2019Alcalde d\u2019Alzira es reunix amb els hostalers de la ciutat"},"content":{"rendered":"<h3>\u2022 El pla Resisteix suposar\u00e0 1.1 M\u20ac per a Alzira<\/h3>\n<p>Despr\u00e9s de la concentraci\u00f3 d&#8217;ahir de vesprada per part de l&#8217;hostaleria alzirenya, l&#8217;alcalde de la ciutat, <strong>Diego G\u00f3mez<\/strong> i el regidor d&#8217;Economia <strong>Albert Furi\u00f3<\/strong>, es van reunir amb dos representants de l&#8217;hostaleria, <strong>Mariano Clemente<\/strong> i <strong>Toni L\u00f3pez<\/strong>, que van lliurar el comunicat que van llegir i van traslladar les seues peticions als representants municipals.<\/p>\n<p>Els hostalers han plantejat que entenen la circumst\u00e0ncia del contacte social per\u00f2 pensen que \u00e9s important salvaguardar l&#8217;economia i els seus negocis.<\/p>\n<p>Per la seua banda des de l&#8217;ajuntament es va donar a con\u00e8ixer quina ser\u00e0 la fulla de ruta que adoptar\u00e0 l&#8217;equip de govern per tal de pal\u00b7liar les conseq\u00fc\u00e8ncies de la COVID-19 que han afectat de forma imminent al sector.<\/p>\n<p>L&#8217;alcalde<strong> Diego G\u00f3mez<\/strong>, ha explicat que en la propera setmana s&#8217;espera que la Generalitat done el vistiplau al pla Resisteix que suposaria una ajuda de m\u00e9s d&#8217;1.000.000 euros per a la ciutat d&#8217;Alzira. <em>\u00abEs tracta d&#8217;un tr\u00e0mit molt senzill que esperem poder comen\u00e7ar a gestionar la segona setmana de febrer\u00bb<\/em> ha explicat l&#8217;alcalde.<\/p>\n<p>Les ajudes anunciades per la Generalitat estan destinades a aut\u00f2noms de l&#8217;hostaleria i altres sectors greument afectats per les restriccions sanit\u00e0ries. L&#8217;aportaci\u00f3 total per a Alzira ascendix a 1.142.000 euros entre Generalitat, Diputaci\u00f3, i el 15% (172.000\u20ac) de l&#8217;Ajuntament. Les ajudes estan quantificades en 2000 euros per cada aut\u00f2nom i 200 euros per cada treballador en aquelles empreses que tinguen menys de 10 treballadors per a pagar la Seguretat Social.<br \/>Durant el 2020 cal recordar que l&#8217;Ajuntament va donar ajudes locals de 400 euros als aut\u00f2noms on s&#8217;inclouen els hostalers, al voltant de 140 ajudes directament un import aproximat de 50.000 euros. A m\u00e9s, es va exonerar de la taxa d&#8217;ocupaci\u00f3 de via p\u00fablica de les terrasses, acci\u00f3 que va suposar que l&#8217;Ajuntament deixara de recaptar 110.000 euros. Altra de les mesures que es va portar a terme \u00e9s l&#8217;edici\u00f3 de bons d&#8217;ajuda al comer\u00e7. Per al 2021, pel moment ja s&#8217;ha anunciat exonerar el primer semestre de l&#8217;any del pagament d&#8217;ocupaci\u00f3 de les terrasses.<\/p>\n<p>La reuni\u00f3 va transc\u00f3rrer en un ambient de cordialitat i des de l&#8217;Ajuntament s&#8217;han rebut les necessitats que t\u00e9 el sector de l&#8217;hostaleria, <em>\u00abCom hem dit sempre va a ser complicat per\u00f2 ning\u00fa es pot quedar enrere en esta situaci\u00f3 que ens est\u00e0 creant la covid19\u00bb<\/em>.<\/p>\n<p style=\"text-align: center;\"><img fetchpriority=\"high\" decoding=\"async\" class=\" size-full wp-image-53371\" src=\"https:\/\/alzira.es\/wp-content\/uploads\/2021\/01\/reunio_hostalers_1.jpeg\" alt=\"reuni\u00f3 hostalers 1\" width=\"600\" height=\"277\" srcset=\"https:\/\/alzira.es\/wp-content\/uploads\/2021\/01\/reunio_hostalers_1.jpeg 1080w, https:\/\/alzira.es\/wp-content\/uploads\/2021\/01\/reunio_hostalers_1-680x314.jpeg 680w, https:\/\/alzira.es\/wp-content\/uploads\/2021\/01\/reunio_hostalers_1-768x354.jpeg 768w\" sizes=\"(max-width: 600px) 100vw, 600px\" \/>&nbsp;<img decoding=\"async\" class=\"size-full wp-image-53373 lazyload\" data-src=\"https:\/\/alzira.es\/wp-content\/uploads\/2021\/01\/reunio_hostalers_2.jpeg\" alt=\"reuni\u00f3 hostalers 2\" width=\"600\" height=\"277\" data-srcset=\"https:\/\/alzira.es\/wp-content\/uploads\/2021\/01\/reunio_hostalers_2.jpeg 1080w, https:\/\/alzira.es\/wp-content\/uploads\/2021\/01\/reunio_hostalers_2-680x314.jpeg 680w, https:\/\/alzira.es\/wp-content\/uploads\/2021\/01\/reunio_hostalers_2-768x354.jpeg 768w\" data-sizes=\"(max-width: 600px) 100vw, 600px\" src=\"data:image\/svg+xml;base64,PHN2ZyB3aWR0aD0iMSIgaGVpZ2h0PSIxIiB4bWxucz0iaHR0cDovL3d3dy53My5vcmcvMjAwMC9zdmciPjwvc3ZnPg==\" style=\"--smush-placeholder-width: 600px; --smush-placeholder-aspect-ratio: 600\/277;\" \/><\/p>\n<p style=\"text-align: center;\"><img decoding=\"async\" class=\"size-full wp-image-53375 lazyload\" data-src=\"https:\/\/alzira.es\/wp-content\/uploads\/2021\/01\/reunio_hostalers_3.jpeg\" alt=\"reuni\u00f3 hostalers 3\" width=\"1200\" height=\"900\" data-srcset=\"https:\/\/alzira.es\/wp-content\/uploads\/2021\/01\/reunio_hostalers_3.jpeg 1080w, https:\/\/alzira.es\/wp-content\/uploads\/2021\/01\/reunio_hostalers_3-680x510.jpeg 680w, https:\/\/alzira.es\/wp-content\/uploads\/2021\/01\/reunio_hostalers_3-768x576.jpeg 768w\" data-sizes=\"(max-width: 706px) 89vw, (max-width: 767px) 82vw, 740px\" src=\"data:image\/svg+xml;base64,PHN2ZyB3aWR0aD0iMSIgaGVpZ2h0PSIxIiB4bWxucz0iaHR0cDovL3d3dy53My5vcmcvMjAwMC9zdmciPjwvc3ZnPg==\" style=\"--smush-placeholder-width: 1200px; --smush-placeholder-aspect-ratio: 1200\/900;\" \/><\/p>\n","protected":false},"excerpt":{"rendered":"<p>\u2022 El pla Resisteix suposar\u00e0 1.1 M\u20ac per a Alzira Despr\u00e9s de la concentraci\u00f3 d&#8217;ahir de vesprada per part de l&#8217;hostaleria alzirenya, l&#8217;alcalde de la ciutat, Diego G\u00f3mez i el regidor d&#8217;Economia Albert Furi\u00f3, es van reunir amb dos representants de l&#8217;hostaleria, Mariano Clemente i Toni L\u00f3pez, que van lliurar el comunicat que van llegir &hellip; <\/p>\n<p class=\"link-more\"><a href=\"https:\/\/alzira.es\/es\/l-alcalde-d-alzira-es-reunix-amb-els-hostalers-de-la-ciutat-2\/\" class=\"more-link\">Continuar leyendo<span class=\"screen-reader-text\"> \u00abL\u2019Alcalde d\u2019Alzira es reunix amb els hostalers de la ciutat\u00bb<\/span><\/a><\/p>\n","protected":false},"author":29,"featured_media":53371,"comment_status":"","ping_status":"","sticky":false,"template":"","format":"standard","meta":{"_acf_changed":false,"footnotes":""},"categories":[],"tags":[],"class_list":["post-53378","post","type-post","status-publish","format-standard","has-post-thumbnail","hentry"],"acf":[],"_links":{"self":[{"href":"https:\/\/alzira.es\/es\/wp-json\/wp\/v2\/posts\/53378","targetHints":{"allow":["GET"]}}],"collection":[{"href":"https:\/\/alzira.es\/es\/wp-json\/wp\/v2\/posts"}],"about":[{"href":"https:\/\/alzira.es\/es\/wp-json\/wp\/v2\/types\/post"}],"author":[{"embeddable":true,"href":"https:\/\/alzira.es\/es\/wp-json\/wp\/v2\/users\/29"}],"replies":[{"embeddable":true,"href":"https:\/\/alzira.es\/es\/wp-json\/wp\/v2\/comments?post=53378"}],"version-history":[{"count":0,"href":"https:\/\/alzira.es\/es\/wp-json\/wp\/v2\/posts\/53378\/revisions"}],"wp:featuredmedia":[{"embeddable":true,"href":"https:\/\/alzira.es\/es\/wp-json\/wp\/v2\/media\/53371"}],"wp:attachment":[{"href":"https:\/\/alzira.es\/es\/wp-json\/wp\/v2\/media?parent=53378"}],"wp:term":[{"taxonomy":"category","embeddable":true,"href":"https:\/\/alzira.es\/es\/wp-json\/wp\/v2\/categories?post=53378"},{"taxonomy":"post_tag","embeddable":true,"href":"https:\/\/alzira.es\/es\/wp-json\/wp\/v2\/tags?post=53378"}],"curies":[{"name":"wp","href":"https:\/\/api.w.org\/{rel}","templated":true}]}}