{"id":53377,"date":"2021-01-29T14:54:22","date_gmt":"2021-01-29T13:54:22","guid":{"rendered":"https:\/\/alzira.es\/l-alcalde-d-alzira-es-reunix-amb-els-hostalers-de-la-ciutat\/"},"modified":"2021-01-29T14:54:22","modified_gmt":"2021-01-29T13:54:22","slug":"l-alcalde-d-alzira-es-reunix-amb-els-hostalers-de-la-ciutat","status":"publish","type":"post","link":"https:\/\/alzira.es\/es\/l-alcalde-d-alzira-es-reunix-amb-els-hostalers-de-la-ciutat\/","title":{"rendered":"El Alcalde de Alzira se re\u00fane con los hosteleros de la ciudad"},"content":{"rendered":"<h3>\u2022 El plan Resiste supondr\u00e1 1.1 M\u20ac para Alzira<\/h3>\n<p>Despu\u00e9s de la concentraci\u00f3n de ayer por la tarde por parte de la hosteler\u00eda alzire\u00f1a, el alcalde de la ciudad, <strong>Diego G\u00f3mez<\/strong> y el regidor de Econom\u00eda <strong>Albert Furi\u00f3<\/strong>, se reunieron con dos representantes de la hosteler\u00eda, <strong>Mariano Clemente<\/strong> i <strong>Toni L\u00f3pez<\/strong>, que libraron el comunicado que leyeron y trasladaron sus peticiones a los representantes municipales.<\/p>\n<p>Los hostaleros han planteado que entienden la circunstancia del contacto social pero piensan que es importante salvaguardar la econom\u00eda y sus negocios.<\/p>\n<p>Por su parte desde el ayuntamiento se dio a conocer cu\u00e1l ser\u00e1 la hoja de ruta que adoptar\u00e1 el equipo de gobierno para paliar las consecuencias del COVID-19 que han afectado de forma inminente al sector.<\/p>\n<p>El alcalde <strong>Diego G\u00f3mez<\/strong>, ha explicado que en la pr\u00f3xima semana se espera que la Generalitat d\u00e9 el visto bueno en el plan Resiste que supondr\u00eda una ayuda de m\u00e1s de 1.000.000 euros para la ciudad de Alzira. <em>\u00abSe trata de un tr\u00e1mite muy sencillo que esperamos poder empezar a gestionar la segunda semana de febrero\u00bb<\/em> ha explicado el alcalde.<\/p>\n<p>Las ayudas anunciadas por la Generalitat est\u00e1n destinadas a aut\u00f3nomos de la hosteler\u00eda y otros sectores gravemente afectados por las restricciones sanitarias. La aportaci\u00f3n total para Alzira asciende a 1.142.000 euros entre Generalitat, Diputaci\u00f3n, y el 15% (172.000\u20ac) del Ayuntamiento. Las ayudas est\u00e1n cuantificadas en 2000 euros por cada aut\u00f3nomo y 200 euros por cada trabajador en aquellas empresas que tengan menos de 10 trabajadores para pagar la Seguridad Social.<br \/>Durante el 2020 hay que recordar que el Ayuntamiento dio ayudas locales de 400 euros a los aut\u00f3nomos donde se incluyen los hostaleros, alrededor de 140 ayudas directamente un importe aproximado de 50.000 euros. Adem\u00e1s, se exoner\u00f3 de la tasa de ocupaci\u00f3n de v\u00eda p\u00fablica de las terrazas, acci\u00f3n que supuso que el Ayuntamiento dejara de recaudar 110.000 euros. Otra de las medidas que se llev\u00f3 a cabo es la edici\u00f3n de bonos de ayuda al comercio. Para el 2021, por el momento ya se ha anunciado exonerar el primer semestre del a\u00f1o del pago de ocupaci\u00f3n de las terrazas.<\/p>\n<p>La reuni\u00f3n transcurri\u00f3 en un ambiente de cordialidad y desde el Ayuntamiento se han recibido las necesidades que tiene el sector de la hosteler\u00eda, <em>\u00abComo hemos dicho siempre va a ser complicado pero nadie se puede quedar atr\u00e1s en esta situaci\u00f3n que nos est\u00e1 creando el covid19\u00bb.<\/em><\/p>\n<p style=\"text-align: center;\"><img fetchpriority=\"high\" decoding=\"async\" class=\" size-full wp-image-53371\" src=\"https:\/\/alzira.es\/wp-content\/uploads\/2021\/01\/reunio_hostalers_1.jpeg\" alt=\"reuni\u00f3 hostalers 1\" width=\"600\" height=\"277\" srcset=\"https:\/\/alzira.es\/wp-content\/uploads\/2021\/01\/reunio_hostalers_1.jpeg 1080w, https:\/\/alzira.es\/wp-content\/uploads\/2021\/01\/reunio_hostalers_1-680x314.jpeg 680w, https:\/\/alzira.es\/wp-content\/uploads\/2021\/01\/reunio_hostalers_1-768x354.jpeg 768w\" sizes=\"(max-width: 600px) 100vw, 600px\" \/>&nbsp;<img decoding=\"async\" class=\"size-full wp-image-53373 lazyload\" data-src=\"https:\/\/alzira.es\/wp-content\/uploads\/2021\/01\/reunio_hostalers_2.jpeg\" alt=\"reuni\u00f3 hostalers 2\" width=\"600\" height=\"277\" data-srcset=\"https:\/\/alzira.es\/wp-content\/uploads\/2021\/01\/reunio_hostalers_2.jpeg 1080w, https:\/\/alzira.es\/wp-content\/uploads\/2021\/01\/reunio_hostalers_2-680x314.jpeg 680w, https:\/\/alzira.es\/wp-content\/uploads\/2021\/01\/reunio_hostalers_2-768x354.jpeg 768w\" data-sizes=\"(max-width: 600px) 100vw, 600px\" src=\"data:image\/svg+xml;base64,PHN2ZyB3aWR0aD0iMSIgaGVpZ2h0PSIxIiB4bWxucz0iaHR0cDovL3d3dy53My5vcmcvMjAwMC9zdmciPjwvc3ZnPg==\" style=\"--smush-placeholder-width: 600px; --smush-placeholder-aspect-ratio: 600\/277;\" \/><\/p>\n<p style=\"text-align: center;\"><img decoding=\"async\" class=\"size-full wp-image-53375 lazyload\" data-src=\"https:\/\/alzira.es\/wp-content\/uploads\/2021\/01\/reunio_hostalers_3.jpeg\" alt=\"reuni\u00f3 hostalers 3\" width=\"1200\" height=\"900\" data-srcset=\"https:\/\/alzira.es\/wp-content\/uploads\/2021\/01\/reunio_hostalers_3.jpeg 1080w, https:\/\/alzira.es\/wp-content\/uploads\/2021\/01\/reunio_hostalers_3-680x510.jpeg 680w, https:\/\/alzira.es\/wp-content\/uploads\/2021\/01\/reunio_hostalers_3-768x576.jpeg 768w\" data-sizes=\"(max-width: 706px) 89vw, (max-width: 767px) 82vw, 740px\" src=\"data:image\/svg+xml;base64,PHN2ZyB3aWR0aD0iMSIgaGVpZ2h0PSIxIiB4bWxucz0iaHR0cDovL3d3dy53My5vcmcvMjAwMC9zdmciPjwvc3ZnPg==\" style=\"--smush-placeholder-width: 1200px; --smush-placeholder-aspect-ratio: 1200\/900;\" \/><\/p>\n","protected":false},"excerpt":{"rendered":"<p>\u2022 El plan Resiste supondr\u00e1 1.1 M\u20ac para Alzira Despu\u00e9s de la concentraci\u00f3n de ayer por la tarde por parte de la hosteler\u00eda alzire\u00f1a, el alcalde de la ciudad, Diego G\u00f3mez y el regidor de Econom\u00eda Albert Furi\u00f3, se reunieron con dos representantes de la hosteler\u00eda, Mariano Clemente i Toni L\u00f3pez, que libraron el comunicado &hellip; <\/p>\n<p class=\"link-more\"><a href=\"https:\/\/alzira.es\/es\/l-alcalde-d-alzira-es-reunix-amb-els-hostalers-de-la-ciutat\/\" class=\"more-link\">Continuar leyendo<span class=\"screen-reader-text\"> \u00abEl Alcalde de Alzira se re\u00fane con los hosteleros de la ciudad\u00bb<\/span><\/a><\/p>\n","protected":false},"author":29,"featured_media":53371,"comment_status":"","ping_status":"","sticky":false,"template":"","format":"standard","meta":{"_acf_changed":false,"footnotes":""},"categories":[4936],"tags":[],"class_list":["post-53377","post","type-post","status-publish","format-standard","has-post-thumbnail","hentry","category-hemeroteca-es"],"acf":[],"_links":{"self":[{"href":"https:\/\/alzira.es\/es\/wp-json\/wp\/v2\/posts\/53377","targetHints":{"allow":["GET"]}}],"collection":[{"href":"https:\/\/alzira.es\/es\/wp-json\/wp\/v2\/posts"}],"about":[{"href":"https:\/\/alzira.es\/es\/wp-json\/wp\/v2\/types\/post"}],"author":[{"embeddable":true,"href":"https:\/\/alzira.es\/es\/wp-json\/wp\/v2\/users\/29"}],"replies":[{"embeddable":true,"href":"https:\/\/alzira.es\/es\/wp-json\/wp\/v2\/comments?post=53377"}],"version-history":[{"count":0,"href":"https:\/\/alzira.es\/es\/wp-json\/wp\/v2\/posts\/53377\/revisions"}],"wp:featuredmedia":[{"embeddable":true,"href":"https:\/\/alzira.es\/es\/wp-json\/wp\/v2\/media\/53371"}],"wp:attachment":[{"href":"https:\/\/alzira.es\/es\/wp-json\/wp\/v2\/media?parent=53377"}],"wp:term":[{"taxonomy":"category","embeddable":true,"href":"https:\/\/alzira.es\/es\/wp-json\/wp\/v2\/categories?post=53377"},{"taxonomy":"post_tag","embeddable":true,"href":"https:\/\/alzira.es\/es\/wp-json\/wp\/v2\/tags?post=53377"}],"curies":[{"name":"wp","href":"https:\/\/api.w.org\/{rel}","templated":true}]}}