{"id":53370,"date":"2021-01-29T14:37:51","date_gmt":"2021-01-29T13:37:51","guid":{"rendered":"https:\/\/alzira.es\/la-xiii-setmana-de-l-economia-d-alzira-del-15-al-19-de-febrer-amb-retransmissions-en-directe-per-zoom-2\/"},"modified":"2021-01-29T14:37:51","modified_gmt":"2021-01-29T13:37:51","slug":"la-xiii-setmana-de-l-economia-d-alzira-del-15-al-19-de-febrer-amb-retransmissions-en-directe-per-zoom-2","status":"publish","type":"post","link":"https:\/\/alzira.es\/es\/la-xiii-setmana-de-l-economia-d-alzira-del-15-al-19-de-febrer-amb-retransmissions-en-directe-per-zoom-2\/","title":{"rendered":"La XIII Setmana de l\u2019economia d\u2019Alzira del 15 al 19 de febrer amb retransmissions en directe per zoom"},"content":{"rendered":"<h3>\u2022 Espais tem\u00e0tics com Talent Senior i l&#8217;Espai d&#8217;empreses<br \/>\u2022 Silvia Leal, Fernando Botella o Emilio Ontiveros entre les propostes del programa<\/h3>\n<p>Hui s&#8217;ha presentat en roda de premsa la programaci\u00f3 de la XIII Edici\u00f3 de la Setmana de l&#8217;Economia, organitzada per l&#8217;Ag\u00e8ncia de Desenvolupament Local, <strong>Idea<\/strong> amb la col\u00b7laboraci\u00f3 de l&#8217;Associaci\u00f3 Empresarial d&#8217;Alzira <strong>AEA<\/strong> i <strong>Renfe<\/strong> Valencia, i que tindr\u00e0 lloc <strong>del 15 al 19 de febrer de manera telem\u00e0tica, mitjan\u00e7ant la plataforma zoom<\/strong>.<\/p>\n<p>La presentaci\u00f3 ha comen\u00e7at amb un recordatori per part de l&#8217;alcalde, <strong>Diego G\u00f3mez<\/strong> al desaparegut <strong>Adri\u00e1n Campos<\/strong>, qui va participar a estes jornades en la setena edici\u00f3 com a empresari i que va ser un referent internacional que va portar el nom de la ciutat arreu del m\u00f3n.<br \/>Des de hui s&#8217;obri el termini d&#8217;inscripci\u00f3 a esta edici\u00f3 telem\u00e0tica i adaptada a les circumst\u00e0ncies actuals, amb <strong>25 intervencions i m\u00e9s de 60 ponents<\/strong> per a donar continu\u00eftat a un esdeveniment que ja s&#8217;ha consolidat a la nostra ciutat.<em> \u00abHem hagut de valorar si suspen\u00edem les jornades, i vam decidir que calia continuar i aprofitar esta oportunitat de trobar i esbrinar els canvis necessaris que s&#8217;han de produir per a fer front a la situaci\u00f3 actual\u00bb<\/em>, ha explicat l&#8217;alcalde. A m\u00e9s, afig, el fet que siga online, ens permet poder oferir una gran diversitat de <em>\u00abtemes\u00bb<\/em>. La inscripci\u00f3 pr\u00e8via es pot fer a la secci\u00f3 <strong>inscripci\u00f3<\/strong> de la web de la <span style=\"text-decoration: underline;\"><a href=\"https:\/\/www.idea-alzira.com\/semana-de-la-economia-alzira?utm_source=portada&amp;utm_medium=display&amp;utm_campaign=banner_portada\" target=\"_blank\" rel=\"noopener\">setmana de l&#8217;economia<\/a><\/span>.<\/p>\n<p>Entre altres, podrem gaudir de <strong>Silvia Leal<\/strong>, dilluns a les 10.30, presentadora de la Cuarta Revoluci\u00f3n de TVE, coneguda com a la successora de Punset, amb la pon\u00e8ncia <em>\u00abTendencias\u00bb<\/em>, tamb\u00e9 podrem assistir dimarts a les 11 a la taula redona <em>\u00abLa competitivitat i perdurabilitat de l&#8217;empresa familiar: Reflexions i desafiaments\u00bb<\/em> en la qual participaran <strong>Bernardo Gregori<\/strong>, de Grefusa i <strong>Alejandro Rios<\/strong> <strong>Broseta<\/strong>. El coach <strong>Fernando Botella<\/strong> ens parlar\u00e0 sobre <em>\u00abCom enamorar els clients i convertir-los en fans\u00bb <\/em>dimecres a les 15.30 hores, o en l&#8217;\u00faltima jornada, el divendres a les 12 tindrem a <strong>Rafael Juan<\/strong> amb<em> \u00abVicky foods, la innovaci\u00f3 com a palanca de creixement\u00bb<\/em><\/p>\n<p><strong>L&#8217;obertura comptar\u00e0 amb el suport institucional de la Generalitat<\/strong>, amb la participaci\u00f3 del Conseller d&#8217;Hisenda i Model Econ\u00f2mic, <strong>Vicent Soler<\/strong>, acompanyat per l&#8217;Alcalde <strong>Diego G\u00f3mez<\/strong>, i el president de l&#8217;Associaci\u00f3 empresarial,<strong> Ra\u00fcl Tudela<\/strong>. La cloenda estar\u00e0 a c\u00e0rrec del Conseller d&#8217;Economia Sostenible i Sectors Productius, Comer\u00e7 i Treball, <strong>Rafael Climent<\/strong>.<\/p>\n<p>Per la seua part la directora de l&#8217;Agencia de Desenvolupament Local e Idea, <strong>Carmen Herrero<\/strong>, ha explicat que enguany s&#8217;introdueix com a novetat la participaci\u00f3 dels i les jubilades en l&#8217;espai <strong>\u00abTalent Senior\u00bb<\/strong>, en la jornada de dimarts 16 de febrer. Un espai que permetr\u00e0 con\u00e8ixer l&#8217;exitosa experi\u00e8ncia de perfils com el d&#8217;<strong>Eduardo Dom\u00e9nech<\/strong>, qui va ser Director General d&#8217;Avidesa. A m\u00e9s, per tercer any consecutiu s&#8217;oferix<strong> l&#8217;Espai d&#8217;Empreses<\/strong>, que tindr\u00e0 lloc el dijous 18 de gener pel mat\u00ed. Fins el dimecres 3 de febrer, les empreses interessades poden inscriure&#8217;s en este espai emplenant este formulari <span style=\"text-decoration: underline;\"><a href=\"https:\/\/www.idea-alzira.com\/semana-de-la-economia-alzira?utm_source=portada&amp;utm_medium=display&amp;utm_campaign=banner_portada\" target=\"_blank\" rel=\"noopener\">https:\/\/www.idea-alzira.com\/espai-empreses<\/a><\/span> . Els caps de recursos humans porten a terme seleccions de personal on line per a cobrir les diferents necessitats.<\/p>\n<p>Un dels principals objectius que es perseguixen amb la celebraci\u00f3 d&#8217;estes jornades \u00e9s <strong>oferir a l&#8217;empresariat i a la ciutadania en general un espai de reflexi\u00f3<\/strong>. Durant tota la setmana es realitzaran confer\u00e8ncies, taules redones, entrevistes, que ens descobriran les claus dels nous models de negoci i les tend\u00e8ncies empresarials actuals.<\/p>\n<p>Hem d&#8217;agrair la participaci\u00f3 de tots els col\u00b7laboradors, empreses, entitats i treballadors municipals que s&#8217;han ocupat a fons per a mantindr\u00e9, en este any tan especial, este punt de trobada dels diferents agents de l&#8217;economia.<\/p>\n<p>Per a m\u00e9s informaci\u00f3 sobre la XIII Setmana de l&#8217;Economia<br \/>\u2022 <strong>Tel\u00e8fon de contacte<\/strong> 96 245 51 01<br \/>\u2022 <strong>WhatsApp<\/strong> 672 11 49 50<\/p>\n<p style=\"text-align: center;\"><img fetchpriority=\"high\" decoding=\"async\" class=\" size-full wp-image-53363\" src=\"https:\/\/alzira.es\/wp-content\/uploads\/2021\/01\/setmana_eco_2020.jpg\" alt=\"setmana eco 2020\" width=\"600\" height=\"354\" srcset=\"https:\/\/alzira.es\/wp-content\/uploads\/2021\/01\/setmana_eco_2020.jpg 1342w, https:\/\/alzira.es\/wp-content\/uploads\/2021\/01\/setmana_eco_2020-680x401.jpg 680w, https:\/\/alzira.es\/wp-content\/uploads\/2021\/01\/setmana_eco_2020-768x453.jpg 768w\" sizes=\"(max-width: 600px) 100vw, 600px\" \/>&nbsp;<img decoding=\"async\" class=\"size-full wp-image-53365 lazyload\" data-src=\"https:\/\/alzira.es\/wp-content\/uploads\/2021\/01\/setmana_eco_2020_2.jpg\" alt=\"setmana eco 2020 2\" width=\"600\" height=\"354\" data-srcset=\"https:\/\/alzira.es\/wp-content\/uploads\/2021\/01\/setmana_eco_2020_2.jpg 1342w, https:\/\/alzira.es\/wp-content\/uploads\/2021\/01\/setmana_eco_2020_2-680x401.jpg 680w, https:\/\/alzira.es\/wp-content\/uploads\/2021\/01\/setmana_eco_2020_2-768x453.jpg 768w\" data-sizes=\"(max-width: 600px) 100vw, 600px\" src=\"data:image\/svg+xml;base64,PHN2ZyB3aWR0aD0iMSIgaGVpZ2h0PSIxIiB4bWxucz0iaHR0cDovL3d3dy53My5vcmcvMjAwMC9zdmciPjwvc3ZnPg==\" style=\"--smush-placeholder-width: 600px; --smush-placeholder-aspect-ratio: 600\/354;\" \/><\/p>\n<p style=\"text-align: center;\"><img decoding=\"async\" class=\"size-full wp-image-53367 lazyload\" data-src=\"https:\/\/alzira.es\/wp-content\/uploads\/2021\/01\/setmana_eco_2020_3.jpg\" alt=\"setmana eco 2020 3\" width=\"1200\" height=\"708\" data-srcset=\"https:\/\/alzira.es\/wp-content\/uploads\/2021\/01\/setmana_eco_2020_3.jpg 1342w, https:\/\/alzira.es\/wp-content\/uploads\/2021\/01\/setmana_eco_2020_3-680x401.jpg 680w, https:\/\/alzira.es\/wp-content\/uploads\/2021\/01\/setmana_eco_2020_3-768x453.jpg 768w\" data-sizes=\"(max-width: 706px) 89vw, (max-width: 767px) 82vw, 740px\" src=\"data:image\/svg+xml;base64,PHN2ZyB3aWR0aD0iMSIgaGVpZ2h0PSIxIiB4bWxucz0iaHR0cDovL3d3dy53My5vcmcvMjAwMC9zdmciPjwvc3ZnPg==\" style=\"--smush-placeholder-width: 1200px; --smush-placeholder-aspect-ratio: 1200\/708;\" \/>&nbsp;&nbsp;<\/p>\n","protected":false},"excerpt":{"rendered":"<p>\u2022 Espais tem\u00e0tics com Talent Senior i l&#8217;Espai d&#8217;empreses\u2022 Silvia Leal, Fernando Botella o Emilio Ontiveros entre les propostes del programa Hui s&#8217;ha presentat en roda de premsa la programaci\u00f3 de la XIII Edici\u00f3 de la Setmana de l&#8217;Economia, organitzada per l&#8217;Ag\u00e8ncia de Desenvolupament Local, Idea amb la col\u00b7laboraci\u00f3 de l&#8217;Associaci\u00f3 Empresarial d&#8217;Alzira AEA i &hellip; <\/p>\n<p class=\"link-more\"><a href=\"https:\/\/alzira.es\/es\/la-xiii-setmana-de-l-economia-d-alzira-del-15-al-19-de-febrer-amb-retransmissions-en-directe-per-zoom-2\/\" class=\"more-link\">Continuar leyendo<span class=\"screen-reader-text\"> \u00abLa XIII Setmana de l\u2019economia d\u2019Alzira del 15 al 19 de febrer amb retransmissions en directe per zoom\u00bb<\/span><\/a><\/p>\n","protected":false},"author":29,"featured_media":53363,"comment_status":"","ping_status":"","sticky":false,"template":"","format":"standard","meta":{"_acf_changed":false,"footnotes":""},"categories":[],"tags":[],"class_list":["post-53370","post","type-post","status-publish","format-standard","has-post-thumbnail","hentry"],"acf":[],"_links":{"self":[{"href":"https:\/\/alzira.es\/es\/wp-json\/wp\/v2\/posts\/53370","targetHints":{"allow":["GET"]}}],"collection":[{"href":"https:\/\/alzira.es\/es\/wp-json\/wp\/v2\/posts"}],"about":[{"href":"https:\/\/alzira.es\/es\/wp-json\/wp\/v2\/types\/post"}],"author":[{"embeddable":true,"href":"https:\/\/alzira.es\/es\/wp-json\/wp\/v2\/users\/29"}],"replies":[{"embeddable":true,"href":"https:\/\/alzira.es\/es\/wp-json\/wp\/v2\/comments?post=53370"}],"version-history":[{"count":0,"href":"https:\/\/alzira.es\/es\/wp-json\/wp\/v2\/posts\/53370\/revisions"}],"wp:featuredmedia":[{"embeddable":true,"href":"https:\/\/alzira.es\/es\/wp-json\/wp\/v2\/media\/53363"}],"wp:attachment":[{"href":"https:\/\/alzira.es\/es\/wp-json\/wp\/v2\/media?parent=53370"}],"wp:term":[{"taxonomy":"category","embeddable":true,"href":"https:\/\/alzira.es\/es\/wp-json\/wp\/v2\/categories?post=53370"},{"taxonomy":"post_tag","embeddable":true,"href":"https:\/\/alzira.es\/es\/wp-json\/wp\/v2\/tags?post=53370"}],"curies":[{"name":"wp","href":"https:\/\/api.w.org\/{rel}","templated":true}]}}