{"id":53369,"date":"2021-01-29T14:37:51","date_gmt":"2021-01-29T13:37:51","guid":{"rendered":"https:\/\/alzira.es\/la-xiii-setmana-de-l-economia-d-alzira-del-15-al-19-de-febrer-amb-retransmissions-en-directe-per-zoom\/"},"modified":"2021-01-29T14:37:51","modified_gmt":"2021-01-29T13:37:51","slug":"la-xiii-setmana-de-l-economia-d-alzira-del-15-al-19-de-febrer-amb-retransmissions-en-directe-per-zoom","status":"publish","type":"post","link":"https:\/\/alzira.es\/es\/la-xiii-setmana-de-l-economia-d-alzira-del-15-al-19-de-febrer-amb-retransmissions-en-directe-per-zoom\/","title":{"rendered":"La XIII Semana de la econom\u00eda de Alzira del 15 al 19 de febrero con retransmisiones en directo por zoom"},"content":{"rendered":"<h3>\u2022 Espacios tem\u00e1ticos como Talento Senior y el Espacio de empresas<br \/>\u2022 Silvia Leal, Fernando Botella o Emilio Ontiveros entre las propuestas del programa<\/h3>\n<p>Hoy se ha presentado en rueda de prensa la programaci\u00f3n de la XIII Edici\u00f3n de la Semana de la Econom\u00eda, organizada por la Agencia de Desarrollo Local, Idea con la colaboraci\u00f3n de la Asociaci\u00f3n Empresarial de Alzira AEA y Renfe Valencia, y que tendr\u00e1 lugar del 15 al 19 de febrero de manera telem\u00e1tica, mediante la plataforma zoom.<\/p>\n<p>La presentaci\u00f3n ha empezado con un recordatorio por parte del alcalde, <strong>Diego G\u00f3mez<\/strong> al desaparecido <strong>Adri\u00e1n Campos<\/strong>, qui\u00e9n particip\u00f3 en estas jornadas en la s\u00e9ptima edici\u00f3n como empresario y que fue un referente internacional que llev\u00f3 el nombre de la ciudad en todo el mundo.<br \/>Desde hoy se abre el plazo de inscripci\u00f3n a esta edici\u00f3n telem\u00e1tica y adaptada a las circunstancias actuales, con 25 intervenciones y m\u00e1s de 60 ponentes para dar continuidad a un acontecimiento que ya se ha consolidado en nuestra ciudad. <em>\u00abHemos tenido que valorar si suspend\u00edamos las jornadas, y decidimos que hab\u00eda que continuar y aprovechar esta oportunidad de encontrar y averiguar los cambios necesarios que se tienen que producir para hacer frente a la situaci\u00f3n actual\u00bb<\/em>, ha explicado el alcalde. Adem\u00e1s, a\u00f1ade, el hecho que sea online, nos permite poder ofrecer una gran diversidad de <em>\u00abtemas\u00bb<\/em>. La <strong>inscripci\u00f3n<\/strong> previa se puede hacer a la secci\u00f3n inscripci\u00f3n de la web de la <span style=\"text-decoration: underline;\"><a href=\"https:\/\/www.idea-alzira.com\/semana-de-la-economia-alzira?utm_source=portada&amp;utm_medium=display&amp;utm_campaign=banner_portada\" target=\"_blank\" rel=\"noopener\">semana de la econom\u00eda<\/a><\/span>.<\/p>\n<p>Entre otros, podremos disfrutar de <strong>Silvia Leal<\/strong>, lunes a las 10.30, presentadora de la Cuarta Revoluci\u00f3n de TVE, conocida como la sucesora de Punset, con la ponencia <em>\u00abTendencias\u00bb<\/em>, tambi\u00e9n podremos asistir martes a las 11 a la mesa redonda <em>\u00abLa competitividad y perdurabilidad de la empresa familiar: Reflexiones y desaf\u00edos\u00bb<\/em> en la cual participar\u00e1n <strong>Bernardo Gregori<\/strong>, de Grefusa y <strong>Alejandro Rios Broseta<\/strong>. El coach <strong>Fernando Botella<\/strong> nos hablar\u00e1 sobre <em>\u00abComo enamorar los clientes y convertirlos en fans\u00bb<\/em> mi\u00e9rcoles a las 15.30 horas, o en la \u00faltima jornada, el viernes a las 12 tendremos a<strong> Rafael Juan<\/strong> con <em>\u00abVicky foods, la innovaci\u00f3n como palanca de crecimiento\u00bb<\/em><\/p>\n<p><strong>La apertura contar\u00e1 con el apoyo institucional de la Generalitat<\/strong>, con la participaci\u00f3n del Consejero de Hacienda y Modelo Econ\u00f3mico, <strong>Vicent Soler<\/strong>, acompa\u00f1ado por el Alcalde <strong>Diego G\u00f3mez<\/strong>, y el presidente de la Asociaci\u00f3n empresarial, <strong>Ra\u00fcl Tudela<\/strong>. La conclusi\u00f3n estar\u00e1 a cargo del Consejero de Econom\u00eda Sostenible y Sectores Productivos, Comercio y Trabajo, <strong>Rafael Climent<\/strong>.<\/p>\n<p>Por su parte la directora de lo Agencia de Desarrollo Local e Idea, <strong>Carmen Herrero<\/strong>, ha explicado que este a\u00f1o se introduce como novedad la participaci\u00f3n de los y las jubiladas en el espacio <em>\u00abTalento Senior\u00bb<\/em>, en la jornada de martes 16 de febrero. Un espacio que permitir\u00e1 conocer la exitosa experiencia de perfiles como el de <strong>Eduardo Dom\u00e9nech<\/strong>, qui\u00e9n fue Director General de Avidesa. Adem\u00e1s, por tercer a\u00f1o consecutivo se ofrece el Espacio de Empresas, que tendr\u00e1 lugar el jueves 18 de enero por la ma\u00f1ana. Hasta el mi\u00e9rcoles 3 de febrero, las empresas interesadas pueden inscribirse en este espacio rellenando este formulario <span style=\"text-decoration: underline;\"><a href=\"https:\/\/www.idea-alzira.com\/semana-de-la-economia-alzira?utm_source=portada&amp;utm_medium=display&amp;utm_campaign=banner_portada\" target=\"_blank\" rel=\"noopener\">https:\/\/www.idea-alzira.com\/espai-empreses<\/a><\/span> . Los jefes de recursos humanos llevan a cabo selecciones de personal on line para cubrir las diferentes necesidades.<\/p>\n<p>Uno de los principales objetivos que se persiguen con la celebraci\u00f3n de estas jornadas es ofrecer al empresariado y a la ciudadan\u00eda en general un espacio de reflexi\u00f3n. Durante toda la semana se realizar\u00e1n conferencias, mesas redondas, entrevistas, que nos descubrir\u00e1n las claves de los nuevos modelos de negocio y las tendencias empresariales actuales.<\/p>\n<p>Tenemos que agradecer la participaci\u00f3n de todos los colaboradores, empresas, entidades y trabajadores municipales que se han ocupado a fondo para mantendr\u00e9, en este a\u00f1o tan especial, este punto de encuentro de los diferentes agentes de la econom\u00eda.<\/p>\n<p>Para mayor informaci\u00f3n sobre la XIII Semana de la Econom\u00eda<br \/>\u2022 <strong>Tel\u00e9fono de contacto<\/strong> 96 245 51 01<br \/>\u2022<strong> WhatsApp<\/strong> 672 11 49 50<\/p>\n<p style=\"text-align: center;\"><img fetchpriority=\"high\" decoding=\"async\" class=\" size-full wp-image-53363\" src=\"https:\/\/alzira.es\/wp-content\/uploads\/2021\/01\/setmana_eco_2020.jpg\" alt=\"setmana eco 2020\" width=\"600\" height=\"354\" srcset=\"https:\/\/alzira.es\/wp-content\/uploads\/2021\/01\/setmana_eco_2020.jpg 1342w, https:\/\/alzira.es\/wp-content\/uploads\/2021\/01\/setmana_eco_2020-680x401.jpg 680w, https:\/\/alzira.es\/wp-content\/uploads\/2021\/01\/setmana_eco_2020-768x453.jpg 768w\" sizes=\"(max-width: 600px) 100vw, 600px\" \/>&nbsp;<img decoding=\"async\" class=\"size-full wp-image-53365 lazyload\" data-src=\"https:\/\/alzira.es\/wp-content\/uploads\/2021\/01\/setmana_eco_2020_2.jpg\" alt=\"setmana eco 2020 2\" width=\"600\" height=\"354\" data-srcset=\"https:\/\/alzira.es\/wp-content\/uploads\/2021\/01\/setmana_eco_2020_2.jpg 1342w, https:\/\/alzira.es\/wp-content\/uploads\/2021\/01\/setmana_eco_2020_2-680x401.jpg 680w, https:\/\/alzira.es\/wp-content\/uploads\/2021\/01\/setmana_eco_2020_2-768x453.jpg 768w\" data-sizes=\"(max-width: 600px) 100vw, 600px\" src=\"data:image\/svg+xml;base64,PHN2ZyB3aWR0aD0iMSIgaGVpZ2h0PSIxIiB4bWxucz0iaHR0cDovL3d3dy53My5vcmcvMjAwMC9zdmciPjwvc3ZnPg==\" style=\"--smush-placeholder-width: 600px; --smush-placeholder-aspect-ratio: 600\/354;\" \/><\/p>\n<p style=\"text-align: center;\"><img decoding=\"async\" class=\"size-full wp-image-53367 lazyload\" data-src=\"https:\/\/alzira.es\/wp-content\/uploads\/2021\/01\/setmana_eco_2020_3.jpg\" alt=\"setmana eco 2020 3\" width=\"1200\" height=\"708\" data-srcset=\"https:\/\/alzira.es\/wp-content\/uploads\/2021\/01\/setmana_eco_2020_3.jpg 1342w, https:\/\/alzira.es\/wp-content\/uploads\/2021\/01\/setmana_eco_2020_3-680x401.jpg 680w, https:\/\/alzira.es\/wp-content\/uploads\/2021\/01\/setmana_eco_2020_3-768x453.jpg 768w\" data-sizes=\"(max-width: 706px) 89vw, (max-width: 767px) 82vw, 740px\" src=\"data:image\/svg+xml;base64,PHN2ZyB3aWR0aD0iMSIgaGVpZ2h0PSIxIiB4bWxucz0iaHR0cDovL3d3dy53My5vcmcvMjAwMC9zdmciPjwvc3ZnPg==\" style=\"--smush-placeholder-width: 1200px; --smush-placeholder-aspect-ratio: 1200\/708;\" \/>&nbsp;&nbsp;<\/p>\n","protected":false},"excerpt":{"rendered":"<p>\u2022 Espacios tem\u00e1ticos como Talento Senior y el Espacio de empresas\u2022 Silvia Leal, Fernando Botella o Emilio Ontiveros entre las propuestas del programa Hoy se ha presentado en rueda de prensa la programaci\u00f3n de la XIII Edici\u00f3n de la Semana de la Econom\u00eda, organizada por la Agencia de Desarrollo Local, Idea con la colaboraci\u00f3n de &hellip; <\/p>\n<p class=\"link-more\"><a href=\"https:\/\/alzira.es\/es\/la-xiii-setmana-de-l-economia-d-alzira-del-15-al-19-de-febrer-amb-retransmissions-en-directe-per-zoom\/\" class=\"more-link\">Continuar leyendo<span class=\"screen-reader-text\"> \u00abLa XIII Semana de la econom\u00eda de Alzira del 15 al 19 de febrero con retransmisiones en directo por zoom\u00bb<\/span><\/a><\/p>\n","protected":false},"author":29,"featured_media":53363,"comment_status":"","ping_status":"","sticky":false,"template":"","format":"standard","meta":{"_acf_changed":false,"footnotes":""},"categories":[4936],"tags":[],"class_list":["post-53369","post","type-post","status-publish","format-standard","has-post-thumbnail","hentry","category-hemeroteca-es"],"acf":[],"_links":{"self":[{"href":"https:\/\/alzira.es\/es\/wp-json\/wp\/v2\/posts\/53369","targetHints":{"allow":["GET"]}}],"collection":[{"href":"https:\/\/alzira.es\/es\/wp-json\/wp\/v2\/posts"}],"about":[{"href":"https:\/\/alzira.es\/es\/wp-json\/wp\/v2\/types\/post"}],"author":[{"embeddable":true,"href":"https:\/\/alzira.es\/es\/wp-json\/wp\/v2\/users\/29"}],"replies":[{"embeddable":true,"href":"https:\/\/alzira.es\/es\/wp-json\/wp\/v2\/comments?post=53369"}],"version-history":[{"count":0,"href":"https:\/\/alzira.es\/es\/wp-json\/wp\/v2\/posts\/53369\/revisions"}],"wp:featuredmedia":[{"embeddable":true,"href":"https:\/\/alzira.es\/es\/wp-json\/wp\/v2\/media\/53363"}],"wp:attachment":[{"href":"https:\/\/alzira.es\/es\/wp-json\/wp\/v2\/media?parent=53369"}],"wp:term":[{"taxonomy":"category","embeddable":true,"href":"https:\/\/alzira.es\/es\/wp-json\/wp\/v2\/categories?post=53369"},{"taxonomy":"post_tag","embeddable":true,"href":"https:\/\/alzira.es\/es\/wp-json\/wp\/v2\/tags?post=53369"}],"curies":[{"name":"wp","href":"https:\/\/api.w.org\/{rel}","templated":true}]}}