{"id":53361,"date":"2021-01-29T12:46:25","date_gmt":"2021-01-29T11:46:25","guid":{"rendered":"https:\/\/alzira.es\/alzira-prorroga-les-mesures-locals-fins-el-15-de-febrer\/"},"modified":"2021-01-29T12:46:25","modified_gmt":"2021-01-29T11:46:25","slug":"alzira-prorroga-les-mesures-locals-fins-el-15-de-febrer","status":"publish","type":"post","link":"https:\/\/alzira.es\/es\/alzira-prorroga-les-mesures-locals-fins-el-15-de-febrer\/","title":{"rendered":"Alzira prorroga las medidas locales hasta el 15 de febrero"},"content":{"rendered":"<p>El ayuntamiento de Alzira anuncia la <strong>pr\u00f3rroga de las medidas anunciadas<\/strong> el pasado 11 de enero para hacer frente a la pandemia y frenar el n\u00famero de casos.<\/p>\n<p><strong>De esta manera, hasta el pr\u00f3ximo 15 de febrero las medidas restrictivas locales suponen<\/strong>:<\/p>\n<p>\u2022 Cerrar los parques, jardines y zonas de juego infantiles de nuestra ciudad.<br \/>\u2022 Cerrar al p\u00fablico las dependencias municipales. Solo se podr\u00e1 acudir con cita previa.<br \/>\u2022 Suspender temporalmente los talleres de juventud actividades culturales, de ocio, espect\u00e1culos y juventud programadas.<br \/>\u2022 La biblioteca solo ofrecer\u00e1 servicio de pr\u00e9stamo de libros en horario ininterrumpido de lunes a viernes de 9 a 18 horas y s\u00e1bados de 10 a 13.30 horas<br \/>\u2022 La actividad acad\u00e9mica obligatoria (escuelas e institutos y Escuela de Adultos), contin\u00faa con normalidad.<\/p>\n<p><strong>Adem\u00e1s hay que tener en cuenta que siguen en vigor las medidas establecidas por la Generalitat hasta el 15 de febrero<\/strong><\/p>\n<p>\u2022 En espacios de uso p\u00fablico, permanencia de grupos que no supero las dos personas, salvo que se trate de personas convivientes<br \/>\u2022 En domicilios y espacios de uso privado, tanto en el interior como el exterior, se permiten \u00fanicamente las reuniones familiares y sociales de personas que pertenecen al mismo n\u00facleo o grupo de convivencia.<br \/>\u2022 Se except\u00faan, las actividades no profesionales relacionadas con la crianza y las curas. Tambi\u00e9n se except\u00faan las reuniones de personas con v\u00ednculo matrimonial o de pareja que viven en domicilios diferentes, o de las personas que viven solas, que podr\u00e1n formar parte de otra \u00fanica unidad de convivencia .<br \/>\u2022 No est\u00e1n incluidas en las limitaciones las actividades laborales, las institucionales, las de transporte y las de los centros docentes.<br \/>\u2022 Se prorroga, hasta las 23.59 horas del 15 de febrero de 2021, las limitaciones en la entrada y la salida de la Comunidad Valenciana.<br \/>\u2022 Adicionalmente, desde las 15.00 horas del viernes hasta las 06.00 horas del lunes, y desde las 15.00 horas de la tarde de los d\u00edas festivos hasta las 15.00 del d\u00eda siguiente al festivo, queda limitada la entrada y salida de personas de los t\u00e9rminos municipales de los municipios y grupos de municipios con poblaci\u00f3n superior a 50.000 habitantes. Estas ciudades son Val\u00e8ncia, Alicante, Elche, Castell\u00f3 de la Plana, Torrevieja, Torrent, Orihuela, Gandia, Paterna, Benidorm, Sagunto, Alcoy, San Vicente del Raspeig, Elda-Petrer, y Vila-real.<\/p>\n<p><strong>Estar\u00e1n vigentes hasta el 3 de febrero:<\/strong><\/p>\n<p>\u2022 Cierre de toda la hosteler\u00eda de la Comunidad Valenciana. Solo se permitir\u00e1 el servicio de comida para llevar, sea distribuido en el local o por repartidores.<br \/>\u2022 Cierre del comercio a partir de las 18 h de la tarde a excepci\u00f3n los establecimientos de alimentaci\u00f3n, farmacias y los esenciales.<br \/>\u2022 Cierre de todas las instalaciones deportivas, excepto las destinadas a entrenamiento y competiciones de nivel nacional e internacional.<\/p>\n<p style=\"text-align: center;\"><img fetchpriority=\"high\" decoding=\"async\" width=\"1000\" height=\"1000\" class=\" size-full wp-image-53359\" src=\"https:\/\/alzira.es\/wp-content\/uploads\/2021\/01\/PRORROGA_MESURES_LOCALS.jpg\" alt=\"PRORROGA MESURES LOCALS\" srcset=\"https:\/\/alzira.es\/wp-content\/uploads\/2021\/01\/PRORROGA_MESURES_LOCALS.jpg 1000w, https:\/\/alzira.es\/wp-content\/uploads\/2021\/01\/PRORROGA_MESURES_LOCALS-680x680.jpg 680w, https:\/\/alzira.es\/wp-content\/uploads\/2021\/01\/PRORROGA_MESURES_LOCALS-350x350.jpg 350w, https:\/\/alzira.es\/wp-content\/uploads\/2021\/01\/PRORROGA_MESURES_LOCALS-768x768.jpg 768w, https:\/\/alzira.es\/wp-content\/uploads\/2021\/01\/PRORROGA_MESURES_LOCALS-300x300.jpg 300w, https:\/\/alzira.es\/wp-content\/uploads\/2021\/01\/PRORROGA_MESURES_LOCALS-100x100.jpg 100w\" sizes=\"(max-width: 706px) 89vw, (max-width: 767px) 82vw, 740px\" \/><\/p>\n","protected":false},"excerpt":{"rendered":"<p>El ayuntamiento de Alzira anuncia la pr\u00f3rroga de las medidas anunciadas el pasado 11 de enero para hacer frente a la pandemia y frenar el n\u00famero de casos. De esta manera, hasta el pr\u00f3ximo 15 de febrero las medidas restrictivas locales suponen: \u2022 Cerrar los parques, jardines y zonas de juego infantiles de nuestra ciudad.\u2022 &hellip; <\/p>\n<p class=\"link-more\"><a href=\"https:\/\/alzira.es\/es\/alzira-prorroga-les-mesures-locals-fins-el-15-de-febrer\/\" class=\"more-link\">Continuar leyendo<span class=\"screen-reader-text\"> \u00abAlzira prorroga las medidas locales hasta el 15 de febrero\u00bb<\/span><\/a><\/p>\n","protected":false},"author":29,"featured_media":53359,"comment_status":"","ping_status":"","sticky":false,"template":"","format":"standard","meta":{"_acf_changed":false,"footnotes":""},"categories":[4936],"tags":[],"class_list":["post-53361","post","type-post","status-publish","format-standard","has-post-thumbnail","hentry","category-hemeroteca-es"],"acf":[],"_links":{"self":[{"href":"https:\/\/alzira.es\/es\/wp-json\/wp\/v2\/posts\/53361","targetHints":{"allow":["GET"]}}],"collection":[{"href":"https:\/\/alzira.es\/es\/wp-json\/wp\/v2\/posts"}],"about":[{"href":"https:\/\/alzira.es\/es\/wp-json\/wp\/v2\/types\/post"}],"author":[{"embeddable":true,"href":"https:\/\/alzira.es\/es\/wp-json\/wp\/v2\/users\/29"}],"replies":[{"embeddable":true,"href":"https:\/\/alzira.es\/es\/wp-json\/wp\/v2\/comments?post=53361"}],"version-history":[{"count":0,"href":"https:\/\/alzira.es\/es\/wp-json\/wp\/v2\/posts\/53361\/revisions"}],"wp:featuredmedia":[{"embeddable":true,"href":"https:\/\/alzira.es\/es\/wp-json\/wp\/v2\/media\/53359"}],"wp:attachment":[{"href":"https:\/\/alzira.es\/es\/wp-json\/wp\/v2\/media?parent=53361"}],"wp:term":[{"taxonomy":"category","embeddable":true,"href":"https:\/\/alzira.es\/es\/wp-json\/wp\/v2\/categories?post=53361"},{"taxonomy":"post_tag","embeddable":true,"href":"https:\/\/alzira.es\/es\/wp-json\/wp\/v2\/tags?post=53361"}],"curies":[{"name":"wp","href":"https:\/\/api.w.org\/{rel}","templated":true}]}}