{"id":53358,"date":"2021-01-28T13:08:46","date_gmt":"2021-01-28T12:08:46","guid":{"rendered":"https:\/\/alzira.es\/alta-pressio-hospitalaria-al-departament-de-salut-de-la-ribera-2\/"},"modified":"2021-01-28T13:08:46","modified_gmt":"2021-01-28T12:08:46","slug":"alta-pressio-hospitalaria-al-departament-de-salut-de-la-ribera-2","status":"publish","type":"post","link":"https:\/\/alzira.es\/es\/alta-pressio-hospitalaria-al-departament-de-salut-de-la-ribera-2\/","title":{"rendered":"Alta pressi\u00f3 hospital\u00e0ria al Departament de Salut de la Ribera"},"content":{"rendered":"<p><strong>Actualitzaci\u00f3 de dades COVID<\/strong><\/p>\n<h3>\u2022 Les dades apunten a una lleugera baixada de casos als municipis<\/h3>\n<p>De nou, hui s&#8217;ha celebrat la reuni\u00f3 telem\u00e0tica amb els representants dels diferents municipis que integren el Departament de Salut de la Ribera. En els \u00faltims 7 dies, <strong>en Alzira hem passat de 1645 casos per cada 100.000 habitants a 1333 casos<\/strong>. En total tenim 609 casos actius (732 a data 21 de gener), en els \u00faltims tres dies 111 casos nous.<\/p>\n<p>L&#8217;alcalde, <strong>Diego G\u00f3mez<\/strong>, i la regidora de Sanitat,<strong> Gemma Al\u00f3s<\/strong>, han assistit a la reuni\u00f3 on han explicat que la situaci\u00f3 \u00e9s complicada a la Ribera.<em> \u00abDespr\u00e9s d&#8217;escoltar una setmana m\u00e9s les dades, l&#8217;an\u00e0lisi que fem \u00e9s que continua sent una situaci\u00f3 molt complicada a l&#8217;hospital. Encara que les xifres dels municipis marquen una lleugera tend\u00e8ncia a la baixa, eixe canvi no es vor\u00e0 reflectit en l&#8217;hospital fins a passar unes dos setmanes\u00bb<\/em> Ha explicat la regidora de sanitat <strong>Gemma Al\u00f3s<\/strong>.<\/p>\n<p><em>\u00abCal rebaixar la pressi\u00f3 a l&#8217;hospital, els \u00edndex que tenim s\u00f3n alt\u00edssims a la ciutat i a la comarca, de manera que vos demanem a tota la ciutadania que prengueu totes les mesures d&#8217;autoconfinament i seguiment de les restriccions per a poder entre tots, anar abaixant m\u00e9s significativament estes dades\u00bb<\/em>, ha explicat <strong>G\u00f3mez<\/strong>.<\/p>\n<p><strong>Mesures auton\u00f2miques<\/strong><br \/><strong>La Generalitat va anunciar mesures auton\u00f2miques fins el 15 de febrer<\/strong><\/p>\n<p>\u2022 En espais d&#8217;\u00fas p\u00fablic, perman\u00e8ncia de grups que no supere les dos persones, llevat que es tracte de persones convivents<br \/>\u2022 En domicilis i espais d&#8217;\u00fas privat, tant a l&#8217;interior com l&#8217;exterior, es permeten \u00fanicament les reunions familiars i socials de persones que pertanyen al mateix nucli o grup de conviv\u00e8ncia.<br \/>\u2022 S&#8217;exceptuen, les activitats no professionals relacionades amb la crian\u00e7a i les cures. Tamb\u00e9 s&#8217;exceptuen les reunions de persones amb vincle matrimonial o de parella que viuen en domicilis diferents, o de les persones que viuen soles, que podran formar part d&#8217;una altra \u00fanica unitat de conviv\u00e8ncia .<br \/>\u2022 No estan incloses en les limitacions les activitats laborals, les institucionals, les de transport i les dels centres docents.<br \/>\u2022 Es prorroga, fins a les 23.59 hores del 15 de febrer de 2021, les limitacions a l&#8217;entrada i l&#8217;eixida de la Comunitat Valenciana.<br \/>\u2022 Addicionalment, des de les 15.00 hores del divendres fins a les 06.00 hores del dilluns, i des de les 15.00 hores de la vesprada dels dies festius fins a les 15.00 de l&#8217;endem\u00e0 al festiu, queda limitada l&#8217;entrada i eixida de persones dels termes municipals dels municipis i grups de municipis amb poblaci\u00f3 superior a 50.000 habitants. Aquestes ciutats s\u00f3n Val\u00e8ncia, Alacant, Elx, Castell\u00f3 de la Plana, Torrevieja, Torrent, Orihuela, Gandia, Paterna, Benidorm, Sagunt, Alcoi, Sant Vicent del Raspeig, Elda-Petrer, i Vila-real.<\/p>\n<p><strong>Estaran vigents fins al 3 de febrer:<\/strong><\/p>\n<p>\u2022 Tancament de tota l&#8217;hostaleria de la Comunitat Valenciana. Nom\u00e9s es permetr\u00e0 el servei de menjar per a emportar, siga distribu\u00eft al local o per repartidors.<br \/>\u2022 Tancament del comer\u00e7 a partir de les 18 h de la vesprada a excepci\u00f3 els establiments d&#8217;alimentaci\u00f3, farm\u00e0cies i els essencials.<br \/>\u2022 Tancament de totes les instal\u00b7lacions esportives, excepte les destinades a entrenament i competicions de nivel nacional i internacional.<\/p>\n<p style=\"text-align: center;\"><img fetchpriority=\"high\" decoding=\"async\" class=\" size-full wp-image-53355\" src=\"https:\/\/alzira.es\/wp-content\/uploads\/2021\/01\/28012021_dades_covid.R.jpeg\" alt=\"28012021 dades covid.R\" width=\"1200\" height=\"899\" srcset=\"https:\/\/alzira.es\/wp-content\/uploads\/2021\/01\/28012021_dades_covid.R.jpeg 1600w, https:\/\/alzira.es\/wp-content\/uploads\/2021\/01\/28012021_dades_covid.R-680x509.jpeg 680w, https:\/\/alzira.es\/wp-content\/uploads\/2021\/01\/28012021_dades_covid.R-1430x1072.jpeg 1430w, https:\/\/alzira.es\/wp-content\/uploads\/2021\/01\/28012021_dades_covid.R-768x575.jpeg 768w, https:\/\/alzira.es\/wp-content\/uploads\/2021\/01\/28012021_dades_covid.R-1536x1150.jpeg 1536w\" sizes=\"(max-width: 706px) 89vw, (max-width: 767px) 82vw, 740px\" \/><\/p>\n","protected":false},"excerpt":{"rendered":"<p>Actualitzaci\u00f3 de dades COVID \u2022 Les dades apunten a una lleugera baixada de casos als municipis De nou, hui s&#8217;ha celebrat la reuni\u00f3 telem\u00e0tica amb els representants dels diferents municipis que integren el Departament de Salut de la Ribera. En els \u00faltims 7 dies, en Alzira hem passat de 1645 casos per cada 100.000 habitants &hellip; <\/p>\n<p class=\"link-more\"><a href=\"https:\/\/alzira.es\/es\/alta-pressio-hospitalaria-al-departament-de-salut-de-la-ribera-2\/\" class=\"more-link\">Continuar leyendo<span class=\"screen-reader-text\"> \u00abAlta pressi\u00f3 hospital\u00e0ria al Departament de Salut de la Ribera\u00bb<\/span><\/a><\/p>\n","protected":false},"author":29,"featured_media":53355,"comment_status":"","ping_status":"","sticky":false,"template":"","format":"standard","meta":{"_acf_changed":false,"footnotes":""},"categories":[],"tags":[],"class_list":["post-53358","post","type-post","status-publish","format-standard","has-post-thumbnail","hentry"],"acf":[],"_links":{"self":[{"href":"https:\/\/alzira.es\/es\/wp-json\/wp\/v2\/posts\/53358","targetHints":{"allow":["GET"]}}],"collection":[{"href":"https:\/\/alzira.es\/es\/wp-json\/wp\/v2\/posts"}],"about":[{"href":"https:\/\/alzira.es\/es\/wp-json\/wp\/v2\/types\/post"}],"author":[{"embeddable":true,"href":"https:\/\/alzira.es\/es\/wp-json\/wp\/v2\/users\/29"}],"replies":[{"embeddable":true,"href":"https:\/\/alzira.es\/es\/wp-json\/wp\/v2\/comments?post=53358"}],"version-history":[{"count":0,"href":"https:\/\/alzira.es\/es\/wp-json\/wp\/v2\/posts\/53358\/revisions"}],"wp:featuredmedia":[{"embeddable":true,"href":"https:\/\/alzira.es\/es\/wp-json\/wp\/v2\/media\/53355"}],"wp:attachment":[{"href":"https:\/\/alzira.es\/es\/wp-json\/wp\/v2\/media?parent=53358"}],"wp:term":[{"taxonomy":"category","embeddable":true,"href":"https:\/\/alzira.es\/es\/wp-json\/wp\/v2\/categories?post=53358"},{"taxonomy":"post_tag","embeddable":true,"href":"https:\/\/alzira.es\/es\/wp-json\/wp\/v2\/tags?post=53358"}],"curies":[{"name":"wp","href":"https:\/\/api.w.org\/{rel}","templated":true}]}}