{"id":53354,"date":"2021-01-28T12:00:23","date_gmt":"2021-01-28T11:00:23","guid":{"rendered":"https:\/\/alzira.es\/ens-deixa-adrian-campos-fill-predilecte-d-alzira-2\/"},"modified":"2021-01-28T12:00:23","modified_gmt":"2021-01-28T11:00:23","slug":"ens-deixa-adrian-campos-fill-predilecte-d-alzira-2","status":"publish","type":"post","link":"https:\/\/alzira.es\/es\/ens-deixa-adrian-campos-fill-predilecte-d-alzira-2\/","title":{"rendered":"Ens deixa Adri\u00e1n Campos, fill predilecte d\u2019Alzira"},"content":{"rendered":"<p><strong>Esta matinada ha faltat l&#8217;alzireny Adri\u00e1n Campos Su\u00f1er<\/strong>, primer pilot espanyol de F\u00f2rmula 1 i net del fundador d&#8217;Avidesa, Luis Su\u00f1er.<\/p>\n<p>Adri\u00e1n Campos Su\u00f1er era Fill Predilecte de la Ciutat, se li va atorgar la Medalla d&#8217;Or de la Ciutat en 1994 i era un reconegut ambaixador d&#8217;Alzira.<\/p>\n<p>La seua traject\u00f2ria esportiva ha estat lligada al m\u00f3n del motor, concretament a la F\u00f2rmula 1, de la que actualment era expilot. Destac\u00e0 per ser el descobridor del dos vegades campi\u00f3 del m\u00f3n de F\u00f3rmula 1, Fernando Alonso.<br \/>En l&#8217;actualitat president i fundador del Campos Racing.<\/p>\n<p>Des de l&#8217;Ajuntament d&#8217;Alzira, lamentem profundament la seua p\u00e8rdua i volem expressar les nostres condol\u00e8ncies a la seua fam\u00edlia, companys i amics. DEP.<\/p>\n<p style=\"text-align: center;\"><img fetchpriority=\"high\" decoding=\"async\" class=\" size-full wp-image-53351\" src=\"https:\/\/alzira.es\/wp-content\/uploads\/2021\/01\/adrian_campos.4.jpg\" alt=\"adrian campos.4\" width=\"800\" height=\"1267\" \/><\/p>\n","protected":false},"excerpt":{"rendered":"<p>Esta matinada ha faltat l&#8217;alzireny Adri\u00e1n Campos Su\u00f1er, primer pilot espanyol de F\u00f2rmula 1 i net del fundador d&#8217;Avidesa, Luis Su\u00f1er. Adri\u00e1n Campos Su\u00f1er era Fill Predilecte de la Ciutat, se li va atorgar la Medalla d&#8217;Or de la Ciutat en 1994 i era un reconegut ambaixador d&#8217;Alzira. La seua traject\u00f2ria esportiva ha estat lligada &hellip; <\/p>\n<p class=\"link-more\"><a href=\"https:\/\/alzira.es\/es\/ens-deixa-adrian-campos-fill-predilecte-d-alzira-2\/\" class=\"more-link\">Continuar leyendo<span class=\"screen-reader-text\"> \u00abEns deixa Adri\u00e1n Campos, fill predilecte d\u2019Alzira\u00bb<\/span><\/a><\/p>\n","protected":false},"author":29,"featured_media":53351,"comment_status":"","ping_status":"","sticky":false,"template":"","format":"standard","meta":{"_acf_changed":false,"footnotes":""},"categories":[],"tags":[],"class_list":["post-53354","post","type-post","status-publish","format-standard","has-post-thumbnail","hentry"],"acf":[],"_links":{"self":[{"href":"https:\/\/alzira.es\/es\/wp-json\/wp\/v2\/posts\/53354","targetHints":{"allow":["GET"]}}],"collection":[{"href":"https:\/\/alzira.es\/es\/wp-json\/wp\/v2\/posts"}],"about":[{"href":"https:\/\/alzira.es\/es\/wp-json\/wp\/v2\/types\/post"}],"author":[{"embeddable":true,"href":"https:\/\/alzira.es\/es\/wp-json\/wp\/v2\/users\/29"}],"replies":[{"embeddable":true,"href":"https:\/\/alzira.es\/es\/wp-json\/wp\/v2\/comments?post=53354"}],"version-history":[{"count":0,"href":"https:\/\/alzira.es\/es\/wp-json\/wp\/v2\/posts\/53354\/revisions"}],"wp:featuredmedia":[{"embeddable":true,"href":"https:\/\/alzira.es\/es\/wp-json\/wp\/v2\/media\/53351"}],"wp:attachment":[{"href":"https:\/\/alzira.es\/es\/wp-json\/wp\/v2\/media?parent=53354"}],"wp:term":[{"taxonomy":"category","embeddable":true,"href":"https:\/\/alzira.es\/es\/wp-json\/wp\/v2\/categories?post=53354"},{"taxonomy":"post_tag","embeddable":true,"href":"https:\/\/alzira.es\/es\/wp-json\/wp\/v2\/tags?post=53354"}],"curies":[{"name":"wp","href":"https:\/\/api.w.org\/{rel}","templated":true}]}}