{"id":53353,"date":"2021-01-28T12:00:23","date_gmt":"2021-01-28T11:00:23","guid":{"rendered":"https:\/\/alzira.es\/ens-deixa-adrian-campos-fill-predilecte-d-alzira\/"},"modified":"2021-01-28T12:00:23","modified_gmt":"2021-01-28T11:00:23","slug":"ens-deixa-adrian-campos-fill-predilecte-d-alzira","status":"publish","type":"post","link":"https:\/\/alzira.es\/es\/ens-deixa-adrian-campos-fill-predilecte-d-alzira\/","title":{"rendered":"Nos deja Adri\u00e1n Campos, hijo predilecto de Alzira"},"content":{"rendered":"<p><strong>Esta madrugada ha faltado el Alzire\u00f1o Adri\u00e1n Campos Su\u00f1er<\/strong>, primer piloto espa\u00f1ol de F\u00f2rmula 1 y nieto del fundador de Avidesa, Luis Su\u00f1er.<\/p>\n<p>Adri\u00e1n Campos Su\u00f1er era Hijo Predilecto de la Ciudad, se le otorg\u00f3 la Medalla de Oro de la Ciudad en 1994 y era un reconocido embajador de Alzira.<\/p>\n<p>Su trayectoria deportiva ha sido ligada en el mundo del motor, concretamente a la F\u00f2rmula 1, de la que actualmente era expiloto. Destac\u00f3 por ser el descubridor del dos veces campe\u00f3n del mundo de F\u00f3rmula 1, Fernando Alonso.<br \/>En la actualidad presidente y fundador del Campos Racing.<\/p>\n<p>Desde el Ayuntamiento de Alzira, lamentamos profundamente su p\u00e9rdida y queremos expresar nuestras condol\u00e9ncias a su familia, compa\u00f1eros y amigos. DEP.<\/p>\n<p style=\"text-align: center;\"><img fetchpriority=\"high\" decoding=\"async\" class=\" size-full wp-image-53351\" src=\"https:\/\/alzira.es\/wp-content\/uploads\/2021\/01\/adrian_campos.4.jpg\" alt=\"adrian campos.4\" width=\"800\" height=\"1267\" \/><\/p>\n","protected":false},"excerpt":{"rendered":"<p>Esta madrugada ha faltado el Alzire\u00f1o Adri\u00e1n Campos Su\u00f1er, primer piloto espa\u00f1ol de F\u00f2rmula 1 y nieto del fundador de Avidesa, Luis Su\u00f1er. Adri\u00e1n Campos Su\u00f1er era Hijo Predilecto de la Ciudad, se le otorg\u00f3 la Medalla de Oro de la Ciudad en 1994 y era un reconocido embajador de Alzira. Su trayectoria deportiva ha &hellip; <\/p>\n<p class=\"link-more\"><a href=\"https:\/\/alzira.es\/es\/ens-deixa-adrian-campos-fill-predilecte-d-alzira\/\" class=\"more-link\">Continuar leyendo<span class=\"screen-reader-text\"> \u00abNos deja Adri\u00e1n Campos, hijo predilecto de Alzira\u00bb<\/span><\/a><\/p>\n","protected":false},"author":29,"featured_media":53351,"comment_status":"","ping_status":"","sticky":false,"template":"","format":"standard","meta":{"_acf_changed":false,"footnotes":""},"categories":[4936],"tags":[],"class_list":["post-53353","post","type-post","status-publish","format-standard","has-post-thumbnail","hentry","category-hemeroteca-es"],"acf":[],"_links":{"self":[{"href":"https:\/\/alzira.es\/es\/wp-json\/wp\/v2\/posts\/53353","targetHints":{"allow":["GET"]}}],"collection":[{"href":"https:\/\/alzira.es\/es\/wp-json\/wp\/v2\/posts"}],"about":[{"href":"https:\/\/alzira.es\/es\/wp-json\/wp\/v2\/types\/post"}],"author":[{"embeddable":true,"href":"https:\/\/alzira.es\/es\/wp-json\/wp\/v2\/users\/29"}],"replies":[{"embeddable":true,"href":"https:\/\/alzira.es\/es\/wp-json\/wp\/v2\/comments?post=53353"}],"version-history":[{"count":0,"href":"https:\/\/alzira.es\/es\/wp-json\/wp\/v2\/posts\/53353\/revisions"}],"wp:featuredmedia":[{"embeddable":true,"href":"https:\/\/alzira.es\/es\/wp-json\/wp\/v2\/media\/53351"}],"wp:attachment":[{"href":"https:\/\/alzira.es\/es\/wp-json\/wp\/v2\/media?parent=53353"}],"wp:term":[{"taxonomy":"category","embeddable":true,"href":"https:\/\/alzira.es\/es\/wp-json\/wp\/v2\/categories?post=53353"},{"taxonomy":"post_tag","embeddable":true,"href":"https:\/\/alzira.es\/es\/wp-json\/wp\/v2\/tags?post=53353"}],"curies":[{"name":"wp","href":"https:\/\/api.w.org\/{rel}","templated":true}]}}