{"id":53350,"date":"2021-01-28T11:04:24","date_gmt":"2021-01-28T10:04:24","guid":{"rendered":"https:\/\/alzira.es\/nous-rebaixos-a-la-placa-dels-reis-d-orient-que-afavoriran-l-accessibilitat-al-medi-urba-2\/"},"modified":"2021-01-28T11:04:24","modified_gmt":"2021-01-28T10:04:24","slug":"nous-rebaixos-a-la-placa-dels-reis-d-orient-que-afavoriran-l-accessibilitat-al-medi-urba-2","status":"publish","type":"post","link":"https:\/\/alzira.es\/es\/nous-rebaixos-a-la-placa-dels-reis-d-orient-que-afavoriran-l-accessibilitat-al-medi-urba-2\/","title":{"rendered":"Nous rebaixos a la pla\u00e7a dels Reis d\u2019Orient que afavoriran l\u2019accessibilitat al medi urb\u00e0"},"content":{"rendered":"<p>Estan executant-se les millores d&#8217;accessibilitat al voltant de la pla\u00e7a dels Reis d&#8217;Orients, uns treballs que finalitzaran en unes setmanes. Les obres pressupostades en 17.000 euros formen part del Pla d&#8217;Inversions 2020-2021 de la Diputaci\u00f3 de Val\u00e8ncia. Esta nova adequaci\u00f3 perseguix la total adaptaci\u00f3 dels espais per a que compten amb totes les mesures que garantixen l&#8217;accessibilitat per a les persones amb mobilitat redu\u00efda, b\u00e9 per minusvalidesa de car\u00e0cter f\u00edsic o b\u00e9 per visuals, amb la introducci\u00f3 de diferents elements t\u00e0ctils que els permeten comprendre i con\u00e8ixer l&#8217;entorn.<\/p>\n<p><em>\u00abAmb esta obra seguim el proc\u00e9s de reversi\u00f3 dels espais urbans per tal de dotar-los d&#8217;accessibilitat, aix\u00ed sumem m\u00e9s \u00e0rees on facilitar el tr\u00e0nsit personal. Seguim per tant en la tasca de millorar els accessos i minimitzar les barreres arquitect\u00f2niques que dificulten la mobilitat en la nostra ciutat\u00bb<\/em>, segons ha manifestat <strong>Fernando Pascual<\/strong>, regidor de Serveis Urbans.<\/p>\n<p>Estes actuacions que porten realitzant-se a Alzira des de fa anys van modificant, poc a poc, l&#8217;entramat urb\u00e0 adaptant-se a la normativa i millorant la lliure circulaci\u00f3 dels vianants sense comptar amb barreres arquitect\u00f2niques.<\/p>\n<p><img fetchpriority=\"high\" decoding=\"async\" class=\" size-full wp-image-53345\" style=\"display: block; margin-left: auto; margin-right: auto;\" src=\"https:\/\/alzira.es\/wp-content\/uploads\/2021\/01\/Reis_Orient__1.jpeg\" alt=\"Reis Orient  1\" width=\"1200\" height=\"540\" srcset=\"https:\/\/alzira.es\/wp-content\/uploads\/2021\/01\/Reis_Orient__1.jpeg 1600w, https:\/\/alzira.es\/wp-content\/uploads\/2021\/01\/Reis_Orient__1-680x306.jpeg 680w, https:\/\/alzira.es\/wp-content\/uploads\/2021\/01\/Reis_Orient__1-1430x644.jpeg 1430w, https:\/\/alzira.es\/wp-content\/uploads\/2021\/01\/Reis_Orient__1-768x346.jpeg 768w, https:\/\/alzira.es\/wp-content\/uploads\/2021\/01\/Reis_Orient__1-1536x691.jpeg 1536w\" sizes=\"(max-width: 706px) 89vw, (max-width: 767px) 82vw, 740px\" \/><\/p>\n<p style=\"text-align: center;\"><img decoding=\"async\" class=\"size-full wp-image-53347 lazyload\" data-src=\"https:\/\/alzira.es\/wp-content\/uploads\/2021\/01\/Reis_Orient__2.jpeg\" alt=\"Reis Orient  2\" width=\"1200\" height=\"540\" data-srcset=\"https:\/\/alzira.es\/wp-content\/uploads\/2021\/01\/Reis_Orient__2.jpeg 1600w, https:\/\/alzira.es\/wp-content\/uploads\/2021\/01\/Reis_Orient__2-680x306.jpeg 680w, https:\/\/alzira.es\/wp-content\/uploads\/2021\/01\/Reis_Orient__2-1430x644.jpeg 1430w, https:\/\/alzira.es\/wp-content\/uploads\/2021\/01\/Reis_Orient__2-768x346.jpeg 768w, https:\/\/alzira.es\/wp-content\/uploads\/2021\/01\/Reis_Orient__2-1536x691.jpeg 1536w\" data-sizes=\"(max-width: 706px) 89vw, (max-width: 767px) 82vw, 740px\" src=\"data:image\/svg+xml;base64,PHN2ZyB3aWR0aD0iMSIgaGVpZ2h0PSIxIiB4bWxucz0iaHR0cDovL3d3dy53My5vcmcvMjAwMC9zdmciPjwvc3ZnPg==\" style=\"--smush-placeholder-width: 1200px; --smush-placeholder-aspect-ratio: 1200\/540;\" \/><\/p>\n","protected":false},"excerpt":{"rendered":"<p>Estan executant-se les millores d&#8217;accessibilitat al voltant de la pla\u00e7a dels Reis d&#8217;Orients, uns treballs que finalitzaran en unes setmanes. Les obres pressupostades en 17.000 euros formen part del Pla d&#8217;Inversions 2020-2021 de la Diputaci\u00f3 de Val\u00e8ncia. Esta nova adequaci\u00f3 perseguix la total adaptaci\u00f3 dels espais per a que compten amb totes les mesures que &hellip; <\/p>\n<p class=\"link-more\"><a href=\"https:\/\/alzira.es\/es\/nous-rebaixos-a-la-placa-dels-reis-d-orient-que-afavoriran-l-accessibilitat-al-medi-urba-2\/\" class=\"more-link\">Continuar leyendo<span class=\"screen-reader-text\"> \u00abNous rebaixos a la pla\u00e7a dels Reis d\u2019Orient que afavoriran l\u2019accessibilitat al medi urb\u00e0\u00bb<\/span><\/a><\/p>\n","protected":false},"author":29,"featured_media":53345,"comment_status":"","ping_status":"","sticky":false,"template":"","format":"standard","meta":{"_acf_changed":false,"footnotes":""},"categories":[],"tags":[],"class_list":["post-53350","post","type-post","status-publish","format-standard","has-post-thumbnail","hentry"],"acf":[],"_links":{"self":[{"href":"https:\/\/alzira.es\/es\/wp-json\/wp\/v2\/posts\/53350","targetHints":{"allow":["GET"]}}],"collection":[{"href":"https:\/\/alzira.es\/es\/wp-json\/wp\/v2\/posts"}],"about":[{"href":"https:\/\/alzira.es\/es\/wp-json\/wp\/v2\/types\/post"}],"author":[{"embeddable":true,"href":"https:\/\/alzira.es\/es\/wp-json\/wp\/v2\/users\/29"}],"replies":[{"embeddable":true,"href":"https:\/\/alzira.es\/es\/wp-json\/wp\/v2\/comments?post=53350"}],"version-history":[{"count":0,"href":"https:\/\/alzira.es\/es\/wp-json\/wp\/v2\/posts\/53350\/revisions"}],"wp:featuredmedia":[{"embeddable":true,"href":"https:\/\/alzira.es\/es\/wp-json\/wp\/v2\/media\/53345"}],"wp:attachment":[{"href":"https:\/\/alzira.es\/es\/wp-json\/wp\/v2\/media?parent=53350"}],"wp:term":[{"taxonomy":"category","embeddable":true,"href":"https:\/\/alzira.es\/es\/wp-json\/wp\/v2\/categories?post=53350"},{"taxonomy":"post_tag","embeddable":true,"href":"https:\/\/alzira.es\/es\/wp-json\/wp\/v2\/tags?post=53350"}],"curies":[{"name":"wp","href":"https:\/\/api.w.org\/{rel}","templated":true}]}}