{"id":53344,"date":"2021-01-28T09:02:31","date_gmt":"2021-01-28T08:02:31","guid":{"rendered":"https:\/\/alzira.es\/que-es-aixo-de-l-emergencia-climatica-es-el-quadernet-que-han-rebut-els-escolars-d-alzira-2\/"},"modified":"2021-01-28T09:02:31","modified_gmt":"2021-01-28T08:02:31","slug":"que-es-aixo-de-l-emergencia-climatica-es-el-quadernet-que-han-rebut-els-escolars-d-alzira-2","status":"publish","type":"post","link":"https:\/\/alzira.es\/es\/que-es-aixo-de-l-emergencia-climatica-es-el-quadernet-que-han-rebut-els-escolars-d-alzira-2\/","title":{"rendered":"Qu\u00e8 \u00e9s aix\u00f2 de l\u2019emerg\u00e8ncia clim\u00e0tica, \u00e9s el quadernet que han rebut els escolars d\u2019Alzira"},"content":{"rendered":"<h3>\u2022 Eduquem per a salvar el clima<\/h3>\n<p>Des de l&#8217;Ajuntament d&#8217;Alzira s&#8217;ha treballat al llarg de l&#8217;any en el foment de la lectura als centres educatius de la nostra ciutat. En diferents ocasions del curs s&#8217;ha fet arribar a les escoles materials adaptats als diferents nivells educatius.<\/p>\n<p>Amb motiu del 26 de gener, Dia de l&#8217;Educaci\u00f3 Ambiental, les escoles han rebut el quadern did\u00e0ctic <strong>\u00abQu\u00e8 \u00e9s aix\u00f2 de l&#8217;Emerg\u00e8ncia Clim\u00e0tica\u00bb<\/strong>, una publicaci\u00f3 d&#8217;Editorial Reclam obra de Pedro Dom\u00ednguez i Roger Pons. Es tracta d&#8217;un material per a ajudar els estudiants a con\u00e9ixer a fons les causes, conseq\u00fc\u00e8ncies, solucions, etc. de la crisi clim\u00e0tica actual i que afecta a les nostres vides.<\/p>\n<p><em>\u00abEls autors assum\u00edrem, de forma altruista, la proposta que ens van fer Escola Valenciana i l&#8217;editorial Reclam per tal de dissenyar un llibret que facilitara la tasca educativa del professorat en aquest \u00e0mbit de refer\u00e8ncia. L&#8217;acab\u00e0rem fa un any i havia d&#8217;haver-se publicat en mar\u00e7 de 2020, poc abans de la 35a Trobada d&#8217;Escoles en Valenci\u00e0, per\u00f2 ens agaf\u00e0 la pand\u00e8mia, hagu\u00e9rem de confinar-nos i tot es qued\u00e0 tallat. Finalment s&#8217;ha pogut publicar ara i l&#8217;Ajuntament d&#8217;Alzira els ha repartit als centres educatius d&#8217;aquest municipi\u00bb<\/em> han explicat<strong> Pedro Dom\u00ednguez i Roger Pons<\/strong><\/p>\n<p>El Quadern consta de dos parts, una primera pensada per a alumnes dels \u00faltims cursos de Prim\u00e0ria, i la segona per als d&#8217;ESO, Cicles i Batxillerat, amb conceptes, esquemes, dades, gr\u00e0fiques i moltes q\u00fcestions, acompanyades d&#8217;alguns experiments senzills que ajuden a comprendre-ho millor. Mostra un un aspecte visual atractiu, informacions curtes sobre les quals es proposen exercicis.<\/p>\n<p style=\"text-align: center;\"><img fetchpriority=\"high\" decoding=\"async\" class=\" size-full wp-image-53341\" src=\"https:\/\/alzira.es\/wp-content\/uploads\/2021\/01\/Educacio_ambiental.jpeg\" alt=\"Educaci\u00f3 ambiental\" width=\"1000\" height=\"1415\" srcset=\"https:\/\/alzira.es\/wp-content\/uploads\/2021\/01\/Educacio_ambiental.jpeg 1131w, https:\/\/alzira.es\/wp-content\/uploads\/2021\/01\/Educacio_ambiental-680x962.jpeg 680w, https:\/\/alzira.es\/wp-content\/uploads\/2021\/01\/Educacio_ambiental-758x1072.jpeg 758w, https:\/\/alzira.es\/wp-content\/uploads\/2021\/01\/Educacio_ambiental-768x1086.jpeg 768w, https:\/\/alzira.es\/wp-content\/uploads\/2021\/01\/Educacio_ambiental-1086x1536.jpeg 1086w\" sizes=\"(max-width: 706px) 89vw, (max-width: 767px) 82vw, 740px\" \/><\/p>\n","protected":false},"excerpt":{"rendered":"<p>\u2022 Eduquem per a salvar el clima Des de l&#8217;Ajuntament d&#8217;Alzira s&#8217;ha treballat al llarg de l&#8217;any en el foment de la lectura als centres educatius de la nostra ciutat. En diferents ocasions del curs s&#8217;ha fet arribar a les escoles materials adaptats als diferents nivells educatius. Amb motiu del 26 de gener, Dia de &hellip; <\/p>\n<p class=\"link-more\"><a href=\"https:\/\/alzira.es\/es\/que-es-aixo-de-l-emergencia-climatica-es-el-quadernet-que-han-rebut-els-escolars-d-alzira-2\/\" class=\"more-link\">Continuar leyendo<span class=\"screen-reader-text\"> \u00abQu\u00e8 \u00e9s aix\u00f2 de l\u2019emerg\u00e8ncia clim\u00e0tica, \u00e9s el quadernet que han rebut els escolars d\u2019Alzira\u00bb<\/span><\/a><\/p>\n","protected":false},"author":29,"featured_media":53341,"comment_status":"","ping_status":"","sticky":false,"template":"","format":"standard","meta":{"_acf_changed":false,"footnotes":""},"categories":[],"tags":[],"class_list":["post-53344","post","type-post","status-publish","format-standard","has-post-thumbnail","hentry"],"acf":[],"_links":{"self":[{"href":"https:\/\/alzira.es\/es\/wp-json\/wp\/v2\/posts\/53344","targetHints":{"allow":["GET"]}}],"collection":[{"href":"https:\/\/alzira.es\/es\/wp-json\/wp\/v2\/posts"}],"about":[{"href":"https:\/\/alzira.es\/es\/wp-json\/wp\/v2\/types\/post"}],"author":[{"embeddable":true,"href":"https:\/\/alzira.es\/es\/wp-json\/wp\/v2\/users\/29"}],"replies":[{"embeddable":true,"href":"https:\/\/alzira.es\/es\/wp-json\/wp\/v2\/comments?post=53344"}],"version-history":[{"count":0,"href":"https:\/\/alzira.es\/es\/wp-json\/wp\/v2\/posts\/53344\/revisions"}],"wp:featuredmedia":[{"embeddable":true,"href":"https:\/\/alzira.es\/es\/wp-json\/wp\/v2\/media\/53341"}],"wp:attachment":[{"href":"https:\/\/alzira.es\/es\/wp-json\/wp\/v2\/media?parent=53344"}],"wp:term":[{"taxonomy":"category","embeddable":true,"href":"https:\/\/alzira.es\/es\/wp-json\/wp\/v2\/categories?post=53344"},{"taxonomy":"post_tag","embeddable":true,"href":"https:\/\/alzira.es\/es\/wp-json\/wp\/v2\/tags?post=53344"}],"curies":[{"name":"wp","href":"https:\/\/api.w.org\/{rel}","templated":true}]}}