{"id":53343,"date":"2021-01-28T09:02:31","date_gmt":"2021-01-28T08:02:31","guid":{"rendered":"https:\/\/alzira.es\/que-es-aixo-de-l-emergencia-climatica-es-el-quadernet-que-han-rebut-els-escolars-d-alzira\/"},"modified":"2021-01-28T09:02:31","modified_gmt":"2021-01-28T08:02:31","slug":"que-es-aixo-de-l-emergencia-climatica-es-el-quadernet-que-han-rebut-els-escolars-d-alzira","status":"publish","type":"post","link":"https:\/\/alzira.es\/es\/que-es-aixo-de-l-emergencia-climatica-es-el-quadernet-que-han-rebut-els-escolars-d-alzira\/","title":{"rendered":"Qu\u00e9 es esto de la emergencia clim\u00e1tica, es el cuadernillo que han recibido los escolares de Alzira"},"content":{"rendered":"<h3>\u2022 Educamos para salvar el clima<\/h3>\n<p>Desde el Ayuntamiento de Alzira se ha trabajado a lo largo del a\u00f1o en el fomento de la lectura en los centros educativos de nuestra ciudad. En diferentes ocasiones del curso se ha hecho llegar a las escuelas materiales adaptados a los diferentes niveles educativos.<\/p>\n<p>Con motivo del 26 de enero, D\u00eda de la Educaci\u00f3n Ambiental, las escuelas han recibido el cuaderno did\u00e1ctico <strong>\u00abQu\u00e9 es esto de la Emergencia Clim\u00e1tica\u00bb<\/strong>, una publicaci\u00f3n de Editorial Reclamo obra de Pedro Dom\u00ednguez i Roger Pons. Se trata de un material para ayudar los estudiantes a conocer a fondo las causas, consecuencias, soluciones, etc. de la crisis clim\u00e1tica actual y que afecta en nuestras vidas.<\/p>\n<p><em>\u00abLos autores asumimos, de forma altruista, la propuesta que nos hicieron Escuela Valenciana y el editorial Reclamo para dise\u00f1ar un libreto que facilitara la tarea educativa del profesorado en este \u00e1mbito de referencia. Lo acabamos hace un a\u00f1o y ten\u00eda que haberse publicado en marzo de 2020, poco antes del 35.\u00ba Encuentro de Escuelas en Valenciano, pero nos cogi\u00f3 la pandemia, tuvimos que confinarnos y todo se qued\u00f3 cortado. Finalmente se ha podido publicar ahora y el Ayuntamiento de Alzira los ha repartido en los centros educativos de este municipio\u00bb<\/em> han explicado <strong>Pedro Dom\u00ednguez i Roger Pons<\/strong><\/p>\n<p>El Cuaderno consta de dos partes, una primera pensada para alumnas de los \u00faltimos cursos de Primaria, y la segunda para los de ESO, Ciclos y Bachillerato, con conceptos, esquemas, datos, gr\u00e1ficas y muchas cuestiones, acompa\u00f1adas de algunos experimentos sencillos que ayudan a comprenderlo mejor. Muestra un aspecto visual atractivo, informaciones cortas sobre las cuales se proponen ejercicios.<\/p>\n<p style=\"text-align: center;\"><img fetchpriority=\"high\" decoding=\"async\" class=\" size-full wp-image-53341\" src=\"https:\/\/alzira.es\/wp-content\/uploads\/2021\/01\/Educacio_ambiental.jpeg\" alt=\"Educaci\u00f3 ambiental\" width=\"1000\" height=\"1415\" srcset=\"https:\/\/alzira.es\/wp-content\/uploads\/2021\/01\/Educacio_ambiental.jpeg 1131w, https:\/\/alzira.es\/wp-content\/uploads\/2021\/01\/Educacio_ambiental-680x962.jpeg 680w, https:\/\/alzira.es\/wp-content\/uploads\/2021\/01\/Educacio_ambiental-758x1072.jpeg 758w, https:\/\/alzira.es\/wp-content\/uploads\/2021\/01\/Educacio_ambiental-768x1086.jpeg 768w, https:\/\/alzira.es\/wp-content\/uploads\/2021\/01\/Educacio_ambiental-1086x1536.jpeg 1086w\" sizes=\"(max-width: 706px) 89vw, (max-width: 767px) 82vw, 740px\" \/><\/p>\n","protected":false},"excerpt":{"rendered":"<p>\u2022 Educamos para salvar el clima Desde el Ayuntamiento de Alzira se ha trabajado a lo largo del a\u00f1o en el fomento de la lectura en los centros educativos de nuestra ciudad. En diferentes ocasiones del curso se ha hecho llegar a las escuelas materiales adaptados a los diferentes niveles educativos. Con motivo del 26 &hellip; <\/p>\n<p class=\"link-more\"><a href=\"https:\/\/alzira.es\/es\/que-es-aixo-de-l-emergencia-climatica-es-el-quadernet-que-han-rebut-els-escolars-d-alzira\/\" class=\"more-link\">Continuar leyendo<span class=\"screen-reader-text\"> \u00abQu\u00e9 es esto de la emergencia clim\u00e1tica, es el cuadernillo que han recibido los escolares de Alzira\u00bb<\/span><\/a><\/p>\n","protected":false},"author":29,"featured_media":53341,"comment_status":"","ping_status":"","sticky":false,"template":"","format":"standard","meta":{"_acf_changed":false,"footnotes":""},"categories":[4936],"tags":[],"class_list":["post-53343","post","type-post","status-publish","format-standard","has-post-thumbnail","hentry","category-hemeroteca-es"],"acf":[],"_links":{"self":[{"href":"https:\/\/alzira.es\/es\/wp-json\/wp\/v2\/posts\/53343","targetHints":{"allow":["GET"]}}],"collection":[{"href":"https:\/\/alzira.es\/es\/wp-json\/wp\/v2\/posts"}],"about":[{"href":"https:\/\/alzira.es\/es\/wp-json\/wp\/v2\/types\/post"}],"author":[{"embeddable":true,"href":"https:\/\/alzira.es\/es\/wp-json\/wp\/v2\/users\/29"}],"replies":[{"embeddable":true,"href":"https:\/\/alzira.es\/es\/wp-json\/wp\/v2\/comments?post=53343"}],"version-history":[{"count":0,"href":"https:\/\/alzira.es\/es\/wp-json\/wp\/v2\/posts\/53343\/revisions"}],"wp:featuredmedia":[{"embeddable":true,"href":"https:\/\/alzira.es\/es\/wp-json\/wp\/v2\/media\/53341"}],"wp:attachment":[{"href":"https:\/\/alzira.es\/es\/wp-json\/wp\/v2\/media?parent=53343"}],"wp:term":[{"taxonomy":"category","embeddable":true,"href":"https:\/\/alzira.es\/es\/wp-json\/wp\/v2\/categories?post=53343"},{"taxonomy":"post_tag","embeddable":true,"href":"https:\/\/alzira.es\/es\/wp-json\/wp\/v2\/tags?post=53343"}],"curies":[{"name":"wp","href":"https:\/\/api.w.org\/{rel}","templated":true}]}}