{"id":53340,"date":"2021-01-28T08:57:47","date_gmt":"2021-01-28T07:57:47","guid":{"rendered":"https:\/\/alzira.es\/alzira-treballa-en-la-reedicio-del-pla-d-emergencia-social-2\/"},"modified":"2021-01-28T08:57:47","modified_gmt":"2021-01-28T07:57:47","slug":"alzira-treballa-en-la-reedicio-del-pla-d-emergencia-social-2","status":"publish","type":"post","link":"https:\/\/alzira.es\/es\/alzira-treballa-en-la-reedicio-del-pla-d-emergencia-social-2\/","title":{"rendered":"Alzira treballa en la reedici\u00f3 del Pla d\u2019Emerg\u00e8ncia Social"},"content":{"rendered":"<p>La Regidoria de Serveis Socials presenta la proposta del Segon Pla d&#8217;emerg\u00e8ncia social. 16 mesures que donen continu\u00eftat a les accions portades a terme per <strong>l&#8217;\u00c0rea de Serveis Socials i Innovaci\u00f3 Social<\/strong> des de l&#8217;inici de la pand\u00e8mia.<\/p>\n<p><strong>El Pla d&#8217;Emerg\u00e8ncia Social de l&#8217;\u00c0rea es va aprovar el passat 29 d&#8217;abril<\/strong> per afrontar els efectes d&#8217;esta crisi que ha sacsejat fortament el funcionament normal de la societat en conjunt. La realitat local m\u00e9s pr\u00f2xima, les condicions personals i familiars de la poblaci\u00f3 s&#8217;han vist seriosament afectades i resulten dram\u00e0tiques.<\/p>\n<p><em>\u00abPassats estos mesos de pand\u00e8mia valorem positivament la efic\u00e0cia i efici\u00e8ncia d&#8217;este pla i per eixe motiu, amb el pressupost municipal de 2021 en vigor, estem treballant en una s\u00e8rie de mesures de car\u00e0cter social per a articular i refor\u00e7ar l&#8217;atenci\u00f3 i protecci\u00f3 als segments de poblaci\u00f3 m\u00e9s vulnerables de la ciutat. Cal refor\u00e7ar de les pol\u00edtiques socials p\u00fabliques\u00bb<\/em>, ha indicat la regidora de Serveis Socials, <strong>Marina Mir<\/strong>.<\/p>\n<p>De manera sint\u00e8tica, en esta segona edici\u00f3 del pla, s&#8217;est\u00e0 treballant per a poder dur a terme pr\u00f2ximament, algunes mesures que s&#8217;han considerat de m\u00e0xima import\u00e0ncia:<\/p>\n<p><strong>1<\/strong>.- <strong>Ajudes d&#8217;habitatge<\/strong> per a afrontar problemes sobrevinguts del lloguer.<br \/><strong>2<\/strong>.- Acord amb les entitats del nostre municipi per al <strong>repartiment d&#8217;alimentaci\u00f3<\/strong>.<br \/><strong>3<\/strong>.-\u00ab<strong>Agenda col\u00b7laborativa<\/strong>\u00bb amb totes les entitats socials del municipi.<br \/><strong>4<\/strong>.- <strong>Punts d&#8217;informaci\u00f3 de Serveis Socials<\/strong> per a facilitar l&#8217;acc\u00e9s a ajudes i atenci\u00f3<br \/><strong>5<\/strong>.- <strong>Ajuda a persones confinades<\/strong>, servei en l\u00ednia de suport immediat, acompanyament per a vacunaci\u00f3, cobertura a fam\u00edlies d&#8217;alt risc, mesures prevenci\u00f3 sanit\u00e0ria a poblaci\u00f3 marginal, distribuci\u00f3 m\u00e0scares, suport educatiu.<br \/><strong>6<\/strong>.- Garantir la <strong>seguretat aliment\u00e0ria i l&#8217;atenci\u00f3 immediata<\/strong>.<br \/><strong>7<\/strong>.- <strong>Valoracions de la depend\u00e8ncia<\/strong> a domicili per a reduir les llistes d&#8217;espera.<br \/><strong>8<\/strong>.- \u00ab<strong>Unitat d&#8217;acci\u00f3 comunit\u00e0ria<\/strong>\u00bb per a atendre urg\u00e8ncies socials.<br \/><strong>9<\/strong>.- <strong>Detecci\u00f3<\/strong> de persones vulnerables. Col\u00b7laboraci\u00f3 entre centres de salut, assist\u00e8ncia hospital\u00e0ria, salut p\u00fablica, farm\u00e0cies, serveis socials i policia local.<br \/><strong>10<\/strong>.- \u00ab<strong>CRIDA&#8217;M<\/strong>\u00bb de promoci\u00f3 d&#8217;autocures i suport social telef\u00f2nic en persones majors que viuen soles.<br \/><strong>11<\/strong>.- Extremar la vigil\u00e0ncia en les den\u00fancies sobre <strong>viol\u00e8ncia de g\u00e8nere<\/strong>.<br \/><strong>12<\/strong>.- Control i seguiment de xiquets, xiquetes i adolescents (NNA) <strong>pel seu especial risc i vulnerabilitat<\/strong>.<br \/><strong>13<\/strong>.- <strong>Xarxa de serveis assistencials domiciliaris<\/strong><br \/><strong>14<\/strong>.- <strong>Pla d&#8217;assist\u00e8ncia i acompanyament al malalt amb trastorn mental greu<\/strong> i suport psicosocial als seus familiars.<br \/><strong>15<\/strong>.- <strong>Actuacions contra la pobresa energ\u00e8tica entre Serveis Socials<\/strong>, Oficina Verda i la col\u00b7laboraci\u00f3 de la cooperativa \u00abaeioLuz\u00bb.<br \/><strong>16<\/strong>.- Fer front a la <strong>Bretxa digital<\/strong> per garantir l&#8217;acc\u00e9s a l&#8217;educaci\u00f3 en tots els aspectes.<\/p>\n<p>Els Serveis Socials tenen la consideraci\u00f3 de serveis p\u00fablics essencials, en el sentit que s&#8217;ocupen de garantir drets b\u00e0sics, d&#8217;assumir compet\u00e8ncies i de gestionar b\u00e9ns que afecten directament les persones i es consideren imprescindibles per al funcionament normal de la societat. En este context cr\u00edtic, els nostres Serveis Socials, segons el que es preveu en la llei, s&#8217;han declarat en situaci\u00f3 d&#8217;urg\u00e8ncia social, adaptant el seu funcionament, prioritzant objectius i orientant les seues accions a un plantejament propi d&#8217;emerg\u00e8ncia social des del mateix moment que es va declarar l&#8217;estat d&#8217;alarma nacional.<\/p>\n<p><strong>Pla d&#8217;Emerg\u00e8ncia Social I<\/strong><\/p>\n<p>La mem\u00f2ria del primer Pla, presentada el passat mes de juny, quantificava en m\u00e9s de 140.000 \u20ac en ajudes d&#8217;emerg\u00e8ncia i vora 2600 persones ateses. Concretament les accions consistiren a:<br \/>\u2022 2.553 cridades telef\u00f2niques per a resoldre diferents necessitats.<br \/>\u2022 570 ajudes PEIS de car\u00e0cter econ\u00f2mic que suposen 142.595 euros.<br \/>\u2022 Creu Roja: ha gestionat i entregat a les cases 761 lots de productes de necessitats b\u00e0siques, aliments, neteja i higiene personal a m\u00e9s de 55 targetes de compra Consum, amb un import de 8.950 euros.<br \/>\u2022 Renda Valenciana d&#8217;Inclusi\u00f3. S&#8217;han realitzat 106 seguiments.<br \/>\u2022 Majors: Des de l&#8217;\u00e0rea s&#8217;ha donat resposta a les necessitats dels serveis domiciliaris de proximitat amb l&#8217;aplicaci\u00f3 de diferents programes i amb una atenci\u00f3 pr\u00f2xima.<br \/>\u2022 135 acompanyaments i seguiments de menors i fam\u00edlies que es troben en possible situaci\u00f3 de risc o vulnerabilitat social<br \/>\u2022 Elaboraci\u00f3 d&#8217;informes en l&#8217;\u00e0mbit de la protecci\u00f3 de menors.<br \/>\u2022 Seguiment menors amb mesura judicial imposada (10 menors cada mes).<br \/>\u2022 Atenci\u00f3 a menors afectats per la bretxa digital mitjan\u00e7ant la cessi\u00f3 de dispositius (30 tauletes t\u00e0ctils) i connexions wifi (25).<br \/>\u2022 Col\u2022laboraci\u00f3 en la gesti\u00f3 i dotaci\u00f3 d&#8217;ajudes econ\u00f2miques (79 ajudes tramitades) i aliment\u00e0ries (94 ajudes tramitades).<\/p>\n<p style=\"text-align: center;\"><img fetchpriority=\"high\" decoding=\"async\" class=\" size-full wp-image-53337\" src=\"https:\/\/alzira.es\/wp-content\/uploads\/2021\/01\/27012021_Pla_sosial.jpeg\" alt=\"27012021 Pla sosial\" width=\"1200\" height=\"616\" srcset=\"https:\/\/alzira.es\/wp-content\/uploads\/2021\/01\/27012021_Pla_sosial.jpeg 947w, https:\/\/alzira.es\/wp-content\/uploads\/2021\/01\/27012021_Pla_sosial-680x349.jpeg 680w, https:\/\/alzira.es\/wp-content\/uploads\/2021\/01\/27012021_Pla_sosial-768x394.jpeg 768w\" sizes=\"(max-width: 706px) 89vw, (max-width: 767px) 82vw, 740px\" \/><\/p>\n","protected":false},"excerpt":{"rendered":"<p>La Regidoria de Serveis Socials presenta la proposta del Segon Pla d&#8217;emerg\u00e8ncia social. 16 mesures que donen continu\u00eftat a les accions portades a terme per l&#8217;\u00c0rea de Serveis Socials i Innovaci\u00f3 Social des de l&#8217;inici de la pand\u00e8mia. El Pla d&#8217;Emerg\u00e8ncia Social de l&#8217;\u00c0rea es va aprovar el passat 29 d&#8217;abril per afrontar els efectes &hellip; <\/p>\n<p class=\"link-more\"><a href=\"https:\/\/alzira.es\/es\/alzira-treballa-en-la-reedicio-del-pla-d-emergencia-social-2\/\" class=\"more-link\">Continuar leyendo<span class=\"screen-reader-text\"> \u00abAlzira treballa en la reedici\u00f3 del Pla d\u2019Emerg\u00e8ncia Social\u00bb<\/span><\/a><\/p>\n","protected":false},"author":29,"featured_media":53337,"comment_status":"","ping_status":"","sticky":false,"template":"","format":"standard","meta":{"_acf_changed":false,"footnotes":""},"categories":[],"tags":[],"class_list":["post-53340","post","type-post","status-publish","format-standard","has-post-thumbnail","hentry"],"acf":[],"_links":{"self":[{"href":"https:\/\/alzira.es\/es\/wp-json\/wp\/v2\/posts\/53340","targetHints":{"allow":["GET"]}}],"collection":[{"href":"https:\/\/alzira.es\/es\/wp-json\/wp\/v2\/posts"}],"about":[{"href":"https:\/\/alzira.es\/es\/wp-json\/wp\/v2\/types\/post"}],"author":[{"embeddable":true,"href":"https:\/\/alzira.es\/es\/wp-json\/wp\/v2\/users\/29"}],"replies":[{"embeddable":true,"href":"https:\/\/alzira.es\/es\/wp-json\/wp\/v2\/comments?post=53340"}],"version-history":[{"count":0,"href":"https:\/\/alzira.es\/es\/wp-json\/wp\/v2\/posts\/53340\/revisions"}],"wp:featuredmedia":[{"embeddable":true,"href":"https:\/\/alzira.es\/es\/wp-json\/wp\/v2\/media\/53337"}],"wp:attachment":[{"href":"https:\/\/alzira.es\/es\/wp-json\/wp\/v2\/media?parent=53340"}],"wp:term":[{"taxonomy":"category","embeddable":true,"href":"https:\/\/alzira.es\/es\/wp-json\/wp\/v2\/categories?post=53340"},{"taxonomy":"post_tag","embeddable":true,"href":"https:\/\/alzira.es\/es\/wp-json\/wp\/v2\/tags?post=53340"}],"curies":[{"name":"wp","href":"https:\/\/api.w.org\/{rel}","templated":true}]}}