{"id":53335,"date":"2021-01-28T08:46:23","date_gmt":"2021-01-28T07:46:23","guid":{"rendered":"https:\/\/alzira.es\/vii-edicio-del-concurs-contes-per-la-igualtat-del-grup-de-debat-per-la-igualtat\/"},"modified":"2021-01-28T08:46:23","modified_gmt":"2021-01-28T07:46:23","slug":"vii-edicio-del-concurs-contes-per-la-igualtat-del-grup-de-debat-per-la-igualtat","status":"publish","type":"post","link":"https:\/\/alzira.es\/es\/vii-edicio-del-concurs-contes-per-la-igualtat-del-grup-de-debat-per-la-igualtat\/","title":{"rendered":"VII Edici\u00f3n del Concurso, Cuentos por la Igualdad, del Grupo de Debate por la Igualdad"},"content":{"rendered":"<h3>El Grupo de Debate por la Igualdad presenta las bases para participar en la S\u00e9ptima edici\u00f3n de los Premios Cuentos por la Igualdad.<\/h3>\n<p>Se trata de un certamen dirigido a todo el alumnado que lo desee de los colegios p\u00fablicos, concertados y privados, centros de ense\u00f1anza de Primaria y Secundaria, de Alzira.<\/p>\n<p><strong>Con el apoyo del Ayuntamiento de Alzira, los premios Cuentos por la Igualdad se hacen con el objetivo de<\/strong>:<\/p>\n<p><strong>1<\/strong>. Promover la igualdad de mujeres y hombres para avanzar hacia un modelo de sociedad basado en una convivencia democr\u00e1tica e igualitaria.<br \/><strong>2<\/strong>. Fomentar la creaci\u00f3n de historias que ayudan a concienciar sobre la importancia de la igualdad de mujeres y hombres, puesto que en la sociedad actual las mujeres todav\u00eda est\u00e1n lejos de vivir en igualdad real.<br \/><strong>3<\/strong>. Hacer participar la comunidad educativa en nuestro proyecte Cuentos por la Igualdad, a quien agradecemos anticipadamente su colaboraci\u00f3n.<br \/><strong>4<\/strong>. Estimular en el alumnado la faceta creativa de la escritura.<br \/><strong>5<\/strong>. Promocionar el uso del valenciano.<\/p>\n<p><span style=\"text-decoration: underline;\">Los requisitos para participar entre otros son<\/span>: ser in\u00e9ditos, estar escritas en valenciano, y con un enfoque, argumento y caracter\u00edsticas de la narraci\u00f3n (de aventura, realista, hist\u00f3rica, de humor, etc.) que contemple aspectos que favorezcan la igualdad de mujeres y hombres.<\/p>\n<p><strong>Se convocan 4 categor\u00edas<\/strong>, Para el alumnado de 3.\u00ba y 4.\u00ba curso de Educaci\u00f3n Primaria, de 5.\u00ba y 6.\u00ba curso de Educaci\u00f3n Primaria, de ESO y de FP *b\u00e1sica y Bachillerato y Ciclos Formativos de FP.<\/p>\n<p><strong>Las narraciones que optan al premio se entregar\u00e1n en el Departamento de Educaci\u00f3n del Ayuntamiento de Alzira<\/strong> (C\/. Rambla, s\/n, 2.\u00ba piso) <strong>hasta el lunes 8 de marzo de 2021<\/strong>.<\/p>\n<p>Los originales se presentar\u00e1n en un sobre cerrado que contendr\u00e1 la narraci\u00f3n con su t\u00edtulo y el pseud\u00f3nimo del autor\/autora. En el exterior, la indicaci\u00f3n<strong> PREMIOS CUENTOS POR LA IGUALDAD<\/strong>, pseud\u00f3nimo y la categor\u00eda a la cual se presenta el trabajo. As\u00ed mismo se meter\u00e1 dentro del sobre (grande) otro sobre peque\u00f1o cerrado (plica), en el cual figurar\u00e1, en el exterior, el pseud\u00f3nimo y la categor\u00eda a la cual se presenta el trabajo. <span style=\"text-decoration: underline;\">En el interior del sobre peque\u00f1o se incluir\u00e1n los siguientes datos<\/span>: nombre y apellidos del autor\/autora, pseud\u00f3nimo, t\u00edtulo, curso, centro educativo, e-mail y tel\u00e9fono de contacto.<\/p>\n<p>Cuando es el Centro quien presenta los trabajos conjuntamente, ir\u00e1n clasificados por categor\u00edas e incluir\u00e1 todas las plicas correspondientes en sobre aparte, tambi\u00e9n por categor\u00edas. Se enviar\u00e1 un formulario de inscripci\u00f3n, con el fin de llevar un mejor control de la participaci\u00f3n al concurso.<\/p>\n<p>Consulta las bases completas <span style=\"font-size: 18pt;\"><a href=\"https:\/\/alzira.es\/alzira_vpm\/contenidos\/politicas_de_igualdad\/documents\/Contes-per-a-la-igualtat_2021.pdf?utm_source=portada&amp;utm_medium=display&amp;utm_campaign=banner_portada\" target=\"_blank\" rel=\"noopener\">aqu\u00ed<\/a><\/span><\/p>\n<p><img fetchpriority=\"high\" decoding=\"async\" class=\" size-full wp-image-53333\" style=\"display: block; margin-left: auto; margin-right: auto;\" src=\"https:\/\/alzira.es\/wp-content\/uploads\/2021\/01\/Contes_Igualtat.jpeg\" alt=\"Contes Igualtat\" width=\"1000\" height=\"1428\" srcset=\"https:\/\/alzira.es\/wp-content\/uploads\/2021\/01\/Contes_Igualtat.jpeg 1121w, https:\/\/alzira.es\/wp-content\/uploads\/2021\/01\/Contes_Igualtat-680x971.jpeg 680w, https:\/\/alzira.es\/wp-content\/uploads\/2021\/01\/Contes_Igualtat-751x1072.jpeg 751w, https:\/\/alzira.es\/wp-content\/uploads\/2021\/01\/Contes_Igualtat-768x1096.jpeg 768w, https:\/\/alzira.es\/wp-content\/uploads\/2021\/01\/Contes_Igualtat-1076x1536.jpeg 1076w\" sizes=\"(max-width: 706px) 89vw, (max-width: 767px) 82vw, 740px\" \/><\/p>\n","protected":false},"excerpt":{"rendered":"<p>El Grupo de Debate por la Igualdad presenta las bases para participar en la S\u00e9ptima edici\u00f3n de los Premios Cuentos por la Igualdad. Se trata de un certamen dirigido a todo el alumnado que lo desee de los colegios p\u00fablicos, concertados y privados, centros de ense\u00f1anza de Primaria y Secundaria, de Alzira. Con el apoyo &hellip; <\/p>\n<p class=\"link-more\"><a href=\"https:\/\/alzira.es\/es\/vii-edicio-del-concurs-contes-per-la-igualtat-del-grup-de-debat-per-la-igualtat\/\" class=\"more-link\">Continuar leyendo<span class=\"screen-reader-text\"> \u00abVII Edici\u00f3n del Concurso, Cuentos por la Igualdad, del Grupo de Debate por la Igualdad\u00bb<\/span><\/a><\/p>\n","protected":false},"author":29,"featured_media":53333,"comment_status":"","ping_status":"","sticky":false,"template":"","format":"standard","meta":{"_acf_changed":false,"footnotes":""},"categories":[4936],"tags":[],"class_list":["post-53335","post","type-post","status-publish","format-standard","has-post-thumbnail","hentry","category-hemeroteca-es"],"acf":[],"_links":{"self":[{"href":"https:\/\/alzira.es\/es\/wp-json\/wp\/v2\/posts\/53335","targetHints":{"allow":["GET"]}}],"collection":[{"href":"https:\/\/alzira.es\/es\/wp-json\/wp\/v2\/posts"}],"about":[{"href":"https:\/\/alzira.es\/es\/wp-json\/wp\/v2\/types\/post"}],"author":[{"embeddable":true,"href":"https:\/\/alzira.es\/es\/wp-json\/wp\/v2\/users\/29"}],"replies":[{"embeddable":true,"href":"https:\/\/alzira.es\/es\/wp-json\/wp\/v2\/comments?post=53335"}],"version-history":[{"count":0,"href":"https:\/\/alzira.es\/es\/wp-json\/wp\/v2\/posts\/53335\/revisions"}],"wp:featuredmedia":[{"embeddable":true,"href":"https:\/\/alzira.es\/es\/wp-json\/wp\/v2\/media\/53333"}],"wp:attachment":[{"href":"https:\/\/alzira.es\/es\/wp-json\/wp\/v2\/media?parent=53335"}],"wp:term":[{"taxonomy":"category","embeddable":true,"href":"https:\/\/alzira.es\/es\/wp-json\/wp\/v2\/categories?post=53335"},{"taxonomy":"post_tag","embeddable":true,"href":"https:\/\/alzira.es\/es\/wp-json\/wp\/v2\/tags?post=53335"}],"curies":[{"name":"wp","href":"https:\/\/api.w.org\/{rel}","templated":true}]}}