{"id":53332,"date":"2021-01-28T08:32:05","date_gmt":"2021-01-28T07:32:05","guid":{"rendered":"https:\/\/alzira.es\/horaris-hosteleria-per-a-emportar-i-recollir-al-local-2\/"},"modified":"2021-01-28T08:32:05","modified_gmt":"2021-01-28T07:32:05","slug":"horaris-hosteleria-per-a-emportar-i-recollir-al-local-2","status":"publish","type":"post","link":"https:\/\/alzira.es\/es\/horaris-hosteleria-per-a-emportar-i-recollir-al-local-2\/","title":{"rendered":"Horaris hosteler\u00eda per a emportar i recollir al local"},"content":{"rendered":"<p>Amb les noves mesures restrictives que suposen el toc de queda a les 22 hores, s&#8217;ha portat a terme una consulta per tal d&#8217;aclarir les condicions de recollida i repartiment de menjar:<\/p>\n<p>Els clients dels establiments que oferixen menjar per a emportar poder recollir les seues comandes fins a les 22 hores.<\/p>\n<p>Pel que fa al servei de repartiment a domicili per part de l&#8217;establiment d&#8217;hostaleria i restauraci\u00f3, est\u00e0 perm\u00e9s fins a l&#8217;horari habitual de tancament autoritzat per a eixe negoci, independentment de l&#8217;horari del toc de queda.<\/p>\n<p>Els treballadors del sector de lliurament de menjar a domicili, que oferixen un servei durant la vig\u00e8ncia de restricci\u00f3 de mobilitat, cal que vagen degudament identificats amb certificat o justificant de l&#8217;empresa que acredite que est\u00e0 portant a terme tasques de repartiment.<\/p>\n<p><img fetchpriority=\"high\" decoding=\"async\" class=\" size-full wp-image-53330\" style=\"display: block; margin-left: auto; margin-right: auto;\" src=\"https:\/\/alzira.es\/wp-content\/uploads\/2021\/01\/Horari_Hosteleria_2.jpeg\" alt=\"Horari Hosteleria 2\" width=\"1200\" height=\"1200\" srcset=\"https:\/\/alzira.es\/wp-content\/uploads\/2021\/01\/Horari_Hosteleria_2.jpeg 1600w, https:\/\/alzira.es\/wp-content\/uploads\/2021\/01\/Horari_Hosteleria_2-680x680.jpeg 680w, https:\/\/alzira.es\/wp-content\/uploads\/2021\/01\/Horari_Hosteleria_2-1072x1072.jpeg 1072w, https:\/\/alzira.es\/wp-content\/uploads\/2021\/01\/Horari_Hosteleria_2-350x350.jpeg 350w, https:\/\/alzira.es\/wp-content\/uploads\/2021\/01\/Horari_Hosteleria_2-768x768.jpeg 768w, https:\/\/alzira.es\/wp-content\/uploads\/2021\/01\/Horari_Hosteleria_2-300x300.jpeg 300w, https:\/\/alzira.es\/wp-content\/uploads\/2021\/01\/Horari_Hosteleria_2-1536x1536.jpeg 1536w, https:\/\/alzira.es\/wp-content\/uploads\/2021\/01\/Horari_Hosteleria_2-100x100.jpeg 100w\" sizes=\"(max-width: 706px) 89vw, (max-width: 767px) 82vw, 740px\" \/><\/p>\n<p style=\"text-align: center;\">&nbsp;<\/p>\n","protected":false},"excerpt":{"rendered":"<p>Amb les noves mesures restrictives que suposen el toc de queda a les 22 hores, s&#8217;ha portat a terme una consulta per tal d&#8217;aclarir les condicions de recollida i repartiment de menjar: Els clients dels establiments que oferixen menjar per a emportar poder recollir les seues comandes fins a les 22 hores. Pel que fa &hellip; <\/p>\n<p class=\"link-more\"><a href=\"https:\/\/alzira.es\/es\/horaris-hosteleria-per-a-emportar-i-recollir-al-local-2\/\" class=\"more-link\">Continuar leyendo<span class=\"screen-reader-text\"> \u00abHoraris hosteler\u00eda per a emportar i recollir al local\u00bb<\/span><\/a><\/p>\n","protected":false},"author":29,"featured_media":53330,"comment_status":"","ping_status":"","sticky":false,"template":"","format":"standard","meta":{"_acf_changed":false,"footnotes":""},"categories":[],"tags":[],"class_list":["post-53332","post","type-post","status-publish","format-standard","has-post-thumbnail","hentry"],"acf":[],"_links":{"self":[{"href":"https:\/\/alzira.es\/es\/wp-json\/wp\/v2\/posts\/53332","targetHints":{"allow":["GET"]}}],"collection":[{"href":"https:\/\/alzira.es\/es\/wp-json\/wp\/v2\/posts"}],"about":[{"href":"https:\/\/alzira.es\/es\/wp-json\/wp\/v2\/types\/post"}],"author":[{"embeddable":true,"href":"https:\/\/alzira.es\/es\/wp-json\/wp\/v2\/users\/29"}],"replies":[{"embeddable":true,"href":"https:\/\/alzira.es\/es\/wp-json\/wp\/v2\/comments?post=53332"}],"version-history":[{"count":0,"href":"https:\/\/alzira.es\/es\/wp-json\/wp\/v2\/posts\/53332\/revisions"}],"wp:featuredmedia":[{"embeddable":true,"href":"https:\/\/alzira.es\/es\/wp-json\/wp\/v2\/media\/53330"}],"wp:attachment":[{"href":"https:\/\/alzira.es\/es\/wp-json\/wp\/v2\/media?parent=53332"}],"wp:term":[{"taxonomy":"category","embeddable":true,"href":"https:\/\/alzira.es\/es\/wp-json\/wp\/v2\/categories?post=53332"},{"taxonomy":"post_tag","embeddable":true,"href":"https:\/\/alzira.es\/es\/wp-json\/wp\/v2\/tags?post=53332"}],"curies":[{"name":"wp","href":"https:\/\/api.w.org\/{rel}","templated":true}]}}