{"id":53315,"date":"2021-01-26T12:39:42","date_gmt":"2021-01-26T11:39:42","guid":{"rendered":"https:\/\/alzira.es\/ajudes-lloguer-conselleria-mancomunitat-ribera-alta\/"},"modified":"2021-01-26T12:39:42","modified_gmt":"2021-01-26T11:39:42","slug":"ajudes-lloguer-conselleria-mancomunitat-ribera-alta","status":"publish","type":"post","link":"https:\/\/alzira.es\/es\/ajudes-lloguer-conselleria-mancomunitat-ribera-alta\/","title":{"rendered":"La Oficina Comarcal de Vivienda de la Mancomunidad informar\u00e1 y tramitar\u00e1 las ayudas para alquiler de la Conselleria"},"content":{"rendered":"<ul style=\"list-style-type: circle;\">\n<li>\n<h3>Las ayudas pueden pedirse hasta el 30 de octubre<\/h3>\n<p>La Generalitat publica la segunda convocatoria de ayudas de alquiler orientadas a paliar los efectos de la COVID-19. C\u00f3mo en el caso de la primera edici\u00f3n, desde la Oficina Comarcal de Vivienda de la Mancomunidad de la Ribera Alta que se encuentra <strong>en el edificio de la Clau<\/strong>, se ofrece el servicio de informaci\u00f3n y si se el caso tr\u00e1mite de las ayudas.<\/p>\n<p>La Vicepresidencia Segunda y Conseller\u00eda de Vivienda y Arquitectura Bioclim\u00e1tica, a trav\u00e9s de la Direcci\u00f3n General de Emergencia Habitacional y Funci\u00f3n Social, lanza estas ayudas con un importe de <strong>5 millones de euros<\/strong>.<\/p>\n<p>Desde ayer se pueden solicitar y en este caso se establece un plazo m\u00e1s amplio hasta el 30 de octubre. A diferencia de la convocatoria anterior, las solicitudes se ir\u00e1n resolviendo a medida que sean presentadas y la documentaci\u00f3n exigida est\u00e9 completa, hasta agotar el cr\u00e9dito destinado para atender estas ayudas.<\/p>\n<p>Las solicitudes pueden rellenarse mediante certificado digital o bien dirigirse a los registros administrativos establecidos, siendo necesario solicitar cita previa.<br \/>Los interesados en estas ayudas pueden informarse en la Oficina Comarcal de Vivienda, pidiendo <strong>cita previa al 674 20 63 90<\/strong> y ser\u00e1n atendidos en horario de lunes a viernes de 9 a 14 horas. Una vez comprobado el cumplimiento de los requisitos desde la misma oficina se puede hacer el tr\u00e1mite como representantes de la persona solicitante.<\/p>\n<\/li>\n<\/ul>\n<p><img fetchpriority=\"high\" decoding=\"async\" class=\" size-full wp-image-53313\" style=\"display: block; margin-left: auto; margin-right: auto;\" src=\"https:\/\/alzira.es\/wp-content\/uploads\/2021\/01\/ajudes-lloguer-2021-cast.jpeg\" alt=\"ajudes-lloguer-2021-cast\" width=\"1200\" height=\"676\" srcset=\"https:\/\/alzira.es\/wp-content\/uploads\/2021\/01\/ajudes-lloguer-2021-cast.jpeg 1080w, https:\/\/alzira.es\/wp-content\/uploads\/2021\/01\/ajudes-lloguer-2021-cast-680x383.jpeg 680w, https:\/\/alzira.es\/wp-content\/uploads\/2021\/01\/ajudes-lloguer-2021-cast-768x432.jpeg 768w\" sizes=\"(max-width: 706px) 89vw, (max-width: 767px) 82vw, 740px\" \/><\/p>\n","protected":false},"excerpt":{"rendered":"<p>Las ayudas pueden pedirse hasta el 30 de octubre La Generalitat publica la segunda convocatoria de ayudas de alquiler orientadas a paliar los efectos de la COVID-19. C\u00f3mo en el caso de la primera edici\u00f3n, desde la Oficina Comarcal de Vivienda de la Mancomunidad de la Ribera Alta que se encuentra en el edificio de &hellip; <\/p>\n<p class=\"link-more\"><a href=\"https:\/\/alzira.es\/es\/ajudes-lloguer-conselleria-mancomunitat-ribera-alta\/\" class=\"more-link\">Continuar leyendo<span class=\"screen-reader-text\"> \u00abLa Oficina Comarcal de Vivienda de la Mancomunidad informar\u00e1 y tramitar\u00e1 las ayudas para alquiler de la Conselleria\u00bb<\/span><\/a><\/p>\n","protected":false},"author":29,"featured_media":53313,"comment_status":"","ping_status":"","sticky":false,"template":"","format":"standard","meta":{"_acf_changed":false,"footnotes":""},"categories":[4936],"tags":[],"class_list":["post-53315","post","type-post","status-publish","format-standard","has-post-thumbnail","hentry","category-hemeroteca-es"],"acf":[],"_links":{"self":[{"href":"https:\/\/alzira.es\/es\/wp-json\/wp\/v2\/posts\/53315","targetHints":{"allow":["GET"]}}],"collection":[{"href":"https:\/\/alzira.es\/es\/wp-json\/wp\/v2\/posts"}],"about":[{"href":"https:\/\/alzira.es\/es\/wp-json\/wp\/v2\/types\/post"}],"author":[{"embeddable":true,"href":"https:\/\/alzira.es\/es\/wp-json\/wp\/v2\/users\/29"}],"replies":[{"embeddable":true,"href":"https:\/\/alzira.es\/es\/wp-json\/wp\/v2\/comments?post=53315"}],"version-history":[{"count":0,"href":"https:\/\/alzira.es\/es\/wp-json\/wp\/v2\/posts\/53315\/revisions"}],"wp:featuredmedia":[{"embeddable":true,"href":"https:\/\/alzira.es\/es\/wp-json\/wp\/v2\/media\/53313"}],"wp:attachment":[{"href":"https:\/\/alzira.es\/es\/wp-json\/wp\/v2\/media?parent=53315"}],"wp:term":[{"taxonomy":"category","embeddable":true,"href":"https:\/\/alzira.es\/es\/wp-json\/wp\/v2\/categories?post=53315"},{"taxonomy":"post_tag","embeddable":true,"href":"https:\/\/alzira.es\/es\/wp-json\/wp\/v2\/tags?post=53315"}],"curies":[{"name":"wp","href":"https:\/\/api.w.org\/{rel}","templated":true}]}}