{"id":53309,"date":"2021-01-25T09:39:53","date_gmt":"2021-01-25T08:39:53","guid":{"rendered":"https:\/\/alzira.es\/ultima-hora-mesures-covid-2\/"},"modified":"2021-01-25T09:39:53","modified_gmt":"2021-01-25T08:39:53","slug":"ultima-hora-mesures-covid-2","status":"publish","type":"post","link":"https:\/\/alzira.es\/es\/ultima-hora-mesures-covid-2\/","title":{"rendered":"Ultima hora. Mesures COVID"},"content":{"rendered":"<ul style=\"list-style-type: disc;\">\n<li>\n<h3>Ximo Puig anuncia noves restriccions que inclouen la limitaci\u00f3 de les reunions al nucli de conviv\u00e8ncia i el confinament perimetral de grans ciutats durant caps de setmana i festius<\/h3>\n<\/li>\n<\/ul>\n<p><strong>&#8211; Les mesures entren en vigor aquest dilluns, amb la seua publicaci\u00f3 en el Diari Oficial de la Generalitat Valenciana, i estaran vigents fins al pr\u00f2xim 15 de febrer<\/strong><br \/><strong>&#8211; El president ha avan\u00e7at les mesures despr\u00e9s de mantindre una reuni\u00f3 per videoconfer\u00e8ncia amb la consellera de Sanitat Universal, Ana Barcel\u00f3, altres c\u00e0rrecs d&#8217;aquest departament, i el secretari auton\u00f2mic d&#8217;Emerg\u00e8ncies, Jos\u00e9 Mar\u00eda \u00c1ngel<\/strong><\/p>\n<p>El president de la Generalitat, <strong>Ximo Puig<\/strong>, ha anunciat aquest diumenge noves restriccions per a protegir la salut de la ciutadania que inclouen, entre altres mesures, la limitaci\u00f3 de les reunions al nucli de conviv\u00e8ncia i el confinament perimetral de ciutats de m\u00e9s de 50.000 habitants durant el cap de setmana.<\/p>\n<p>Puig ha mantingut una reuni\u00f3 de treball per videoconfer\u00e8ncia amb la consellera de Sanitat Universal i Salut P\u00fablica, <strong>Ana Barcel\u00f3<\/strong>, la sotssecret\u00e0ria, <strong>M\u00f2nica Almi\u00f1ana<\/strong>, i la secret\u00e0ria auton\u00f2mica de Salut P\u00fablica i del Sistema Sanitari P\u00fablic, <strong>Isaura Navarro<\/strong>.<\/p>\n<p>Tamb\u00e9 han assistit la directora general d&#8217;Assist\u00e8ncia Sanit\u00e0ria, <strong>Mar\u00eda Amparo Garc\u00eda Layunta<\/strong>; el subdirector general d&#8217;Avaluaci\u00f3 de la Gesti\u00f3 Assistencial, <strong>Ram\u00f3n Lim\u00f3n<\/strong>; la subdirectora general d&#8217;Activitat Assistencial Integrada i Emerg\u00e8ncies <strong>Rosa P\u00e9rez Menc\u00eda<\/strong>; la subdirectora general de Planificaci\u00f3 i Organitzaci\u00f3 Assistencial,<strong> Cristina Ruiz<\/strong>, i el secretari auton\u00f2mic de Seguretat i Emerg\u00e8ncies, <strong>Jos\u00e9 Mar\u00eda Angel<\/strong>.<\/p>\n<p><strong>Despr\u00e9s de la trobada, el president ha anunciat aquestes noves mesures que entren en vigor aquest dilluns, 24 de gener, amb la seua publicaci\u00f3 en el Diari Oficial de la Generalitat Valenciana, i es mantindran fins a les 23.59 hores del 15 de febrer.<\/strong><\/p>\n<p>D&#8217;aquesta manera, en espais d&#8217;\u00fas p\u00fablic, tant tancats com l&#8217;aire lliure, la perman\u00e8ncia de grups de persones queda condicionada al fet que no se supere el n\u00famero m\u00e0xim de dues persones, llevat que es tracte de persones convivents i sense perjudici de les excepcions previstes.<\/p>\n<p>A m\u00e9s, en domicilis i espais d&#8217;\u00fas privat, tant a l&#8217;interior com l&#8217;exterior, es permeten \u00fanicament les reunions familiars i socials de persones que pertanyen al mateix nucli o grup de conviv\u00e8ncia, amb les mateixes excepcions que en l&#8217;apartat anterior.<\/p>\n<p>S&#8217;exceptuen d&#8217;aquestes limitacions, les activitats no professionals relacionades amb la crian\u00e7a i les cures, com l&#8217;atenci\u00f3 i acompanyament a persones menors d&#8217;edat, persones majors, en situaci\u00f3 de depend\u00e8ncia, amb diversitat funcional o en situaci\u00f3 d&#8217;especial vulnerabilitat, la conviv\u00e8ncia alterna de fills i filles amb els seus progenitors o progenitores no convivents entre ells i l&#8217;acolliment familiar de persones menors d&#8217;edat en qualsevol de les seues tipologies.<\/p>\n<p>A m\u00e9s, tamb\u00e9 s&#8217;exceptuen les reunions de persones amb vincle matrimonial o de parella que viuen en domicilis diferents, o de les persones que viuen soles, que podran formar part d&#8217;una altra \u00fanica unitat de conviv\u00e8ncia formant una unitat de conviv\u00e8ncia ampliada. No obstant aix\u00f2, cada unitat de conviv\u00e8ncia ampliada nom\u00e9s podr\u00e0 integrar a una \u00fanica persona que viva sola, i la persona que viva sola podr\u00e0 formar part exclusivament d&#8217;una unitat de conviv\u00e8ncia ampliada durant tot el per\u00edode de vig\u00e8ncia de la mesura.<\/p>\n<p>No estan incloses en les limitacions previstes a les reunions les activitats laborals, les institucionals, les de transport i les dels centres docents.<\/p>\n<p>D&#8217;altra banda, es prorroga, fins a les 23.59 hores del 15 de febrer de 2021, les limitacions a l&#8217;entrada i l&#8217;eixida de la Comunitat Valenciana, que, per tant, continuen restringides a aquells despla\u00e7aments adequadament justificats.<\/p>\n<p>Addicionalment, des de les 15.00 hores del divendres fins a les 06.00 hores del dilluns, i des de les 15.00 hores de la vespra dels dies festius fins a les 15.00 de l&#8217;endem\u00e0 al festiu, queda limitada l&#8217;entrada i eixida de persones dels termes municipals dels municipis i grups de municipis amb poblaci\u00f3 superior a 50.000 habitants. Aquestes ciutats s\u00f3n Val\u00e8ncia, Alacant, Elx, Castell\u00f3 de la Plana, Torrevieja, Torrent, Orihuela, Gandia, Paterna, Benidorm, Sagunt, Alcoi, Sant Vicent del Raspeig, Elda-Petrer, i Vila-real.<\/p>\n<p style=\"text-align: center;\"><img fetchpriority=\"high\" decoding=\"async\" class=\" size-full wp-image-53306\" src=\"https:\/\/alzira.es\/wp-content\/uploads\/2021\/01\/25012021_ultima_hora_covid.jpeg\" alt=\"25012021 ultima hora covid\" width=\"1000\" height=\"562\" srcset=\"https:\/\/alzira.es\/wp-content\/uploads\/2021\/01\/25012021_ultima_hora_covid.jpeg 1080w, https:\/\/alzira.es\/wp-content\/uploads\/2021\/01\/25012021_ultima_hora_covid-680x382.jpeg 680w, https:\/\/alzira.es\/wp-content\/uploads\/2021\/01\/25012021_ultima_hora_covid-768x432.jpeg 768w\" sizes=\"(max-width: 706px) 89vw, (max-width: 767px) 82vw, 740px\" \/><\/p>\n<p>&nbsp;<\/p>\n","protected":false},"excerpt":{"rendered":"<p>Ximo Puig anuncia noves restriccions que inclouen la limitaci\u00f3 de les reunions al nucli de conviv\u00e8ncia i el confinament perimetral de grans ciutats durant caps de setmana i festius &#8211; Les mesures entren en vigor aquest dilluns, amb la seua publicaci\u00f3 en el Diari Oficial de la Generalitat Valenciana, i estaran vigents fins al pr\u00f2xim &hellip; <\/p>\n<p class=\"link-more\"><a href=\"https:\/\/alzira.es\/es\/ultima-hora-mesures-covid-2\/\" class=\"more-link\">Continuar leyendo<span class=\"screen-reader-text\"> \u00abUltima hora. Mesures COVID\u00bb<\/span><\/a><\/p>\n","protected":false},"author":29,"featured_media":53306,"comment_status":"","ping_status":"","sticky":false,"template":"","format":"standard","meta":{"_acf_changed":false,"footnotes":""},"categories":[],"tags":[],"class_list":["post-53309","post","type-post","status-publish","format-standard","has-post-thumbnail","hentry"],"acf":[],"_links":{"self":[{"href":"https:\/\/alzira.es\/es\/wp-json\/wp\/v2\/posts\/53309","targetHints":{"allow":["GET"]}}],"collection":[{"href":"https:\/\/alzira.es\/es\/wp-json\/wp\/v2\/posts"}],"about":[{"href":"https:\/\/alzira.es\/es\/wp-json\/wp\/v2\/types\/post"}],"author":[{"embeddable":true,"href":"https:\/\/alzira.es\/es\/wp-json\/wp\/v2\/users\/29"}],"replies":[{"embeddable":true,"href":"https:\/\/alzira.es\/es\/wp-json\/wp\/v2\/comments?post=53309"}],"version-history":[{"count":0,"href":"https:\/\/alzira.es\/es\/wp-json\/wp\/v2\/posts\/53309\/revisions"}],"wp:featuredmedia":[{"embeddable":true,"href":"https:\/\/alzira.es\/es\/wp-json\/wp\/v2\/media\/53306"}],"wp:attachment":[{"href":"https:\/\/alzira.es\/es\/wp-json\/wp\/v2\/media?parent=53309"}],"wp:term":[{"taxonomy":"category","embeddable":true,"href":"https:\/\/alzira.es\/es\/wp-json\/wp\/v2\/categories?post=53309"},{"taxonomy":"post_tag","embeddable":true,"href":"https:\/\/alzira.es\/es\/wp-json\/wp\/v2\/tags?post=53309"}],"curies":[{"name":"wp","href":"https:\/\/api.w.org\/{rel}","templated":true}]}}