{"id":53308,"date":"2021-01-25T09:39:53","date_gmt":"2021-01-25T08:39:53","guid":{"rendered":"https:\/\/alzira.es\/ultima-hora-mesures-covid\/"},"modified":"2021-01-25T09:39:53","modified_gmt":"2021-01-25T08:39:53","slug":"ultima-hora-mesures-covid","status":"publish","type":"post","link":"https:\/\/alzira.es\/es\/ultima-hora-mesures-covid\/","title":{"rendered":"Ultima hora. Medidas COVID"},"content":{"rendered":"<ul style=\"list-style-type: disc;\">\n<li>\n<h3>Ximo Puig anuncia nuevas restricciones que incluyen la limitaci\u00f3n de las reuniones al n\u00facleo de convivencia y el confinamiento perimetral de grandes ciudades durante fines de semana y festivos.<\/h3>\n<\/li>\n<\/ul>\n<p><strong>&#8211; Las medidas entran en vigor este lunes, con su publicaci\u00f3n en el Diari Oficial de la Generalitat Valenciana, y estar\u00e1n vigentes hasta el pr\u00f3ximo 15 de febrero<\/strong><br \/><strong>&#8211; El president ha avanzado las medidas tras mantener una reuni\u00f3n por videoconferencia con la consellera de Sanidad Universal, Ana Barcel\u00f3, otros cargos de este departamento, y el secretario auton\u00f3mico de Emergencias, Jos\u00e9 Mar\u00eda \u00c1ngel<\/strong><\/p>\n<p>El president de la Generalitat, <strong>Ximo Puig<\/strong>, ha anunciado este domingo nuevas restricciones para proteger la salud de la ciudadan\u00eda que incluyen, entre otras medidas, la limitaci\u00f3n de las reuniones al n\u00facleo de convivencia y el confinamiento perimetral de ciudades de m\u00e1s de 50.000 habitantes durante el fin de semana.<\/p>\n<p>Puig ha mantenido una reuni\u00f3n de trabajo por videoconferencia con la consellera de Sanidad Universal y Salud P\u00fablica, <strong>Ana Barcel\u00f3<\/strong>, la subsecretaria,<strong> M\u00f2nica Almi\u00f1ana<\/strong>, y la secretaria auton\u00f3mica de Salud P\u00fablica y del Sistema Sanitario P\u00fablico, <strong>Isaura Navarro<\/strong>.<\/p>\n<p>Tambi\u00e9n han asistido la directora general de Asistencia Sanitaria, <strong>Mar\u00eda Amparo Garc\u00eda Layunta<\/strong>; el subdirector general de Evaluaci\u00f3n de la Gesti\u00f3n Asistencial, <strong>Ram\u00f3n Lim\u00f3n<\/strong>; la subdirectora general de Actividad Asistencial Integrada y Emergencias<strong> Rosa P\u00e9rez Menc\u00eda<\/strong>; la subdirectora general de Planificaci\u00f3n y Organizaci\u00f3n Asistencial, <strong>Cristina Ruiz<\/strong>, y el secretario auton\u00f3mico de Seguridad y Emergencias, <strong>Jos\u00e9 Mar\u00eda Angel<\/strong>.<\/p>\n<p><strong>Tras el encuentro, el president ha anunciado estas nuevas medidas que entran en vigor este lunes, 24 de enero, con su publicaci\u00f3n en el Diari Oficial de la Generalitat Valenciana, y se mantendr\u00e1n hasta las 23.59 horas del 15 de febrero.<\/strong><\/p>\n<p>De este modo, en espacios de uso p\u00fablico, tanto cerrados como el aire libre, la permanencia de grupos de personas queda condicionada a que no se supere el n\u00famero m\u00e1ximo de dos personas, salvo que se trate de personas convivientes y sin perjuicio de las excepciones previstas.<\/p>\n<p>Adem\u00e1s, en domicilios y espacios de uso privado, tanto en el interior como el exterior, se permiten \u00fanicamente las reuniones familiares y sociales de personas que pertenecen al mismo n\u00facleo o grupo de convivencia, con las mismas excepciones que en el apartado anterior.<\/p>\n<p>Se except\u00faan de estas limitaciones, las actividades no profesionales relacionadas con la crianza y los cuidados, como la atenci\u00f3n y acompa\u00f1amiento a personas menores de edad, personas mayores, en situaci\u00f3n de dependencia, con diversidad funcional o en situaci\u00f3n de especial vulnerabilidad, la convivencia alterna de hijos e hijas con sus progenitores o progenitoras no convivientes entre ellos y la acogida familiar de personas menores de edad en cualquier de sus tipolog\u00edas.<\/p>\n<p>Adem\u00e1s, tambi\u00e9n se except\u00faan las reuniones de personas con v\u00ednculo matrimonial o de pareja que viven en domicilios diferentes, o de las personas que viven solas, que podr\u00e1n formar parte de otra \u00fanica unidad de convivencia formando una unidad de convivencia ampliada. No obstante, cada unidad de convivencia ampliada solo podr\u00e1 integrar a una \u00fanica persona que viva sola, y la persona que viva sola podr\u00e1 formar parte exclusivamente de una unidad de convivencia ampliada durante todo el periodo de vigencia de la medida.<\/p>\n<p>No est\u00e1n incluidas en las limitaciones previstas a las reuniones las actividades laborales, las institucionales, las de transporte y las de los centros docentes.<\/p>\n<p>Por otro lado, se prorroga, hasta las 23.59 horas del 15 de febrero de 2021, las limitaciones a la entrada y la salida de la Comunitat Valenciana, que, por tanto, contin\u00faan restringidas a aquellos desplazamientos adecuadamente justificados.<\/p>\n<p>Adicionalmente, desde las 15.00 horas del viernes hasta las 06.00 horas del lunes, y desde las 15.00 horas de la v\u00edspera de los d\u00edas festivos hasta las 15.00 del d\u00eda siguiente al festivo, queda limitada la entrada y salida de personas de los t\u00e9rminos municipales de los municipios y grupos de municipios con poblaci\u00f3n superior a 50.000 habitantes. Estas ciudades son Val\u00e8ncia, Alacant, Elche, Castell\u00f3 de la Plana, Torrevieja, Torrent, Orihuela, Gandia, Paterna, Benidorm, Sagunto, Alcoy, Sant Vicent del Raspeig, Elda-Petrer, y Vila-real.<\/p>\n<p style=\"text-align: center;\"><img fetchpriority=\"high\" decoding=\"async\" class=\" size-full wp-image-53306\" src=\"https:\/\/alzira.es\/wp-content\/uploads\/2021\/01\/25012021_ultima_hora_covid.jpeg\" alt=\"25012021 ultima hora covid\" width=\"1000\" height=\"562\" srcset=\"https:\/\/alzira.es\/wp-content\/uploads\/2021\/01\/25012021_ultima_hora_covid.jpeg 1080w, https:\/\/alzira.es\/wp-content\/uploads\/2021\/01\/25012021_ultima_hora_covid-680x382.jpeg 680w, https:\/\/alzira.es\/wp-content\/uploads\/2021\/01\/25012021_ultima_hora_covid-768x432.jpeg 768w\" sizes=\"(max-width: 706px) 89vw, (max-width: 767px) 82vw, 740px\" \/><\/p>\n<p>&nbsp;<\/p>\n","protected":false},"excerpt":{"rendered":"<p>Ximo Puig anuncia nuevas restricciones que incluyen la limitaci\u00f3n de las reuniones al n\u00facleo de convivencia y el confinamiento perimetral de grandes ciudades durante fines de semana y festivos. &#8211; Las medidas entran en vigor este lunes, con su publicaci\u00f3n en el Diari Oficial de la Generalitat Valenciana, y estar\u00e1n vigentes hasta el pr\u00f3ximo 15 &hellip; <\/p>\n<p class=\"link-more\"><a href=\"https:\/\/alzira.es\/es\/ultima-hora-mesures-covid\/\" class=\"more-link\">Continuar leyendo<span class=\"screen-reader-text\"> \u00abUltima hora. Medidas COVID\u00bb<\/span><\/a><\/p>\n","protected":false},"author":29,"featured_media":53306,"comment_status":"","ping_status":"","sticky":false,"template":"","format":"standard","meta":{"_acf_changed":false,"footnotes":""},"categories":[4936],"tags":[],"class_list":["post-53308","post","type-post","status-publish","format-standard","has-post-thumbnail","hentry","category-hemeroteca-es"],"acf":[],"_links":{"self":[{"href":"https:\/\/alzira.es\/es\/wp-json\/wp\/v2\/posts\/53308","targetHints":{"allow":["GET"]}}],"collection":[{"href":"https:\/\/alzira.es\/es\/wp-json\/wp\/v2\/posts"}],"about":[{"href":"https:\/\/alzira.es\/es\/wp-json\/wp\/v2\/types\/post"}],"author":[{"embeddable":true,"href":"https:\/\/alzira.es\/es\/wp-json\/wp\/v2\/users\/29"}],"replies":[{"embeddable":true,"href":"https:\/\/alzira.es\/es\/wp-json\/wp\/v2\/comments?post=53308"}],"version-history":[{"count":0,"href":"https:\/\/alzira.es\/es\/wp-json\/wp\/v2\/posts\/53308\/revisions"}],"wp:featuredmedia":[{"embeddable":true,"href":"https:\/\/alzira.es\/es\/wp-json\/wp\/v2\/media\/53306"}],"wp:attachment":[{"href":"https:\/\/alzira.es\/es\/wp-json\/wp\/v2\/media?parent=53308"}],"wp:term":[{"taxonomy":"category","embeddable":true,"href":"https:\/\/alzira.es\/es\/wp-json\/wp\/v2\/categories?post=53308"},{"taxonomy":"post_tag","embeddable":true,"href":"https:\/\/alzira.es\/es\/wp-json\/wp\/v2\/tags?post=53308"}],"curies":[{"name":"wp","href":"https:\/\/api.w.org\/{rel}","templated":true}]}}