{"id":53303,"date":"2021-01-22T13:51:27","date_gmt":"2021-01-22T12:51:27","guid":{"rendered":"https:\/\/alzira.es\/es-confirma-la-celebracio-de-la-xiii-setmana-de-l-economia-d-alzira-del-15-al-19-de-febrer-2\/"},"modified":"2021-01-22T13:51:27","modified_gmt":"2021-01-22T12:51:27","slug":"es-confirma-la-celebracio-de-la-xiii-setmana-de-l-economia-d-alzira-del-15-al-19-de-febrer-2","status":"publish","type":"post","link":"https:\/\/alzira.es\/es\/es-confirma-la-celebracio-de-la-xiii-setmana-de-l-economia-d-alzira-del-15-al-19-de-febrer-2\/","title":{"rendered":"Es confirma la celebraci\u00f3 de la XIII Setmana de l&#8217;economia d&#8217;Alzira del 15 al 19 de febrer"},"content":{"rendered":"<h3 style=\"text-align: left;\">\u2022 En 2021 tindrem una edici\u00f3 telem\u00e0tica adaptada a les noves mesures de seguretat<\/h3>\n<p>Hui s&#8217;ha presentat el cartell anunciador de la XIII Edici\u00f3 de la Setmana de l&#8217;Economia, organitzada per l&#8217;Ag\u00e8ncia de desenvolupament Local, Idea que tindr\u00e0 lloc del 15 al 19 de febrer de manera telem\u00e0tica.<\/p>\n<p>La setmana vinent s&#8217;anunciar\u00e0 el contingut detallat de les borde 20 intervencions per a donar continu\u00eftat a un esdeveniment que ja s&#8217;ha consolidat a la nostra ciutat. A partir de la publicaci\u00f3 del programa s&#8217;obrir\u00e0 el termini d&#8217;inscripci\u00f3 per a assistir.<\/p>\n<p>Un dels principals objectius que es persegueixen amb la celebraci\u00f3 d&#8217;aquestes jornades \u00e9s oferir a l&#8217;empresariat i a la ciutadania en general un espai de reflexi\u00f3. Durant tota la setmana es realitzaran confer\u00e8ncies, taules redones, entrevistes, que ens descobriran les claus dels nous models de negoci i les tend\u00e8ncies empresarials actuals.<\/p>\n<p><em>\u00abHem d&#8217;agrair la participaci\u00f3 de tots els col\u00b7laboradors, empreses, entitats i treballadors municipals que s&#8217;han ocupat a fons per a mantindre, en aquest any tan especial, aquest punt de trobada dels diferents agents de l&#8217;economia\u00bb<\/em><\/p>\n<p>Per tercer any consecutiu s&#8217;ofereix l&#8217;espai d&#8217;empreses, que ja t\u00e9 confirmats una desena de participants. Fins al 3 de febrer, les empreses interessades poden inscriure&#8217;s en aquest espai on, els caps de recursos humans duen a terme seleccions de personal per a cobrir les diferents necessitats.<\/p>\n<p>Comptarem amb m\u00e9s de 60 ponents i com en passades edicions, la col\u00b7laboraci\u00f3 de l&#8217;AEA, Associaci\u00f3 empresarial d&#8217;Alzira. De nou participaran representants de la Generalitat i empreses privades que secundaran amb el seu patrocini.<\/p>\n<p style=\"text-align: center;\"><img fetchpriority=\"high\" decoding=\"async\" width=\"1149\" height=\"1600\" class=\" size-full wp-image-53300\" src=\"https:\/\/alzira.es\/wp-content\/uploads\/2021\/01\/setmana_economia_22012021.jpeg\" alt=\"setmana econom\u00eda 22012021\" srcset=\"https:\/\/alzira.es\/wp-content\/uploads\/2021\/01\/setmana_economia_22012021.jpeg 1149w, https:\/\/alzira.es\/wp-content\/uploads\/2021\/01\/setmana_economia_22012021-680x947.jpeg 680w, https:\/\/alzira.es\/wp-content\/uploads\/2021\/01\/setmana_economia_22012021-770x1072.jpeg 770w, https:\/\/alzira.es\/wp-content\/uploads\/2021\/01\/setmana_economia_22012021-768x1069.jpeg 768w, https:\/\/alzira.es\/wp-content\/uploads\/2021\/01\/setmana_economia_22012021-1103x1536.jpeg 1103w\" sizes=\"(max-width: 706px) 89vw, (max-width: 767px) 82vw, 740px\" \/><\/p>\n","protected":false},"excerpt":{"rendered":"<p>\u2022 En 2021 tindrem una edici\u00f3 telem\u00e0tica adaptada a les noves mesures de seguretat Hui s&#8217;ha presentat el cartell anunciador de la XIII Edici\u00f3 de la Setmana de l&#8217;Economia, organitzada per l&#8217;Ag\u00e8ncia de desenvolupament Local, Idea que tindr\u00e0 lloc del 15 al 19 de febrer de manera telem\u00e0tica. La setmana vinent s&#8217;anunciar\u00e0 el contingut detallat &hellip; <\/p>\n<p class=\"link-more\"><a href=\"https:\/\/alzira.es\/es\/es-confirma-la-celebracio-de-la-xiii-setmana-de-l-economia-d-alzira-del-15-al-19-de-febrer-2\/\" class=\"more-link\">Continuar leyendo<span class=\"screen-reader-text\"> \u00abEs confirma la celebraci\u00f3 de la XIII Setmana de l&#8217;economia d&#8217;Alzira del 15 al 19 de febrer\u00bb<\/span><\/a><\/p>\n","protected":false},"author":29,"featured_media":53300,"comment_status":"","ping_status":"","sticky":false,"template":"","format":"standard","meta":{"_acf_changed":false,"footnotes":""},"categories":[],"tags":[],"class_list":["post-53303","post","type-post","status-publish","format-standard","has-post-thumbnail","hentry"],"acf":[],"_links":{"self":[{"href":"https:\/\/alzira.es\/es\/wp-json\/wp\/v2\/posts\/53303","targetHints":{"allow":["GET"]}}],"collection":[{"href":"https:\/\/alzira.es\/es\/wp-json\/wp\/v2\/posts"}],"about":[{"href":"https:\/\/alzira.es\/es\/wp-json\/wp\/v2\/types\/post"}],"author":[{"embeddable":true,"href":"https:\/\/alzira.es\/es\/wp-json\/wp\/v2\/users\/29"}],"replies":[{"embeddable":true,"href":"https:\/\/alzira.es\/es\/wp-json\/wp\/v2\/comments?post=53303"}],"version-history":[{"count":0,"href":"https:\/\/alzira.es\/es\/wp-json\/wp\/v2\/posts\/53303\/revisions"}],"wp:featuredmedia":[{"embeddable":true,"href":"https:\/\/alzira.es\/es\/wp-json\/wp\/v2\/media\/53300"}],"wp:attachment":[{"href":"https:\/\/alzira.es\/es\/wp-json\/wp\/v2\/media?parent=53303"}],"wp:term":[{"taxonomy":"category","embeddable":true,"href":"https:\/\/alzira.es\/es\/wp-json\/wp\/v2\/categories?post=53303"},{"taxonomy":"post_tag","embeddable":true,"href":"https:\/\/alzira.es\/es\/wp-json\/wp\/v2\/tags?post=53303"}],"curies":[{"name":"wp","href":"https:\/\/api.w.org\/{rel}","templated":true}]}}