{"id":53302,"date":"2021-01-22T13:51:27","date_gmt":"2021-01-22T12:51:27","guid":{"rendered":"https:\/\/alzira.es\/es-confirma-la-celebracio-de-la-xiii-setmana-de-l-economia-d-alzira-del-15-al-19-de-febrer\/"},"modified":"2021-01-22T13:51:27","modified_gmt":"2021-01-22T12:51:27","slug":"es-confirma-la-celebracio-de-la-xiii-setmana-de-l-economia-d-alzira-del-15-al-19-de-febrer","status":"publish","type":"post","link":"https:\/\/alzira.es\/es\/es-confirma-la-celebracio-de-la-xiii-setmana-de-l-economia-d-alzira-del-15-al-19-de-febrer\/","title":{"rendered":"Se confirma la celebraci\u00f3n de la XIII Semana de la econom\u00eda de Alzira del 15 al 19 de febrero"},"content":{"rendered":"<h3 style=\"text-align: left;\">\u2022 En 2021 tendremos una edici\u00f3n telem\u00e1tica adaptada a las nuevas medidas de seguridad<\/h3>\n<p>Hoy se ha presentado el cartel anunciador de la XIII Edici\u00f3n de la Semana de la Econom\u00eda, organizada por la Agencia de desarrollo Local, Idea que tendr\u00e1 lugar del <strong>15 al 19 de febrero de manera telem\u00e1tica<\/strong>.<\/p>\n<p>La pr\u00f3xima semana se anunciar\u00e1 el contenido detallado de las cerca 20 intervenciones para dar continuidad a un acontecimiento que ya se ha consolidado en nuestra ciudad. A partir de la publicaci\u00f3n del programa se abrir\u00e1 el plazo de inscripci\u00f3n para asistir.<\/p>\n<p>Uno de los principales objetivos que se persiguen con la celebraci\u00f3n de estas jornadas es <strong>ofrecer al empresariado y a la ciudadan\u00eda en general un espacio de reflexi\u00f3n<\/strong>. Durante toda la semana se realizar\u00e1n conferencias, mesas redondas, entrevistas, que nos descubrir\u00e1n las claves de los nuevos modelos de negocio y las tendencias empresariales actuales.<\/p>\n<p><em>\u00abTenemos que agradecer la participaci\u00f3n de todos los colaboradores, empresas, entidades y trabajadores municipales que se han ocupado a fondo para mantener, en este a\u00f1o tan especial, este punto de encuentro de los diferentes agentes de la econom\u00eda\u00bb<\/em><\/p>\n<p>Por tercer a\u00f1o consecutivo se ofrece el espacio de empresas, que ya tiene confirmados una decena de participantes. <span style=\"text-decoration: underline;\">Hasta el 3 de febrero, las empresas interesadas pueden inscribirse en este espacio<\/span> donde, los jefes de recursos humanos llevan a cabo selecciones de personal para cubrir las diferentes necesidades.<\/p>\n<p>Contaremos con m\u00e1s de 60 ponentes y como en pasadas ediciones, la colaboraci\u00f3n de la AEA, Asociaci\u00f3n empresarial de Alzira. De nuevo participar\u00e1n representantes de la Generalitat y empresas privadas que apoyar\u00e1n con su patrocinio.<\/p>\n<p style=\"text-align: center;\"><img fetchpriority=\"high\" decoding=\"async\" width=\"1149\" height=\"1600\" class=\" size-full wp-image-53300\" src=\"https:\/\/alzira.es\/wp-content\/uploads\/2021\/01\/setmana_economia_22012021.jpeg\" alt=\"setmana econom\u00eda 22012021\" srcset=\"https:\/\/alzira.es\/wp-content\/uploads\/2021\/01\/setmana_economia_22012021.jpeg 1149w, https:\/\/alzira.es\/wp-content\/uploads\/2021\/01\/setmana_economia_22012021-680x947.jpeg 680w, https:\/\/alzira.es\/wp-content\/uploads\/2021\/01\/setmana_economia_22012021-770x1072.jpeg 770w, https:\/\/alzira.es\/wp-content\/uploads\/2021\/01\/setmana_economia_22012021-768x1069.jpeg 768w, https:\/\/alzira.es\/wp-content\/uploads\/2021\/01\/setmana_economia_22012021-1103x1536.jpeg 1103w\" sizes=\"(max-width: 706px) 89vw, (max-width: 767px) 82vw, 740px\" \/><\/p>\n","protected":false},"excerpt":{"rendered":"<p>\u2022 En 2021 tendremos una edici\u00f3n telem\u00e1tica adaptada a las nuevas medidas de seguridad Hoy se ha presentado el cartel anunciador de la XIII Edici\u00f3n de la Semana de la Econom\u00eda, organizada por la Agencia de desarrollo Local, Idea que tendr\u00e1 lugar del 15 al 19 de febrero de manera telem\u00e1tica. La pr\u00f3xima semana se &hellip; <\/p>\n<p class=\"link-more\"><a href=\"https:\/\/alzira.es\/es\/es-confirma-la-celebracio-de-la-xiii-setmana-de-l-economia-d-alzira-del-15-al-19-de-febrer\/\" class=\"more-link\">Continuar leyendo<span class=\"screen-reader-text\"> \u00abSe confirma la celebraci\u00f3n de la XIII Semana de la econom\u00eda de Alzira del 15 al 19 de febrero\u00bb<\/span><\/a><\/p>\n","protected":false},"author":29,"featured_media":53300,"comment_status":"","ping_status":"","sticky":false,"template":"","format":"standard","meta":{"_acf_changed":false,"footnotes":""},"categories":[4936],"tags":[],"class_list":["post-53302","post","type-post","status-publish","format-standard","has-post-thumbnail","hentry","category-hemeroteca-es"],"acf":[],"_links":{"self":[{"href":"https:\/\/alzira.es\/es\/wp-json\/wp\/v2\/posts\/53302","targetHints":{"allow":["GET"]}}],"collection":[{"href":"https:\/\/alzira.es\/es\/wp-json\/wp\/v2\/posts"}],"about":[{"href":"https:\/\/alzira.es\/es\/wp-json\/wp\/v2\/types\/post"}],"author":[{"embeddable":true,"href":"https:\/\/alzira.es\/es\/wp-json\/wp\/v2\/users\/29"}],"replies":[{"embeddable":true,"href":"https:\/\/alzira.es\/es\/wp-json\/wp\/v2\/comments?post=53302"}],"version-history":[{"count":0,"href":"https:\/\/alzira.es\/es\/wp-json\/wp\/v2\/posts\/53302\/revisions"}],"wp:featuredmedia":[{"embeddable":true,"href":"https:\/\/alzira.es\/es\/wp-json\/wp\/v2\/media\/53300"}],"wp:attachment":[{"href":"https:\/\/alzira.es\/es\/wp-json\/wp\/v2\/media?parent=53302"}],"wp:term":[{"taxonomy":"category","embeddable":true,"href":"https:\/\/alzira.es\/es\/wp-json\/wp\/v2\/categories?post=53302"},{"taxonomy":"post_tag","embeddable":true,"href":"https:\/\/alzira.es\/es\/wp-json\/wp\/v2\/tags?post=53302"}],"curies":[{"name":"wp","href":"https:\/\/api.w.org\/{rel}","templated":true}]}}