{"id":53295,"date":"2021-01-22T11:43:35","date_gmt":"2021-01-22T10:43:35","guid":{"rendered":"https:\/\/alzira.es\/continua-l-anul-lacio-del-canvi-d-estacionament-a-alzira-2\/"},"modified":"2021-01-22T11:43:35","modified_gmt":"2021-01-22T10:43:35","slug":"continua-l-anul-lacio-del-canvi-d-estacionament-a-alzira-2","status":"publish","type":"post","link":"https:\/\/alzira.es\/es\/continua-l-anul-lacio-del-canvi-d-estacionament-a-alzira-2\/","title":{"rendered":"Continua l\u2019anul\u00b7laci\u00f3 del canvi d\u2019estacionament a Alzira"},"content":{"rendered":"<p>Com es va informar a l&#8217;inici de la declaraci\u00f3 de l&#8217;estat d&#8217;alarma, <strong>el canvi mensual d&#8217;estacionament a tot el terme municipal d&#8217;Alzira queda anul\u00b7lat fins a nova ordre<\/strong>.<\/p>\n<p>Inicialment estava previst tornar a efectuar els canvis el proper mes de febrer, per\u00f2 des de la Policia Local s&#8217;informa que, pel moment i fins a nova ordre, es mantenen les condicions actuals de manera que l&#8217;obligatorietat de canvi d&#8217;estacionament mensual decau i cal deixar els vehicles a la mateixa banda que es troben actualment.<\/p>\n<p>Esta modificaci\u00f3 afecta a tot el terme municipal, incloent les zones d&#8217;urbanitzaci\u00f3 i l&#8217;entitat Local Menor de la Barraca d&#8217;Aig\u00fces Vives.<\/p>\n<p>Recordem que ens trobem en un nou per\u00edode de l&#8217;estat d&#8217;alarma, i que amb esta mesura s&#8217;evita que les persones hagen d&#8217;eixir dels seus domicilis per a efectuar el canvi.<\/p>\n<p>La Regidora de Seguretat, <strong>Sara Gar\u00e9s<\/strong>, ha manifestat que <em>\u00abLa situaci\u00f3 sanit\u00e0ria actual, a la nostra ciutat suposa vora 750 casos actius i confirmats i una gran quantitat de persones a l&#8217;espera de PCR o resultats que cal que estiguen confinats a les seues cases. Ara mateix l&#8217;Ajuntament, ha valorat que la millor opci\u00f3 \u00e9s anul\u00b7lar la reactivaci\u00f3 del canvi, de manera que la ciutadania no haja de preocupar-se per eixir a buscar un nou lloc per a deixar el vehicle\u00bb<\/em>.<\/p>\n<p style=\"text-align: center;\"><img fetchpriority=\"high\" decoding=\"async\" class=\" size-full wp-image-53293\" src=\"https:\/\/alzira.es\/wp-content\/uploads\/2021\/01\/21012021_anulacio_canvi_estacionament_1.jpeg\" alt=\"21012021 anulacio canvi estacionament 1\" width=\"1200\" height=\"1200\" srcset=\"https:\/\/alzira.es\/wp-content\/uploads\/2021\/01\/21012021_anulacio_canvi_estacionament_1.jpeg 1600w, https:\/\/alzira.es\/wp-content\/uploads\/2021\/01\/21012021_anulacio_canvi_estacionament_1-680x680.jpeg 680w, https:\/\/alzira.es\/wp-content\/uploads\/2021\/01\/21012021_anulacio_canvi_estacionament_1-1072x1072.jpeg 1072w, https:\/\/alzira.es\/wp-content\/uploads\/2021\/01\/21012021_anulacio_canvi_estacionament_1-350x350.jpeg 350w, https:\/\/alzira.es\/wp-content\/uploads\/2021\/01\/21012021_anulacio_canvi_estacionament_1-768x768.jpeg 768w, https:\/\/alzira.es\/wp-content\/uploads\/2021\/01\/21012021_anulacio_canvi_estacionament_1-300x300.jpeg 300w, https:\/\/alzira.es\/wp-content\/uploads\/2021\/01\/21012021_anulacio_canvi_estacionament_1-1536x1536.jpeg 1536w, https:\/\/alzira.es\/wp-content\/uploads\/2021\/01\/21012021_anulacio_canvi_estacionament_1-100x100.jpeg 100w\" sizes=\"(max-width: 706px) 89vw, (max-width: 767px) 82vw, 740px\" \/><\/p>\n","protected":false},"excerpt":{"rendered":"<p>Com es va informar a l&#8217;inici de la declaraci\u00f3 de l&#8217;estat d&#8217;alarma, el canvi mensual d&#8217;estacionament a tot el terme municipal d&#8217;Alzira queda anul\u00b7lat fins a nova ordre. Inicialment estava previst tornar a efectuar els canvis el proper mes de febrer, per\u00f2 des de la Policia Local s&#8217;informa que, pel moment i fins a nova &hellip; <\/p>\n<p class=\"link-more\"><a href=\"https:\/\/alzira.es\/es\/continua-l-anul-lacio-del-canvi-d-estacionament-a-alzira-2\/\" class=\"more-link\">Continuar leyendo<span class=\"screen-reader-text\"> \u00abContinua l\u2019anul\u00b7laci\u00f3 del canvi d\u2019estacionament a Alzira\u00bb<\/span><\/a><\/p>\n","protected":false},"author":29,"featured_media":53293,"comment_status":"","ping_status":"","sticky":false,"template":"","format":"standard","meta":{"_acf_changed":false,"footnotes":""},"categories":[],"tags":[],"class_list":["post-53295","post","type-post","status-publish","format-standard","has-post-thumbnail","hentry"],"acf":[],"_links":{"self":[{"href":"https:\/\/alzira.es\/es\/wp-json\/wp\/v2\/posts\/53295","targetHints":{"allow":["GET"]}}],"collection":[{"href":"https:\/\/alzira.es\/es\/wp-json\/wp\/v2\/posts"}],"about":[{"href":"https:\/\/alzira.es\/es\/wp-json\/wp\/v2\/types\/post"}],"author":[{"embeddable":true,"href":"https:\/\/alzira.es\/es\/wp-json\/wp\/v2\/users\/29"}],"replies":[{"embeddable":true,"href":"https:\/\/alzira.es\/es\/wp-json\/wp\/v2\/comments?post=53295"}],"version-history":[{"count":0,"href":"https:\/\/alzira.es\/es\/wp-json\/wp\/v2\/posts\/53295\/revisions"}],"wp:featuredmedia":[{"embeddable":true,"href":"https:\/\/alzira.es\/es\/wp-json\/wp\/v2\/media\/53293"}],"wp:attachment":[{"href":"https:\/\/alzira.es\/es\/wp-json\/wp\/v2\/media?parent=53295"}],"wp:term":[{"taxonomy":"category","embeddable":true,"href":"https:\/\/alzira.es\/es\/wp-json\/wp\/v2\/categories?post=53295"},{"taxonomy":"post_tag","embeddable":true,"href":"https:\/\/alzira.es\/es\/wp-json\/wp\/v2\/tags?post=53295"}],"curies":[{"name":"wp","href":"https:\/\/api.w.org\/{rel}","templated":true}]}}