{"id":53292,"date":"2021-01-22T11:43:35","date_gmt":"2021-01-22T10:43:35","guid":{"rendered":"https:\/\/alzira.es\/continua-l-anul-lacio-del-canvi-d-estacionament-a-alzira\/"},"modified":"2021-01-22T11:43:35","modified_gmt":"2021-01-22T10:43:35","slug":"continua-l-anul-lacio-del-canvi-d-estacionament-a-alzira","status":"publish","type":"post","link":"https:\/\/alzira.es\/es\/continua-l-anul-lacio-del-canvi-d-estacionament-a-alzira\/","title":{"rendered":"Contin\u00faa la anulaci\u00f3n del cambio de estacionamiento en Alzira"},"content":{"rendered":"<p>C\u00f3mo se inform\u00f3 al inicio de la declaraci\u00f3n del estado de alarma, <strong>el cambio mensual de estacionamiento en todo el t\u00e9rmino municipal de Alzira queda anulado hasta nueva orden<\/strong>.<\/p>\n<p>Inicialmente estaba previsto volver a efectuar los cambios el pr\u00f3ximo mes de febrero, pero desde la Polic\u00eda Local se informa que, por el momento y hasta nueva orden, se mantienen las condiciones actuales de forma que la obligatoriedad de cambio de estacionamiento mensual decae y hay que dejar los veh\u00edculos en la mismo lado que se encuentran actualmente.<\/p>\n<p>Esta modificaci\u00f3n afecta a todo el t\u00e9rmino municipal, incluyendo las zonas de urbanizaci\u00f3n y la entidad Local Menor de la Barraca de Aiguas Vivas.<\/p>\n<p>Recordamos que nos encontramos en un nuevo periodo del estado de alarma, y que con esta medida se evita que las personas tengan que salir de sus domicilios para efectuar el cambio.<\/p>\n<p>La Regidora de Seguridad, <strong>Sara Gar\u00e9s<\/strong>, ha manifestado que <em>\u00abLa situaci\u00f3n sanitaria actual, en nuestra ciudad supone cerca de 750 casos activos y confirmados y una gran cantidad de personas a la espera de la PCR o resultados que hace falta que est\u00e9n confinados en sus casas. Ahora mismo el Ayuntamiento, ha valorado que la mejor opci\u00f3n es anular la reactivaci\u00f3n del cambio, de forma que la ciudadan\u00eda no tenga que preocuparse para salir a buscar un nuevo lugar para dejar el veh\u00edculo\u00bb<\/em>.<\/p>\n<p style=\"text-align: center;\"><img fetchpriority=\"high\" decoding=\"async\" class=\" size-full wp-image-53290\" src=\"https:\/\/alzira.es\/wp-content\/uploads\/2021\/01\/21012021_anulacio_canvi_estacionament_2.jpeg\" alt=\"21012021 anulacio canvi estacionament 2\" width=\"1000\" height=\"1000\" srcset=\"https:\/\/alzira.es\/wp-content\/uploads\/2021\/01\/21012021_anulacio_canvi_estacionament_2.jpeg 1600w, https:\/\/alzira.es\/wp-content\/uploads\/2021\/01\/21012021_anulacio_canvi_estacionament_2-680x680.jpeg 680w, https:\/\/alzira.es\/wp-content\/uploads\/2021\/01\/21012021_anulacio_canvi_estacionament_2-1072x1072.jpeg 1072w, https:\/\/alzira.es\/wp-content\/uploads\/2021\/01\/21012021_anulacio_canvi_estacionament_2-350x350.jpeg 350w, https:\/\/alzira.es\/wp-content\/uploads\/2021\/01\/21012021_anulacio_canvi_estacionament_2-768x768.jpeg 768w, https:\/\/alzira.es\/wp-content\/uploads\/2021\/01\/21012021_anulacio_canvi_estacionament_2-300x300.jpeg 300w, https:\/\/alzira.es\/wp-content\/uploads\/2021\/01\/21012021_anulacio_canvi_estacionament_2-1536x1536.jpeg 1536w, https:\/\/alzira.es\/wp-content\/uploads\/2021\/01\/21012021_anulacio_canvi_estacionament_2-100x100.jpeg 100w\" sizes=\"(max-width: 706px) 89vw, (max-width: 767px) 82vw, 740px\" \/><\/p>\n","protected":false},"excerpt":{"rendered":"<p>C\u00f3mo se inform\u00f3 al inicio de la declaraci\u00f3n del estado de alarma, el cambio mensual de estacionamiento en todo el t\u00e9rmino municipal de Alzira queda anulado hasta nueva orden. Inicialmente estaba previsto volver a efectuar los cambios el pr\u00f3ximo mes de febrero, pero desde la Polic\u00eda Local se informa que, por el momento y hasta &hellip; <\/p>\n<p class=\"link-more\"><a href=\"https:\/\/alzira.es\/es\/continua-l-anul-lacio-del-canvi-d-estacionament-a-alzira\/\" class=\"more-link\">Continuar leyendo<span class=\"screen-reader-text\"> \u00abContin\u00faa la anulaci\u00f3n del cambio de estacionamiento en Alzira\u00bb<\/span><\/a><\/p>\n","protected":false},"author":29,"featured_media":53290,"comment_status":"","ping_status":"","sticky":false,"template":"","format":"standard","meta":{"_acf_changed":false,"footnotes":""},"categories":[4936],"tags":[],"class_list":["post-53292","post","type-post","status-publish","format-standard","has-post-thumbnail","hentry","category-hemeroteca-es"],"acf":[],"_links":{"self":[{"href":"https:\/\/alzira.es\/es\/wp-json\/wp\/v2\/posts\/53292","targetHints":{"allow":["GET"]}}],"collection":[{"href":"https:\/\/alzira.es\/es\/wp-json\/wp\/v2\/posts"}],"about":[{"href":"https:\/\/alzira.es\/es\/wp-json\/wp\/v2\/types\/post"}],"author":[{"embeddable":true,"href":"https:\/\/alzira.es\/es\/wp-json\/wp\/v2\/users\/29"}],"replies":[{"embeddable":true,"href":"https:\/\/alzira.es\/es\/wp-json\/wp\/v2\/comments?post=53292"}],"version-history":[{"count":0,"href":"https:\/\/alzira.es\/es\/wp-json\/wp\/v2\/posts\/53292\/revisions"}],"wp:featuredmedia":[{"embeddable":true,"href":"https:\/\/alzira.es\/es\/wp-json\/wp\/v2\/media\/53290"}],"wp:attachment":[{"href":"https:\/\/alzira.es\/es\/wp-json\/wp\/v2\/media?parent=53292"}],"wp:term":[{"taxonomy":"category","embeddable":true,"href":"https:\/\/alzira.es\/es\/wp-json\/wp\/v2\/categories?post=53292"},{"taxonomy":"post_tag","embeddable":true,"href":"https:\/\/alzira.es\/es\/wp-json\/wp\/v2\/tags?post=53292"}],"curies":[{"name":"wp","href":"https:\/\/api.w.org\/{rel}","templated":true}]}}