{"id":53288,"date":"2021-01-21T12:54:16","date_gmt":"2021-01-21T11:54:16","guid":{"rendered":"https:\/\/alzira.es\/continuen-les-xifres-de-record-a-la-ribera\/"},"modified":"2021-01-21T12:54:16","modified_gmt":"2021-01-21T11:54:16","slug":"continuen-les-xifres-de-record-a-la-ribera","status":"publish","type":"post","link":"https:\/\/alzira.es\/es\/continuen-les-xifres-de-record-a-la-ribera\/","title":{"rendered":"Contin\u00faan las cifras de r\u00e9cord en la Ribera"},"content":{"rendered":"<h3>Actualizaci\u00f3n de datos COVID<br \/>\u2022 1645 casos por cada 100.000 habitantes a Alzira<\/h3>\n<p>La reuni\u00f3n semanal de Salud P\u00fablica con los representantes de los diferentes municipios de la Ribera ha confirmado la tendencia creciente de casos.<em> \u00abDesgraciadamente, una semana m\u00e1s contin\u00faan las cifras de r\u00e9cord, en nuestra comarca\u00bb<\/em> ha comentado el alcalde, <strong>Diego G\u00f3mez<\/strong>.<\/p>\n<p>La mayor parte de los municipios supera los 1000 casos por cada 100.000 habitantes. En los \u00faltimos 7 d\u00edas, en Alzira hemos pasado de 1190 a <strong>1645 casos por cada 100.000 habitantes<\/strong>. En total tenemos 732 casos activos, en los \u00faltimos tres d\u00edas 144 positivos nuevos.<\/p>\n<p>El alcalde, <strong>Diego G\u00f3mez<\/strong>, y la regidora de Sanidad, <strong>Gemma Al\u00f3s<\/strong>, han asistido a la reuni\u00f3n donde han explicado que la situaci\u00f3n es complicada a la Ribera. <em>\u00abEl Departamento de Salud nos ha explicado que con estos datos el hospital ha tenido que adaptarse en sus protocolos y que a estas alturas est\u00e1n deriv\u00e1ndose casos no COVID en otros hospitales\u00bb<\/em>, ha explicado la regidora de sanidad Gemma Al\u00f3s.<\/p>\n<p>\u00abPedimos a toda la ciudadan\u00eda que sigan rigurosamente las medidas decretadas por la Generalitat.<strong> Los municipios de la comarca pasan los 7000 casos activos. Tenemos que reducir el contacto social, que es la causa de la mayor parte de los brotes, que nos quedemos en casa y no salimos si no es estrictamente necesario. Si no lo hacemos as\u00ed dif\u00edcilmente vamos a superar esta situaci\u00f3n mala y complicada<\/strong>\u00bb ha explicado G\u00f3mez.<\/p>\n<p>En cuanto a las vacunaciones ya se ha empezado a suministrar la segunda dosis de la vacuna en las residencias.<\/p>\n<p><strong>Medidas auton\u00f3micas<\/strong><br \/>La Generalitat anunci\u00f3 medidas auton\u00f3micas que han entrado en vigor hoy y estar\u00e1n vigentes hasta el 3 de febrero.<br \/>\u2022 Cierre de toda la hosteler\u00eda de la Comunidad Valenciana. Solo se permitir\u00e1 el servicio de comida para llevar, sea distribuido al local o por repartidores.<br \/>\u2022 Cierre del comercio a partir de las 18 h de la tarde a excepci\u00f3n los establecimientos de alimentaci\u00f3n, farmacias y los esenciales.<br \/>\u2022 Cierre de todas las instalaciones deportivas, excepto las destinadas a entrenamiento y competiciones de nivel nacional e internacional.<br \/>\u2022 El resto de restricciones en vigor (como el perimetraje auton\u00f3mico o el m\u00e1ximo de 6 personas en las reuniones) contin\u00faan vigentes hasta el 31 de enero.<\/p>\n<p><strong>En el \u00e1mbito local:<\/strong><\/p>\n<p>\u2022 La Biblioteca Municipal modifica el horario para pr\u00e9stamo de libros, de lunes a viernes de 9 a 18 horas ininterrumpidamente y s\u00e1bado de 10 a 13,30<br \/>\u2022 Cierre de parques, jardines y zonas de juego infantiles de nuestra ciudad.<br \/>\u2022 Suspensi\u00f3n actividades culturales, de ocio espect\u00e1culos y juventud programadas.<br \/>\u2022 La actividad acad\u00e9mica (escuelas, institutos y EPA), contin\u00faa con normalidad.<br \/>\u2022 Recordamos que los parajes municipales de la Murta y la Casella contin\u00faan abiertos al p\u00fablico con cita previa y control de aforo.<\/p>\n<p><img fetchpriority=\"high\" decoding=\"async\" class=\" size-full wp-image-53286\" style=\"display: block; margin-left: auto; margin-right: auto;\" src=\"https:\/\/alzira.es\/wp-content\/uploads\/2021\/01\/21012021_dades_covid.R.jpeg\" alt=\"21012021 dades covid.R\" width=\"1200\" height=\"900\" srcset=\"https:\/\/alzira.es\/wp-content\/uploads\/2021\/01\/21012021_dades_covid.R.jpeg 1600w, https:\/\/alzira.es\/wp-content\/uploads\/2021\/01\/21012021_dades_covid.R-680x510.jpeg 680w, https:\/\/alzira.es\/wp-content\/uploads\/2021\/01\/21012021_dades_covid.R-1430x1072.jpeg 1430w, https:\/\/alzira.es\/wp-content\/uploads\/2021\/01\/21012021_dades_covid.R-768x576.jpeg 768w, https:\/\/alzira.es\/wp-content\/uploads\/2021\/01\/21012021_dades_covid.R-1536x1152.jpeg 1536w\" sizes=\"(max-width: 706px) 89vw, (max-width: 767px) 82vw, 740px\" \/><\/p>\n<p class=\"MsoNormal\"><strong style=\"mso-bidi-font-weight: normal;\"><span style=\"font-size: 14.0pt; line-height: 150%;\" lang=\"CA\">Actualitzaci\u00f3 de dades COVID <\/span><\/strong><\/p>\n<p>&nbsp;<\/p>\n","protected":false},"excerpt":{"rendered":"<p>Actualizaci\u00f3n de datos COVID\u2022 1645 casos por cada 100.000 habitantes a Alzira La reuni\u00f3n semanal de Salud P\u00fablica con los representantes de los diferentes municipios de la Ribera ha confirmado la tendencia creciente de casos. \u00abDesgraciadamente, una semana m\u00e1s contin\u00faan las cifras de r\u00e9cord, en nuestra comarca\u00bb ha comentado el alcalde, Diego G\u00f3mez. La mayor &hellip; <\/p>\n<p class=\"link-more\"><a href=\"https:\/\/alzira.es\/es\/continuen-les-xifres-de-record-a-la-ribera\/\" class=\"more-link\">Continuar leyendo<span class=\"screen-reader-text\"> \u00abContin\u00faan las cifras de r\u00e9cord en la Ribera\u00bb<\/span><\/a><\/p>\n","protected":false},"author":29,"featured_media":53286,"comment_status":"","ping_status":"","sticky":false,"template":"","format":"standard","meta":{"_acf_changed":false,"footnotes":""},"categories":[4936],"tags":[],"class_list":["post-53288","post","type-post","status-publish","format-standard","has-post-thumbnail","hentry","category-hemeroteca-es"],"acf":[],"_links":{"self":[{"href":"https:\/\/alzira.es\/es\/wp-json\/wp\/v2\/posts\/53288","targetHints":{"allow":["GET"]}}],"collection":[{"href":"https:\/\/alzira.es\/es\/wp-json\/wp\/v2\/posts"}],"about":[{"href":"https:\/\/alzira.es\/es\/wp-json\/wp\/v2\/types\/post"}],"author":[{"embeddable":true,"href":"https:\/\/alzira.es\/es\/wp-json\/wp\/v2\/users\/29"}],"replies":[{"embeddable":true,"href":"https:\/\/alzira.es\/es\/wp-json\/wp\/v2\/comments?post=53288"}],"version-history":[{"count":0,"href":"https:\/\/alzira.es\/es\/wp-json\/wp\/v2\/posts\/53288\/revisions"}],"wp:featuredmedia":[{"embeddable":true,"href":"https:\/\/alzira.es\/es\/wp-json\/wp\/v2\/media\/53286"}],"wp:attachment":[{"href":"https:\/\/alzira.es\/es\/wp-json\/wp\/v2\/media?parent=53288"}],"wp:term":[{"taxonomy":"category","embeddable":true,"href":"https:\/\/alzira.es\/es\/wp-json\/wp\/v2\/categories?post=53288"},{"taxonomy":"post_tag","embeddable":true,"href":"https:\/\/alzira.es\/es\/wp-json\/wp\/v2\/tags?post=53288"}],"curies":[{"name":"wp","href":"https:\/\/api.w.org\/{rel}","templated":true}]}}