{"id":53285,"date":"2021-01-20T14:54:03","date_gmt":"2021-01-20T13:54:03","guid":{"rendered":"https:\/\/alzira.es\/alzira-rebra-ajudes-de-la-conselleria-en-materia-de-comerc-i-consum-2\/"},"modified":"2021-01-20T14:54:03","modified_gmt":"2021-01-20T13:54:03","slug":"alzira-rebra-ajudes-de-la-conselleria-en-materia-de-comerc-i-consum-2","status":"publish","type":"post","link":"https:\/\/alzira.es\/es\/alzira-rebra-ajudes-de-la-conselleria-en-materia-de-comerc-i-consum-2\/","title":{"rendered":"Alzira rebr\u00e0 ajudes de la conselleria en mat\u00e8ria de comer\u00e7 i consum"},"content":{"rendered":"<h3>\u2022 L&#8217;alcalde valora molt positivament la reuni\u00f3 amb la directora general de Comer\u00e7, Artesania i Consum, Rosa Ana Segu\u00ed i avan\u00e7a les possibilitats que oferiran les ajudes per a la nostra ciutat<\/h3>\n<p>La Conselleria d&#8217;Economia Sostenible, Sectors Productius, Comer\u00e7 i Treball rellan\u00e7a, amb car\u00e0cter urgent, la convocat\u00f2ria d&#8217;ajudes a les quals por optar-hi l&#8217;Ajuntament d&#8217;Alzira. En la reuni\u00f3 que ha mantingut hui l&#8217;alcalde Diego G\u00f3mez amb la directora general de Comer\u00e7, Artesania i Consum, Rosa Ana Segu\u00ed, s&#8217;han posat damunt la taula les ajudes que s&#8217;articulen al voltant de les \u00e0rees de comer\u00e7 i consum amb motiu de la situaci\u00f3 socioecon\u00f2mica que est\u00e0 causant la COVID i que beneficien a les PIME comercials i artesanes, ajuntaments i entitats locals interm\u00e8dies dirigides a refor\u00e7ar la competitivitat del comer\u00e7 i l&#8217;artesania.<\/p>\n<p>Segons ha destacat l&#8217;alcalde d&#8217;Alzira, <strong>Diego G\u00f3mez<\/strong>, aquesta l\u00ednia serviria per ajudar a les PIME i aut\u00f2noms de manera directa i indirecta amb punts concrets, com ara la implantaci\u00f3 del comer\u00e7 electr\u00f2nic, el lloguer dels locals comercials, l&#8217;equipament necessari per al desenvolupament de l&#8217;activitat, projectes empresarials de nova creaci\u00f3, aix\u00ed com per a l&#8217;adquisici\u00f3 de vehicles per al comer\u00e7, entre d&#8217;altres.<\/p>\n<p>En la reuni\u00f3 que ha mantingut este mat\u00ed amb la directora general de Comer\u00e7, Artesania i Consum, <strong>Rosa Ana Segu\u00ed<\/strong>, l&#8217;alcalde de la ciutat ha reiterat les possibilitats de gesti\u00f3 d&#8217;aquestes ajudes de qu\u00e8 disposa l&#8217;Ajuntament d&#8217;Alzira mitjan\u00e7ant l&#8217;Ag\u00e8ncia de Comer\u00e7 integrada en la xarxa AFIC (Ag\u00e8ncies per al Foment de la Innovaci\u00f3 Comercial) en qu\u00e8 hi participa l&#8217;administraci\u00f3 i els comerciants i les seues organitzacions representats.<\/p>\n<p>A banda de les ajudes directes al comer\u00e7, la nostra ciutat podria rebre ajudes que completarien els esfor\u00e7os que estan duent-se endavant en esdeveniments com ara la Setmana de l&#8217;Economia o les jornades formatives dirigides al sector. L&#8217;alcalde <strong>Diego G\u00f3mez<\/strong> ha agra\u00eft la decisi\u00f3 de la Conselleria d&#8217;ampliar estes mesures en el comer\u00e7 perqu\u00e8 segons assegura, <em>\u00ables possibilitats i recursos de que disposem a nivell municipal s\u00f3n els que s\u00f3n i ajudes des de l&#8217;administraci\u00f3 auton\u00f2mica s\u00f3n decisives per a donar una millor resposta a la nostra ciutadania\u00bb<\/em>.<\/p>\n<p>Les ajudes poden sol\u00b7licitar-se fins l&#8217;1 de febrer. Enlla\u00e7 a la seua publicaci\u00f3 al <a href=\"http:\/\/www.dogv.gva.es\/datos\/2020\/12\/17\/pdf\/2020_10848.pdf\" target=\"_blank\" rel=\"noopener\"><strong>DOGV<\/strong><\/a><\/p>\n<p><strong>REUNI\u00d3 AMB EL CONSELL DE COMER\u00c7<\/strong><\/p>\n<p>Seguint en esta l\u00ednia, aquesta vesprada es reunir\u00e0 el Consell de Comer\u00e7 d&#8217;Alzira per tal de valorar el resultats de les campanyes de 2020 i fer propostes per a 2021, aix\u00ed com per a aclarir dubtes sobre les mesures restrictives que s&#8217;han decretat a causa de la pand\u00e8mia. Membres de l&#8217;equip de govern, de l&#8217;oposici\u00f3, juntament amb t\u00e8cnics d&#8217;IDEA i representants de les principals \u00e0rees comercials, assistiran a esta reuni\u00f3.<\/p>\n<p style=\"text-align: center;\"><img fetchpriority=\"high\" decoding=\"async\" class=\" size-full wp-image-53282\" src=\"https:\/\/alzira.es\/wp-content\/uploads\/2021\/01\/WhatsApp_Image_2021-01-20_at_14.21.53_1.jpeg\" alt=\"WhatsApp Image 2021-01-20 at 14.21.53 1\" width=\"1000\" height=\"751\" srcset=\"https:\/\/alzira.es\/wp-content\/uploads\/2021\/01\/WhatsApp_Image_2021-01-20_at_14.21.53_1.jpeg 1600w, https:\/\/alzira.es\/wp-content\/uploads\/2021\/01\/WhatsApp_Image_2021-01-20_at_14.21.53_1-680x510.jpeg 680w, https:\/\/alzira.es\/wp-content\/uploads\/2021\/01\/WhatsApp_Image_2021-01-20_at_14.21.53_1-1428x1072.jpeg 1428w, https:\/\/alzira.es\/wp-content\/uploads\/2021\/01\/WhatsApp_Image_2021-01-20_at_14.21.53_1-768x576.jpeg 768w, https:\/\/alzira.es\/wp-content\/uploads\/2021\/01\/WhatsApp_Image_2021-01-20_at_14.21.53_1-1536x1153.jpeg 1536w\" sizes=\"(max-width: 706px) 89vw, (max-width: 767px) 82vw, 740px\" \/><\/p>\n<p>&nbsp;<\/p>\n","protected":false},"excerpt":{"rendered":"<p>\u2022 L&#8217;alcalde valora molt positivament la reuni\u00f3 amb la directora general de Comer\u00e7, Artesania i Consum, Rosa Ana Segu\u00ed i avan\u00e7a les possibilitats que oferiran les ajudes per a la nostra ciutat La Conselleria d&#8217;Economia Sostenible, Sectors Productius, Comer\u00e7 i Treball rellan\u00e7a, amb car\u00e0cter urgent, la convocat\u00f2ria d&#8217;ajudes a les quals por optar-hi l&#8217;Ajuntament d&#8217;Alzira. &hellip; <\/p>\n<p class=\"link-more\"><a href=\"https:\/\/alzira.es\/es\/alzira-rebra-ajudes-de-la-conselleria-en-materia-de-comerc-i-consum-2\/\" class=\"more-link\">Continuar leyendo<span class=\"screen-reader-text\"> \u00abAlzira rebr\u00e0 ajudes de la conselleria en mat\u00e8ria de comer\u00e7 i consum\u00bb<\/span><\/a><\/p>\n","protected":false},"author":29,"featured_media":53282,"comment_status":"","ping_status":"","sticky":false,"template":"","format":"standard","meta":{"_acf_changed":false,"footnotes":""},"categories":[],"tags":[],"class_list":["post-53285","post","type-post","status-publish","format-standard","has-post-thumbnail","hentry"],"acf":[],"_links":{"self":[{"href":"https:\/\/alzira.es\/es\/wp-json\/wp\/v2\/posts\/53285","targetHints":{"allow":["GET"]}}],"collection":[{"href":"https:\/\/alzira.es\/es\/wp-json\/wp\/v2\/posts"}],"about":[{"href":"https:\/\/alzira.es\/es\/wp-json\/wp\/v2\/types\/post"}],"author":[{"embeddable":true,"href":"https:\/\/alzira.es\/es\/wp-json\/wp\/v2\/users\/29"}],"replies":[{"embeddable":true,"href":"https:\/\/alzira.es\/es\/wp-json\/wp\/v2\/comments?post=53285"}],"version-history":[{"count":0,"href":"https:\/\/alzira.es\/es\/wp-json\/wp\/v2\/posts\/53285\/revisions"}],"wp:featuredmedia":[{"embeddable":true,"href":"https:\/\/alzira.es\/es\/wp-json\/wp\/v2\/media\/53282"}],"wp:attachment":[{"href":"https:\/\/alzira.es\/es\/wp-json\/wp\/v2\/media?parent=53285"}],"wp:term":[{"taxonomy":"category","embeddable":true,"href":"https:\/\/alzira.es\/es\/wp-json\/wp\/v2\/categories?post=53285"},{"taxonomy":"post_tag","embeddable":true,"href":"https:\/\/alzira.es\/es\/wp-json\/wp\/v2\/tags?post=53285"}],"curies":[{"name":"wp","href":"https:\/\/api.w.org\/{rel}","templated":true}]}}