{"id":53281,"date":"2021-01-20T14:28:00","date_gmt":"2021-01-20T13:28:00","guid":{"rendered":"https:\/\/alzira.es\/la-policia-local-d-alzira-actua-contra-la-venda-il-legal-de-tabac-al-municipi-2\/"},"modified":"2021-01-20T14:28:00","modified_gmt":"2021-01-20T13:28:00","slug":"la-policia-local-d-alzira-actua-contra-la-venda-il-legal-de-tabac-al-municipi-2","status":"publish","type":"post","link":"https:\/\/alzira.es\/es\/la-policia-local-d-alzira-actua-contra-la-venda-il-legal-de-tabac-al-municipi-2\/","title":{"rendered":"La Policia Local d\u2019Alzira actua contra la venda il\u2022legal de tabac al municipi"},"content":{"rendered":"<p>Ahir 19 de gener, <strong>la Policia Local d&#8217;Alzira va portar a terme una actuaci\u00f3 per a la intervenci\u00f3 de material de venda il\u00b7legal de tabac<\/strong> a un domicili d&#8217;Alzira.<\/p>\n<p>Els fets van oc\u00f3rrer a les 19 hores, quan els agents realitzaven el servei de vigil\u00e0ncia per la zona de Tulell. En detectar un grup de joves que no estava respectant les mesures restrictives posades en marxa per la pand\u00e8mia, els agents procediren a informar-los de les mateixes i, en eixe moment, observaren que tots estaven fumant cigarrets d&#8217;una bossa de pl\u00e0stic amb tancament herm\u00e8tic.<\/p>\n<p>En ser preguntats, els joves van informar els agents que es tractava de cigarrets de tabac d&#8217;embolicar que compraven a un domicili del municipi d&#8217;Alzira. Aix\u00ed doncs, la Policia Local es va dirigir a l&#8217;adre\u00e7a aproximada facilitada per tal de comprovar este possible delicte.<\/p>\n<p><em>\u00abHem d&#8217;agrair les acertades dilig\u00e8ncies dels nostres agents per tal de traslladar els fets a la unitat fiscal de Gu\u00e0rdia Civil. Una vegada m\u00e9s donem les gr\u00e0cies a la col\u2022laboraci\u00f3 ciutadana que s\u00f3n determinants a l&#8217;hora d&#8217;aturar estes conductes\u00bb<\/em>, ha explicat la regidora de seguretat <strong>Sara Gar\u00e9s<\/strong>.<\/p>\n<p>L&#8217;operatiu es va tancar amb la confessi\u00f3 de l&#8217;autora dels fets, qui, despr\u00e9s de ser preguntada reiteradament, va lliurar volunt\u00e0riament als agents 22 bosses de pl\u00e0stic amb 1 quilo cadascuna de tabac triturat per a embolicar, 15 bosses amb 19 cigarrets embolicats i la m\u00e0quina per a enrotllar-los. Estes bosses que contenien els cigarrets les venia de manera clandestina a un preu de 2 euros.<\/p>\n<p style=\"text-align: center;\"><img fetchpriority=\"high\" decoding=\"async\" class=\" size-full wp-image-53274\" src=\"https:\/\/alzira.es\/wp-content\/uploads\/2021\/01\/20210119_202509.jpg\" alt=\"20210119 202509\" width=\"1000\" height=\"750\" \/><\/p>\n<p style=\"text-align: center;\"><img decoding=\"async\" class=\"size-full wp-image-53276 lazyload\" data-src=\"https:\/\/alzira.es\/wp-content\/uploads\/2021\/01\/20210119_210146.jpg\" alt=\"20210119 210146\" width=\"500\" height=\"647\" src=\"data:image\/svg+xml;base64,PHN2ZyB3aWR0aD0iMSIgaGVpZ2h0PSIxIiB4bWxucz0iaHR0cDovL3d3dy53My5vcmcvMjAwMC9zdmciPjwvc3ZnPg==\" style=\"--smush-placeholder-width: 500px; --smush-placeholder-aspect-ratio: 500\/647;\" \/>&nbsp;<img decoding=\"async\" class=\"size-full wp-image-53278 lazyload\" data-src=\"https:\/\/alzira.es\/wp-content\/uploads\/2021\/01\/20210119_210904.jpg\" alt=\"20210119 210904\" width=\"500\" height=\"533\" src=\"data:image\/svg+xml;base64,PHN2ZyB3aWR0aD0iMSIgaGVpZ2h0PSIxIiB4bWxucz0iaHR0cDovL3d3dy53My5vcmcvMjAwMC9zdmciPjwvc3ZnPg==\" style=\"--smush-placeholder-width: 500px; --smush-placeholder-aspect-ratio: 500\/533;\" \/><\/p>\n","protected":false},"excerpt":{"rendered":"<p>Ahir 19 de gener, la Policia Local d&#8217;Alzira va portar a terme una actuaci\u00f3 per a la intervenci\u00f3 de material de venda il\u00b7legal de tabac a un domicili d&#8217;Alzira. Els fets van oc\u00f3rrer a les 19 hores, quan els agents realitzaven el servei de vigil\u00e0ncia per la zona de Tulell. En detectar un grup de &hellip; <\/p>\n<p class=\"link-more\"><a href=\"https:\/\/alzira.es\/es\/la-policia-local-d-alzira-actua-contra-la-venda-il-legal-de-tabac-al-municipi-2\/\" class=\"more-link\">Continuar leyendo<span class=\"screen-reader-text\"> \u00abLa Policia Local d\u2019Alzira actua contra la venda il\u2022legal de tabac al municipi\u00bb<\/span><\/a><\/p>\n","protected":false},"author":29,"featured_media":53274,"comment_status":"","ping_status":"","sticky":false,"template":"","format":"standard","meta":{"_acf_changed":false,"footnotes":""},"categories":[],"tags":[],"class_list":["post-53281","post","type-post","status-publish","format-standard","has-post-thumbnail","hentry"],"acf":[],"_links":{"self":[{"href":"https:\/\/alzira.es\/es\/wp-json\/wp\/v2\/posts\/53281","targetHints":{"allow":["GET"]}}],"collection":[{"href":"https:\/\/alzira.es\/es\/wp-json\/wp\/v2\/posts"}],"about":[{"href":"https:\/\/alzira.es\/es\/wp-json\/wp\/v2\/types\/post"}],"author":[{"embeddable":true,"href":"https:\/\/alzira.es\/es\/wp-json\/wp\/v2\/users\/29"}],"replies":[{"embeddable":true,"href":"https:\/\/alzira.es\/es\/wp-json\/wp\/v2\/comments?post=53281"}],"version-history":[{"count":0,"href":"https:\/\/alzira.es\/es\/wp-json\/wp\/v2\/posts\/53281\/revisions"}],"wp:featuredmedia":[{"embeddable":true,"href":"https:\/\/alzira.es\/es\/wp-json\/wp\/v2\/media\/53274"}],"wp:attachment":[{"href":"https:\/\/alzira.es\/es\/wp-json\/wp\/v2\/media?parent=53281"}],"wp:term":[{"taxonomy":"category","embeddable":true,"href":"https:\/\/alzira.es\/es\/wp-json\/wp\/v2\/categories?post=53281"},{"taxonomy":"post_tag","embeddable":true,"href":"https:\/\/alzira.es\/es\/wp-json\/wp\/v2\/tags?post=53281"}],"curies":[{"name":"wp","href":"https:\/\/api.w.org\/{rel}","templated":true}]}}