{"id":53280,"date":"2021-01-20T14:28:00","date_gmt":"2021-01-20T13:28:00","guid":{"rendered":"https:\/\/alzira.es\/la-policia-local-d-alzira-actua-contra-la-venda-il-legal-de-tabac-al-municipi\/"},"modified":"2021-09-01T20:34:07","modified_gmt":"2021-09-01T18:34:07","slug":"la-policia-local-d-alzira-actua-contra-la-venda-il-legal-de-tabac-al-municipi","status":"publish","type":"post","link":"https:\/\/alzira.es\/es\/la-policia-local-d-alzira-actua-contra-la-venda-il-legal-de-tabac-al-municipi\/","title":{"rendered":"La Polic\u00eda Local de Alzira act\u00faa contra la venta ilegal de tabaco en el municipio"},"content":{"rendered":"<p>Ayer 19 de enero, <strong>la Polic\u00eda Local de Alzira llev\u00f3 a cabo una actuaci\u00f3n para la intervenci\u00f3n de material de venta ilegal de tabaco<\/strong> a un domicilio de Alzira.<\/p>\n<p>Los hechos ocurrieron a las 19 horas, cuando los agentes realizaban el servicio de vigilancia por la zona de Tulell. Al detectar un grupo de j\u00f3venes que no estaba respetando las medidas restrictivas puestas en marcha por la pandemia, los agentes procedieron a informarlos de las mismas y, en ese momento, observaron que todos estaban fumando cigarrillos de una bolsa de pl\u00e1stico con cierre herm\u00e9tico.<\/p>\n<p>Al ser preguntados, los j\u00f3venes informaron los agentes que se trataba de cigarrillos de tabaco de envolver que compraban en un domicilio del municipio de Alzira. As\u00ed pues, la Polic\u00eda Local se dirigi\u00f3 a la direcci\u00f3n aproximada facilitada para comprobar este posible delito.<\/p>\n<p><em>\u00abTenemos que agradecer las acertadas diligencias de nuestros agentes para trasladar los hechos a la unidad fiscal de Guardia Civil. Una vez m\u00e1s damos las gracias a la colaboraci\u00f3n ciudadana que son determinantes a la hora de parar estas conductas\u00bb<\/em>, ha explicado la regidora de seguridad <strong>Sara Gar\u00e9s<\/strong>.<\/p>\n<p>El operativo se cerr\u00f3 con la confesi\u00f3n de la autora de los hechos, quienes, despu\u00e9s de ser preguntada reiteradamente, libr\u00f3 voluntariamente a los agentes 22 bolsas de pl\u00e1stico con 1 kilo cada una de tabaco triturado para envolver, 15 bolsas con 19 cigarrillos envueltos y la m\u00e1quina para enrollarlos. Estas bolsas que conten\u00edan los cigarrillos las vend\u00eda de manera clandestina a un precio de 2 euros.<\/p>\n<p style=\"text-align: center;\"><img fetchpriority=\"high\" decoding=\"async\" class=\" size-full wp-image-53274\" src=\"https:\/\/alzira.es\/wp-content\/uploads\/2021\/01\/20210119_202509.jpg\" alt=\"20210119 202509\" width=\"1000\" height=\"750\"><\/p>\n<p style=\"text-align: center;\"><img decoding=\"async\" class=\"size-full wp-image-53276 lazyload\" data-src=\"https:\/\/alzira.es\/wp-content\/uploads\/2021\/01\/20210119_210146.jpg\" alt=\"20210119 210146\" width=\"500\" height=\"647\" src=\"data:image\/svg+xml;base64,PHN2ZyB3aWR0aD0iMSIgaGVpZ2h0PSIxIiB4bWxucz0iaHR0cDovL3d3dy53My5vcmcvMjAwMC9zdmciPjwvc3ZnPg==\" style=\"--smush-placeholder-width: 500px; --smush-placeholder-aspect-ratio: 500\/647;\">&nbsp;<img decoding=\"async\" class=\"size-full wp-image-53278 lazyload\" data-src=\"https:\/\/alzira.es\/wp-content\/uploads\/2021\/01\/20210119_210904.jpg\" alt=\"20210119 210904\" width=\"500\" height=\"533\" src=\"data:image\/svg+xml;base64,PHN2ZyB3aWR0aD0iMSIgaGVpZ2h0PSIxIiB4bWxucz0iaHR0cDovL3d3dy53My5vcmcvMjAwMC9zdmciPjwvc3ZnPg==\" style=\"--smush-placeholder-width: 500px; --smush-placeholder-aspect-ratio: 500\/533;\"><\/p>\n","protected":false},"excerpt":{"rendered":"<p>Ayer 19 de enero, la Polic\u00eda Local de Alzira llev\u00f3 a cabo una actuaci\u00f3n para la intervenci\u00f3n de material de venta ilegal de tabaco a un domicilio de Alzira. Los hechos ocurrieron a las 19 horas, cuando los agentes realizaban el servicio de vigilancia por la zona de Tulell. Al detectar un grupo de j\u00f3venes &hellip; <\/p>\n<p class=\"link-more\"><a href=\"https:\/\/alzira.es\/es\/la-policia-local-d-alzira-actua-contra-la-venda-il-legal-de-tabac-al-municipi\/\" class=\"more-link\">Continuar leyendo<span class=\"screen-reader-text\"> \u00abLa Polic\u00eda Local de Alzira act\u00faa contra la venta ilegal de tabaco en el municipio\u00bb<\/span><\/a><\/p>\n","protected":false},"author":29,"featured_media":53274,"comment_status":"closed","ping_status":"closed","sticky":false,"template":"","format":"standard","meta":{"_acf_changed":false,"footnotes":""},"categories":[4936],"tags":[],"class_list":["post-53280","post","type-post","status-publish","format-standard","has-post-thumbnail","hentry","category-hemeroteca-es"],"acf":[],"_links":{"self":[{"href":"https:\/\/alzira.es\/es\/wp-json\/wp\/v2\/posts\/53280","targetHints":{"allow":["GET"]}}],"collection":[{"href":"https:\/\/alzira.es\/es\/wp-json\/wp\/v2\/posts"}],"about":[{"href":"https:\/\/alzira.es\/es\/wp-json\/wp\/v2\/types\/post"}],"author":[{"embeddable":true,"href":"https:\/\/alzira.es\/es\/wp-json\/wp\/v2\/users\/29"}],"replies":[{"embeddable":true,"href":"https:\/\/alzira.es\/es\/wp-json\/wp\/v2\/comments?post=53280"}],"version-history":[{"count":1,"href":"https:\/\/alzira.es\/es\/wp-json\/wp\/v2\/posts\/53280\/revisions"}],"predecessor-version":[{"id":88019,"href":"https:\/\/alzira.es\/es\/wp-json\/wp\/v2\/posts\/53280\/revisions\/88019"}],"wp:featuredmedia":[{"embeddable":true,"href":"https:\/\/alzira.es\/es\/wp-json\/wp\/v2\/media\/53274"}],"wp:attachment":[{"href":"https:\/\/alzira.es\/es\/wp-json\/wp\/v2\/media?parent=53280"}],"wp:term":[{"taxonomy":"category","embeddable":true,"href":"https:\/\/alzira.es\/es\/wp-json\/wp\/v2\/categories?post=53280"},{"taxonomy":"post_tag","embeddable":true,"href":"https:\/\/alzira.es\/es\/wp-json\/wp\/v2\/tags?post=53280"}],"curies":[{"name":"wp","href":"https:\/\/api.w.org\/{rel}","templated":true}]}}